{"id":61505,"date":"2017-04-08T22:50:46","date_gmt":"2017-04-09T01:50:46","guid":{"rendered":"http:\/\/www.hoymercedes.com.ar\/principal\/?p=61505"},"modified":"2017-04-08T20:57:00","modified_gmt":"2017-04-08T23:57:00","slug":"curso-intensivo-para-educadores-en-artes-y-particulares","status":"publish","type":"post","link":"https:\/\/www.hoymercedes.com.ar\/principal\/2017\/04\/08\/curso-intensivo-para-educadores-en-artes-y-particulares\/","title":{"rendered":"Curso Intensivo para Educadores en Artes y particulares"},"content":{"rendered":"<p>A partir del lunes 10 de abril, abrir\u00e1n las inscripciones para un nuevo curso en el Museo de Arte Municipalidad de Mercedes. Con modalidad intensiva, \u00abMaestros y ni\u00f1os en el Museo. Mucho m\u00e1s que aprender Artes Visuales\u00bb es una propuesta de la Prof. y Lic. Patricia Berdichevsky que intenta brindar las herramientas para que los asistentes puedan construir y profundizar sus conocimientos sobre el arte argentino, la apreciaci\u00f3n art\u00edstica y la comprensi\u00f3n de los hechos art\u00edsticos como mediadores de significados y valores culturales.<\/p>\n<p>As\u00ed tambi\u00e9n se intenta que los mismos incorporen el trabajo con obras art\u00edsticas en sus pr\u00e1cticas docentes y al Museo como espacio posible de ense\u00f1anza y de aprendizaje. Esto les permitir\u00e1 dise\u00f1ar e implementar propuestas did\u00e1cticas que incluyan al museo de arte y a las obras art\u00edsticas tanto en el escenario escolar como en el del museo.<\/p>\n<p>Este taller abordar\u00eda interrogantes como:<\/p>\n<p>\u00bfC\u00f3mo proyectar la experiencia?<br \/>\n\u00bfC\u00f3mo continuarla en el \u00e1mbito escolar?<br \/>\n\u00bfC\u00f3mo abordarla desde m\u00faltiples miradas?<br \/>\n\u00bfC\u00f3mo promover, construir y desplegar\u00a0 la mirada sensible y cr\u00edtica?<br \/>\n\u00bfC\u00f3mo articular las instancias de apreciaci\u00f3n con las de producci\u00f3n?<br \/>\n\u00bfC\u00f3mo se ense\u00f1a a mirar?<br \/>\n\u00bfQu\u00e9 actividades son pertinentes seg\u00fan los enfoques educativos actuales?<br \/>\n\u00bf de qu\u00e9 modo se incluye la visita en las secuencias de actividades de los distintos niveles?<br \/>\nEs un taller para todos los niveles de educaci\u00f3n y para todas las materias y modalidades, que brindar\u00e1 herramientas para trabajar con el museo de una manera enriquecedora.<\/p>\n<p>Los d\u00edas pautados para el encuentro ser\u00e1n viernes\u00a028 de abril (de 18 a 21 hs) y s\u00e1bado\u00a029 de abril (de 9 a 12 y de 13 a 16 hs) .<\/p>\n<p>Valor $100.<\/p>\n<p>La inscripci\u00f3n se realizar\u00e1 hasta el mismo viernes\u00a0\u00a028 &#8211; Cupos limitados.<\/p>\n<p>Tel. (02324) 435368<\/p>\n<p>Fuente; MAMM<\/p>\n","protected":false},"excerpt":{"rendered":"<p>A partir del lunes 10 de abril, abrir\u00e1n las inscripciones para un nuevo curso en el Museo de Arte Municipalidad &#8230; <a title=\"Curso Intensivo para Educadores en Artes y particulares\" class=\"read-more\" href=\"https:\/\/www.hoymercedes.com.ar\/principal\/2017\/04\/08\/curso-intensivo-para-educadores-en-artes-y-particulares\/\" aria-label=\"Leer m\u00e1s sobre Curso Intensivo para Educadores en Artes y particulares\">Leer m\u00e1s<\/a><\/p>\n","protected":false},"author":1,"featured_media":0,"comment_status":"closed","ping_status":"open","sticky":false,"template":"","format":"standard","meta":{"_monsterinsights_skip_tracking":false,"_monsterinsights_sitenote_active":false,"_monsterinsights_sitenote_note":"","_monsterinsights_sitenote_category":0,"jetpack_post_was_ever_published":false,"_jetpack_newsletter_access":"","_jetpack_dont_email_post_to_subs":false,"_jetpack_newsletter_tier_id":0,"_jetpack_memberships_contains_paywalled_content":false,"_jetpack_memberships_contains_paid_content":false,"footnotes":"","jetpack_publicize_message":"","jetpack_publicize_feature_enabled":true,"jetpack_social_post_already_shared":true,"jetpack_social_options":{"image_generator_settings":{"template":"highway","default_image_id":0,"font":"","enabled":false},"version":2},"_wpas_customize_per_network":false},"categories":[11],"tags":[1550,7805,9282,8674],"class_list":["post-61505","post","type-post","status-publish","format-standard","hentry","category-ciudad","tag-arte","tag-cultura","tag-curso","tag-mamm","generate-columns","tablet-grid-50","mobile-grid-100","grid-parent","grid-50"],"jetpack_publicize_connections":[],"jetpack_featured_media_url":"","wps_subtitle":"En el Museo de Arte","jetpack_sharing_enabled":true,"_links":{"self":[{"href":"https:\/\/www.hoymercedes.com.ar\/principal\/wp-json\/wp\/v2\/posts\/61505","targetHints":{"allow":["GET"]}}],"collection":[{"href":"https:\/\/www.hoymercedes.com.ar\/principal\/wp-json\/wp\/v2\/posts"}],"about":[{"href":"https:\/\/www.hoymercedes.com.ar\/principal\/wp-json\/wp\/v2\/types\/post"}],"author":[{"embeddable":true,"href":"https:\/\/www.hoymercedes.com.ar\/principal\/wp-json\/wp\/v2\/users\/1"}],"replies":[{"embeddable":true,"href":"https:\/\/www.hoymercedes.com.ar\/principal\/wp-json\/wp\/v2\/comments?post=61505"}],"version-history":[{"count":0,"href":"https:\/\/www.hoymercedes.com.ar\/principal\/wp-json\/wp\/v2\/posts\/61505\/revisions"}],"wp:attachment":[{"href":"https:\/\/www.hoymercedes.com.ar\/principal\/wp-json\/wp\/v2\/media?parent=61505"}],"wp:term":[{"taxonomy":"category","embeddable":true,"href":"https:\/\/www.hoymercedes.com.ar\/principal\/wp-json\/wp\/v2\/categories?post=61505"},{"taxonomy":"post_tag","embeddable":true,"href":"https:\/\/www.hoymercedes.com.ar\/principal\/wp-json\/wp\/v2\/tags?post=61505"}],"curies":[{"name":"wp","href":"https:\/\/api.w.org\/{rel}","templated":true}]}}