{"id":61515,"date":"2017-04-08T21:52:17","date_gmt":"2017-04-09T00:52:17","guid":{"rendered":"http:\/\/www.hoymercedes.com.ar\/principal\/?p=61515"},"modified":"2017-04-08T22:09:46","modified_gmt":"2017-04-09T01:09:46","slug":"conmemoracion-de-los-35-anos-de-la-llegada-del-r6-a-malvinas","status":"publish","type":"post","link":"https:\/\/www.hoymercedes.com.ar\/principal\/2017\/04\/08\/conmemoracion-de-los-35-anos-de-la-llegada-del-r6-a-malvinas\/","title":{"rendered":"Conmemoraci\u00f3n de los 35 a\u00f1os de la llegada del R6 a Malvinas"},"content":{"rendered":"<p>Adelant\u00e1ndose a la fecha, el Regimiento de Infanter\u00eda N\u00ba 6 realiz\u00f3 un acto formal al cumplirse los 35 a\u00f1os del desembarco de sus soldados a la Guerra de Malvinas &#8211; ocurrido el 13 de abril de\u00a01982. Como todos los a\u00f1os, el R6 re\u00fane a los ex combatientes en un almuerzo en donde funcionaba &#8211; hoy Gendarmer\u00eda Nacional &#8211; y recuerdan a los ca\u00eddos en combate en el monumento de la plazoleta de avenida 2 y 35.<\/p>\n<p><img loading=\"lazy\" decoding=\"async\" data-attachment-id=\"61517\" data-permalink=\"https:\/\/www.hoymercedes.com.ar\/principal\/2017\/04\/08\/conmemoracion-de-los-35-anos-de-la-llegada-del-r6-a-malvinas\/08-malvinas-acto-r6-2\/#main\" data-orig-file=\"https:\/\/www.hoymercedes.com.ar\/principal\/wp-content\/uploads\/2017\/04\/08-Malvinas-acto-R6-2.jpg\" data-orig-size=\"630,420\" data-comments-opened=\"0\" data-image-meta=\"{&quot;aperture&quot;:&quot;5.6&quot;,&quot;credit&quot;:&quot;&quot;,&quot;camera&quot;:&quot;Canon EOS 60D&quot;,&quot;caption&quot;:&quot;&quot;,&quot;created_timestamp&quot;:&quot;1491652515&quot;,&quot;copyright&quot;:&quot;&quot;,&quot;focal_length&quot;:&quot;18&quot;,&quot;iso&quot;:&quot;400&quot;,&quot;shutter_speed&quot;:&quot;0.004&quot;,&quot;title&quot;:&quot;&quot;,&quot;orientation&quot;:&quot;1&quot;}\" data-image-title=\"08 Malvinas acto R6 2\" data-image-description=\"\" data-image-caption=\"\" data-large-file=\"https:\/\/www.hoymercedes.com.ar\/principal\/wp-content\/uploads\/2017\/04\/08-Malvinas-acto-R6-2.jpg\" class=\"aligncenter size-medium wp-image-61517\" src=\"https:\/\/www.hoymercedes.com.ar\/principal\/wp-content\/uploads\/2017\/04\/08-Malvinas-acto-R6-2-630x420.jpg\" alt=\"\" width=\"630\" height=\"420\" srcset=\"https:\/\/www.hoymercedes.com.ar\/principal\/wp-content\/uploads\/2017\/04\/08-Malvinas-acto-R6-2.jpg 630w, https:\/\/www.hoymercedes.com.ar\/principal\/wp-content\/uploads\/2017\/04\/08-Malvinas-acto-R6-2-150x100.jpg 150w, https:\/\/www.hoymercedes.com.ar\/principal\/wp-content\/uploads\/2017\/04\/08-Malvinas-acto-R6-2-300x200.jpg 300w\" sizes=\"auto, (max-width: 630px) 100vw, 630px\" \/><\/p>\n<p id=\"yui_3_16_0_ym19_1_1491698111625_3004\" class=\"yiv0168515758MsoNormal\">En la ma\u00f1ana de este s\u00e1bado 8 se llev\u00f3 a cabo el acto protocolar que fue mudado al pario de la Gerdamer\u00eda Nacional. El Regimiento de Infanter\u00eda Mecanizado N\u00b06 &#8211;\u00a0que en 1982 estaba en Mercedes &#8211; realiz\u00f3 su homenaje a los ca\u00eddos y reuni\u00f3 a los ex combatientes que hace 35 a\u00f1os llegaban a las Islas Malvinas.<\/p>\n<p id=\"yui_3_16_0_ym19_1_1491698111625_3096\" class=\"yiv0168515758MsoNormal\">Como todos los a\u00f1os, el acto cont\u00f3 con la presencia del entonces Jefe de Regimiento el General Jorge Halperin, el Intendente Juan Ignacio Ustarroz \u00a0e Intendentes de la zona como San Andr\u00e9s de Giles, Juan Puglielli, de Suipacha Alejandro Federico; y de General Rodr\u00edguez Dar\u00edo Kubar. Adem\u00e1s de autoridades militares, de Gendarmer\u00eda, el Presidente del Concejo Deliberante Mat\u00edas Dematei y distintos funcionarios y concejales.<\/p>\n<p class=\"yiv0168515758MsoNormal\">Se entregaron ofrendas florales, se descubri\u00f3 una placa y un mural que dibujaron alumnos de la Escuela de Educaci\u00f3n T\u00e9cnica N\u00aa 1. Se los destac\u00f3 a los cuatro\u00a0alumnos, entreg\u00e1ndoles medalla y diploma, por haber\u00a0ganado el concurso de dibujos propuesto por el Centro de Veteranos de Guerra los que se vieron reflejados a trav\u00e9s del mural inaugurado en el acto.<\/p>\n<p class=\"yiv0168515758MsoNormal\"><img loading=\"lazy\" decoding=\"async\" data-attachment-id=\"61516\" data-permalink=\"https:\/\/www.hoymercedes.com.ar\/principal\/2017\/04\/08\/conmemoracion-de-los-35-anos-de-la-llegada-del-r6-a-malvinas\/08-malvinas-acto-r6-1\/#main\" data-orig-file=\"https:\/\/www.hoymercedes.com.ar\/principal\/wp-content\/uploads\/2017\/04\/08-Malvinas-acto-R6-1.jpg\" data-orig-size=\"630,420\" data-comments-opened=\"0\" data-image-meta=\"{&quot;aperture&quot;:&quot;5.6&quot;,&quot;credit&quot;:&quot;&quot;,&quot;camera&quot;:&quot;Canon EOS 60D&quot;,&quot;caption&quot;:&quot;&quot;,&quot;created_timestamp&quot;:&quot;1491654072&quot;,&quot;copyright&quot;:&quot;&quot;,&quot;focal_length&quot;:&quot;21&quot;,&quot;iso&quot;:&quot;320&quot;,&quot;shutter_speed&quot;:&quot;0.004&quot;,&quot;title&quot;:&quot;&quot;,&quot;orientation&quot;:&quot;1&quot;}\" data-image-title=\"08 Malvinas acto R6 1\" data-image-description=\"\" data-image-caption=\"\" data-large-file=\"https:\/\/www.hoymercedes.com.ar\/principal\/wp-content\/uploads\/2017\/04\/08-Malvinas-acto-R6-1.jpg\" class=\"aligncenter size-medium wp-image-61516\" src=\"https:\/\/www.hoymercedes.com.ar\/principal\/wp-content\/uploads\/2017\/04\/08-Malvinas-acto-R6-1-630x420.jpg\" alt=\"\" width=\"630\" height=\"420\" srcset=\"https:\/\/www.hoymercedes.com.ar\/principal\/wp-content\/uploads\/2017\/04\/08-Malvinas-acto-R6-1.jpg 630w, https:\/\/www.hoymercedes.com.ar\/principal\/wp-content\/uploads\/2017\/04\/08-Malvinas-acto-R6-1-150x100.jpg 150w, https:\/\/www.hoymercedes.com.ar\/principal\/wp-content\/uploads\/2017\/04\/08-Malvinas-acto-R6-1-300x200.jpg 300w\" sizes=\"auto, (max-width: 630px) 100vw, 630px\" \/><\/p>\n<p id=\"yui_3_16_0_ym19_1_1491698111625_3109\" class=\"yiv0168515758MsoNormal\">El acto cerr\u00f3 con un desfile en la plaza de armas, integrado por todos los ex combatientes presentes.<\/p>\n<p class=\"yiv0168515758MsoNormal\">\n<div id=\"yui_3_16_0_ym19_1_1491698111625_3128\">Fuente; Prensa Municipal<\/div>\n<p>&nbsp;<\/p>\n","protected":false},"excerpt":{"rendered":"<p>Adelant\u00e1ndose a la fecha, el Regimiento de Infanter\u00eda N\u00ba 6 realiz\u00f3 un acto formal al cumplirse los 35 a\u00f1os del &#8230; <a title=\"Conmemoraci\u00f3n de los 35 a\u00f1os de la llegada del R6 a Malvinas\" class=\"read-more\" href=\"https:\/\/www.hoymercedes.com.ar\/principal\/2017\/04\/08\/conmemoracion-de-los-35-anos-de-la-llegada-del-r6-a-malvinas\/\" aria-label=\"Leer m\u00e1s sobre Conmemoraci\u00f3n de los 35 a\u00f1os de la llegada del R6 a Malvinas\">Leer m\u00e1s<\/a><\/p>\n","protected":false},"author":1,"featured_media":61517,"comment_status":"closed","ping_status":"open","sticky":false,"template":"","format":"standard","meta":{"_monsterinsights_skip_tracking":false,"_monsterinsights_sitenote_active":false,"_monsterinsights_sitenote_note":"","_monsterinsights_sitenote_category":0,"jetpack_post_was_ever_published":false,"_jetpack_newsletter_access":"","_jetpack_dont_email_post_to_subs":true,"_jetpack_newsletter_tier_id":0,"_jetpack_memberships_contains_paywalled_content":false,"_jetpack_memberships_contains_paid_content":false,"footnotes":"","jetpack_publicize_message":"","jetpack_publicize_feature_enabled":true,"jetpack_social_post_already_shared":true,"jetpack_social_options":{"image_generator_settings":{"template":"highway","default_image_id":0,"font":"","enabled":false},"version":2},"_wpas_customize_per_network":false},"categories":[8],"tags":[8920,8960,244,10885],"class_list":["post-61515","post","type-post","status-publish","format-standard","has-post-thumbnail","hentry","category-sociedad","tag-acto","tag-guerra-malvinas","tag-municipio-2","tag-regimiento-6","generate-columns","tablet-grid-50","mobile-grid-100","grid-parent","grid-50"],"jetpack_publicize_connections":[],"jetpack_featured_media_url":"https:\/\/www.hoymercedes.com.ar\/principal\/wp-content\/uploads\/2017\/04\/08-Malvinas-acto-R6-2.jpg","wps_subtitle":"S\u00e1bado a la ma\u00f1ana","jetpack_sharing_enabled":true,"_links":{"self":[{"href":"https:\/\/www.hoymercedes.com.ar\/principal\/wp-json\/wp\/v2\/posts\/61515","targetHints":{"allow":["GET"]}}],"collection":[{"href":"https:\/\/www.hoymercedes.com.ar\/principal\/wp-json\/wp\/v2\/posts"}],"about":[{"href":"https:\/\/www.hoymercedes.com.ar\/principal\/wp-json\/wp\/v2\/types\/post"}],"author":[{"embeddable":true,"href":"https:\/\/www.hoymercedes.com.ar\/principal\/wp-json\/wp\/v2\/users\/1"}],"replies":[{"embeddable":true,"href":"https:\/\/www.hoymercedes.com.ar\/principal\/wp-json\/wp\/v2\/comments?post=61515"}],"version-history":[{"count":0,"href":"https:\/\/www.hoymercedes.com.ar\/principal\/wp-json\/wp\/v2\/posts\/61515\/revisions"}],"wp:featuredmedia":[{"embeddable":true,"href":"https:\/\/www.hoymercedes.com.ar\/principal\/wp-json\/wp\/v2\/media\/61517"}],"wp:attachment":[{"href":"https:\/\/www.hoymercedes.com.ar\/principal\/wp-json\/wp\/v2\/media?parent=61515"}],"wp:term":[{"taxonomy":"category","embeddable":true,"href":"https:\/\/www.hoymercedes.com.ar\/principal\/wp-json\/wp\/v2\/categories?post=61515"},{"taxonomy":"post_tag","embeddable":true,"href":"https:\/\/www.hoymercedes.com.ar\/principal\/wp-json\/wp\/v2\/tags?post=61515"}],"curies":[{"name":"wp","href":"https:\/\/api.w.org\/{rel}","templated":true}]}}