{"id":61523,"date":"2017-04-09T10:34:24","date_gmt":"2017-04-09T13:34:24","guid":{"rendered":"http:\/\/www.hoymercedes.com.ar\/principal\/?p=61523"},"modified":"2017-04-08T22:41:09","modified_gmt":"2017-04-09T01:41:09","slug":"la-secundaria-de-la-carcel-entrego-juegos-didacticos-al-jardin-909","status":"publish","type":"post","link":"https:\/\/www.hoymercedes.com.ar\/principal\/2017\/04\/09\/la-secundaria-de-la-carcel-entrego-juegos-didacticos-al-jardin-909\/","title":{"rendered":"La Secundaria de la c\u00e1rcel  entreg\u00f3 juegos did\u00e1cticos al Jard\u00edn 909"},"content":{"rendered":"<p>&nbsp;<\/p>\n<p>En el marco del proyecto \u00abEscuelas Solidaria 2016\u00bb que la Escuela de Educaci\u00f3n Media N\u00b0 2, con sede en la Unidad Penitenciaria N\u00b05 de Mercedes lleva adelante, se entregaron\u00a0juegos did\u00e1cticos al Jard\u00edn de Infantes N\u00b0 909.<\/p>\n<p><img loading=\"lazy\" decoding=\"async\" data-attachment-id=\"61524\" data-permalink=\"https:\/\/www.hoymercedes.com.ar\/principal\/2017\/04\/09\/la-secundaria-de-la-carcel-entrego-juegos-didacticos-al-jardin-909\/09-carcel-sec-2\/#main\" data-orig-file=\"https:\/\/www.hoymercedes.com.ar\/principal\/wp-content\/uploads\/2017\/04\/09-carcel-sec-2.jpg\" data-orig-size=\"630,420\" data-comments-opened=\"0\" data-image-meta=\"{&quot;aperture&quot;:&quot;0&quot;,&quot;credit&quot;:&quot;&quot;,&quot;camera&quot;:&quot;&quot;,&quot;caption&quot;:&quot;&quot;,&quot;created_timestamp&quot;:&quot;0&quot;,&quot;copyright&quot;:&quot;&quot;,&quot;focal_length&quot;:&quot;0&quot;,&quot;iso&quot;:&quot;0&quot;,&quot;shutter_speed&quot;:&quot;0&quot;,&quot;title&quot;:&quot;&quot;,&quot;orientation&quot;:&quot;0&quot;}\" data-image-title=\"09 carcel sec 2\" data-image-description=\"\" data-image-caption=\"\" data-large-file=\"https:\/\/www.hoymercedes.com.ar\/principal\/wp-content\/uploads\/2017\/04\/09-carcel-sec-2.jpg\" class=\"aligncenter size-medium wp-image-61524\" src=\"https:\/\/www.hoymercedes.com.ar\/principal\/wp-content\/uploads\/2017\/04\/09-carcel-sec-2-630x420.jpg\" alt=\"\" width=\"630\" height=\"420\" srcset=\"https:\/\/www.hoymercedes.com.ar\/principal\/wp-content\/uploads\/2017\/04\/09-carcel-sec-2.jpg 630w, https:\/\/www.hoymercedes.com.ar\/principal\/wp-content\/uploads\/2017\/04\/09-carcel-sec-2-150x100.jpg 150w, https:\/\/www.hoymercedes.com.ar\/principal\/wp-content\/uploads\/2017\/04\/09-carcel-sec-2-300x200.jpg 300w\" sizes=\"auto, (max-width: 630px) 100vw, 630px\" \/><\/p>\n<p>El d\u00eda viernes por la ma\u00f1ana, el Director de la EEM N\u00b0 2 Sergio Denapole y la profesora Laura Parras, fueron hasta el Jard\u00edn, ubicado en el Barrio Obrero y los recibi\u00f3 la Directora del mismo Silvia Romano, llevando los diversos juegos did\u00e1cticos, los cuales fueron muy agradecidos por parte de la responsable del Jard\u00edn.<\/p>\n<p>El taller estuvo a cargo de la Profesora Laura Parras, y se realiz\u00f3 en los meses de octubre a noviembre del a\u00f1o pasado, los asistentes y creadores de los materiales y juegos que se hicieron\u00a0 fueron alumnos de dicha secundaria. La asistencia fue mixta, al igual que es el dictado de clases.<\/p>\n<p>El principal motor de este proyecto, es la integraci\u00f3n de la escuela, en este caso, en contexto de encierro, con la comunidad, articulando saberes, aprendizajes, arte y solidaridad.\u00a0 El trabajo solidario y el poder concretar un juguete, pensando que cuando se concluya quedara en las manos de ni\u00f1os, motiva a los internos a querer superarse, a hacerlo bien.<\/p>\n<p>&nbsp;<\/p>\n<p>Fuente: Prensa Unidad 5<\/p>\n","protected":false},"excerpt":{"rendered":"<p>&nbsp; En el marco del proyecto \u00abEscuelas Solidaria 2016\u00bb que la Escuela de Educaci\u00f3n Media N\u00b0 2, con sede en &#8230; <a title=\"La Secundaria de la c\u00e1rcel  entreg\u00f3 juegos did\u00e1cticos al Jard\u00edn 909\" class=\"read-more\" href=\"https:\/\/www.hoymercedes.com.ar\/principal\/2017\/04\/09\/la-secundaria-de-la-carcel-entrego-juegos-didacticos-al-jardin-909\/\" aria-label=\"Leer m\u00e1s sobre La Secundaria de la c\u00e1rcel  entreg\u00f3 juegos did\u00e1cticos al Jard\u00edn 909\">Leer m\u00e1s<\/a><\/p>\n","protected":false},"author":1,"featured_media":61524,"comment_status":"closed","ping_status":"open","sticky":false,"template":"","format":"standard","meta":{"_monsterinsights_skip_tracking":false,"_monsterinsights_sitenote_active":false,"_monsterinsights_sitenote_note":"","_monsterinsights_sitenote_category":0,"jetpack_post_was_ever_published":false,"_jetpack_newsletter_access":"","_jetpack_dont_email_post_to_subs":false,"_jetpack_newsletter_tier_id":0,"_jetpack_memberships_contains_paywalled_content":false,"_jetpack_memberships_contains_paid_content":false,"footnotes":"","jetpack_publicize_message":"","jetpack_publicize_feature_enabled":true,"jetpack_social_post_already_shared":true,"jetpack_social_options":{"image_generator_settings":{"template":"highway","default_image_id":0,"font":"","enabled":false},"version":2},"_wpas_customize_per_network":false},"categories":[23],"tags":[1011,47,6318,10887,113],"class_list":["post-61523","post","type-post","status-publish","format-standard","has-post-thumbnail","hentry","category-educacion","tag-carcel","tag-educacion-2","tag-jardin-909","tag-secundaria-no-2","tag-unidad-5","generate-columns","tablet-grid-50","mobile-grid-100","grid-parent","grid-50"],"jetpack_publicize_connections":[],"jetpack_featured_media_url":"https:\/\/www.hoymercedes.com.ar\/principal\/wp-content\/uploads\/2017\/04\/09-carcel-sec-2.jpg","wps_subtitle":"Proyecto Escuelas Solidarias ","jetpack_sharing_enabled":true,"_links":{"self":[{"href":"https:\/\/www.hoymercedes.com.ar\/principal\/wp-json\/wp\/v2\/posts\/61523","targetHints":{"allow":["GET"]}}],"collection":[{"href":"https:\/\/www.hoymercedes.com.ar\/principal\/wp-json\/wp\/v2\/posts"}],"about":[{"href":"https:\/\/www.hoymercedes.com.ar\/principal\/wp-json\/wp\/v2\/types\/post"}],"author":[{"embeddable":true,"href":"https:\/\/www.hoymercedes.com.ar\/principal\/wp-json\/wp\/v2\/users\/1"}],"replies":[{"embeddable":true,"href":"https:\/\/www.hoymercedes.com.ar\/principal\/wp-json\/wp\/v2\/comments?post=61523"}],"version-history":[{"count":0,"href":"https:\/\/www.hoymercedes.com.ar\/principal\/wp-json\/wp\/v2\/posts\/61523\/revisions"}],"wp:featuredmedia":[{"embeddable":true,"href":"https:\/\/www.hoymercedes.com.ar\/principal\/wp-json\/wp\/v2\/media\/61524"}],"wp:attachment":[{"href":"https:\/\/www.hoymercedes.com.ar\/principal\/wp-json\/wp\/v2\/media?parent=61523"}],"wp:term":[{"taxonomy":"category","embeddable":true,"href":"https:\/\/www.hoymercedes.com.ar\/principal\/wp-json\/wp\/v2\/categories?post=61523"},{"taxonomy":"post_tag","embeddable":true,"href":"https:\/\/www.hoymercedes.com.ar\/principal\/wp-json\/wp\/v2\/tags?post=61523"}],"curies":[{"name":"wp","href":"https:\/\/api.w.org\/{rel}","templated":true}]}}