{"id":61572,"date":"2017-04-10T10:15:06","date_gmt":"2017-04-10T13:15:06","guid":{"rendered":"http:\/\/www.hoymercedes.com.ar\/principal\/?p=61572"},"modified":"2017-04-09T22:14:24","modified_gmt":"2017-04-10T01:14:24","slug":"ate-disconforme-con-la-oferta-para-los-municipales","status":"publish","type":"post","link":"https:\/\/www.hoymercedes.com.ar\/principal\/2017\/04\/10\/ate-disconforme-con-la-oferta-para-los-municipales\/","title":{"rendered":"ATE disconforme con la oferta para los Municipales"},"content":{"rendered":"<p>La Asociaci\u00f3n de Trabajadores del Estado de Mercedes, con afiliados empleados municipales, hizo p\u00fablica su postura ante el aumento a los trabajadores del Municipio de Mercedes que en este medio <a href=\"https:\/\/www.hoymercedes.com.ar\/principal\/2017\/04\/07\/acuerdan-aumento-para-los-trabajadores-municipales\/\" target=\"_blank\">reflejamos d\u00edas atr\u00e1s<\/a>.<\/p>\n<p>En la comunicaci\u00f3n enviada por ATE Mercedes, el gremio destaca que el incremento salarial es \u00abinsuficientes\u00bb y \u00abfalso\u00bb el 18%.\u00a0\u00abSe otorga en cuotas y eso provoca que anualizado ese supuesto 18 es menor. Solo lo ser\u00eda otorgado totalmente en una sola cuota\u00bb, marcan.<\/p>\n<p>Adem\u00e1s, afirman que \u00abaumentar el presentismo es aumentar la extorsi\u00f3n: debo ir a trabajar aunque est\u00e9 enfermo. El ausentismo debe ser incluido en el b\u00e1sico\u00bb.<\/p>\n<p>\u00abLa bonificaci\u00f3n aumentada tambi\u00e9n colabora con el enga\u00f1o del aumento supuesto del 33%, ya que no impacta en las horas extras, ni en los aguinaldo. \u00a0Adem\u00e1s esos supuestos porcentajes no s\u00f3lo son falsos sino que no permiten ni acercarse a la canasta de la pobreza que es de al menos $ 13.000, con lo que los municipales siguen con salarios de hambre\u00bb, agregan.<\/p>\n<p>\u00abPor \u00faltimo cabe aclarar que la informaci\u00f3n que dice que se firm\u00f3 este acuerdo con los gremios municipales no es verdad; ATE, que tiene representatividad en el municipio, sigue siendo discriminado a la hora de discutir las condiciones laborales de estos trabajadores, en una actitud de desconocimiento de la democracia sindical de parte de Ustarroz\u00bb.<\/p>\n","protected":false},"excerpt":{"rendered":"<p>La Asociaci\u00f3n de Trabajadores del Estado de Mercedes, con afiliados empleados municipales, hizo p\u00fablica su postura ante el aumento a &#8230; <a title=\"ATE disconforme con la oferta para los Municipales\" class=\"read-more\" href=\"https:\/\/www.hoymercedes.com.ar\/principal\/2017\/04\/10\/ate-disconforme-con-la-oferta-para-los-municipales\/\" aria-label=\"Leer m\u00e1s sobre ATE disconforme con la oferta para los Municipales\">Leer m\u00e1s<\/a><\/p>\n","protected":false},"author":1,"featured_media":61573,"comment_status":"closed","ping_status":"open","sticky":false,"template":"","format":"standard","meta":{"_monsterinsights_skip_tracking":false,"_monsterinsights_sitenote_active":false,"_monsterinsights_sitenote_note":"","_monsterinsights_sitenote_category":0,"jetpack_post_was_ever_published":false,"_jetpack_newsletter_access":"","_jetpack_dont_email_post_to_subs":false,"_jetpack_newsletter_tier_id":0,"_jetpack_memberships_contains_paywalled_content":false,"_jetpack_memberships_contains_paid_content":false,"footnotes":"","jetpack_publicize_message":"","jetpack_publicize_feature_enabled":true,"jetpack_social_post_already_shared":true,"jetpack_social_options":{"image_generator_settings":{"template":"highway","default_image_id":0,"font":"","enabled":false},"version":2},"_wpas_customize_per_network":false},"categories":[10563],"tags":[308,8799,924,244,2194,485,1443],"class_list":["post-61572","post","type-post","status-publish","format-standard","has-post-thumbnail","hentry","category-gremios-sindicatos","tag-ate-mercedes","tag-gremios","tag-municipales","tag-municipio-2","tag-paritarias","tag-salario","tag-sindicatos","generate-columns","tablet-grid-50","mobile-grid-100","grid-parent","grid-50"],"jetpack_publicize_connections":[],"jetpack_featured_media_url":"https:\/\/www.hoymercedes.com.ar\/principal\/wp-content\/uploads\/2017\/04\/10-palacio_municipal.jpg","wps_subtitle":"Debate salarial","jetpack_sharing_enabled":true,"_links":{"self":[{"href":"https:\/\/www.hoymercedes.com.ar\/principal\/wp-json\/wp\/v2\/posts\/61572","targetHints":{"allow":["GET"]}}],"collection":[{"href":"https:\/\/www.hoymercedes.com.ar\/principal\/wp-json\/wp\/v2\/posts"}],"about":[{"href":"https:\/\/www.hoymercedes.com.ar\/principal\/wp-json\/wp\/v2\/types\/post"}],"author":[{"embeddable":true,"href":"https:\/\/www.hoymercedes.com.ar\/principal\/wp-json\/wp\/v2\/users\/1"}],"replies":[{"embeddable":true,"href":"https:\/\/www.hoymercedes.com.ar\/principal\/wp-json\/wp\/v2\/comments?post=61572"}],"version-history":[{"count":0,"href":"https:\/\/www.hoymercedes.com.ar\/principal\/wp-json\/wp\/v2\/posts\/61572\/revisions"}],"wp:featuredmedia":[{"embeddable":true,"href":"https:\/\/www.hoymercedes.com.ar\/principal\/wp-json\/wp\/v2\/media\/61573"}],"wp:attachment":[{"href":"https:\/\/www.hoymercedes.com.ar\/principal\/wp-json\/wp\/v2\/media?parent=61572"}],"wp:term":[{"taxonomy":"category","embeddable":true,"href":"https:\/\/www.hoymercedes.com.ar\/principal\/wp-json\/wp\/v2\/categories?post=61572"},{"taxonomy":"post_tag","embeddable":true,"href":"https:\/\/www.hoymercedes.com.ar\/principal\/wp-json\/wp\/v2\/tags?post=61572"}],"curies":[{"name":"wp","href":"https:\/\/api.w.org\/{rel}","templated":true}]}}