{"id":61603,"date":"2017-04-12T07:17:26","date_gmt":"2017-04-12T10:17:26","guid":{"rendered":"http:\/\/www.hoymercedes.com.ar\/principal\/?p=61603"},"modified":"2017-04-11T09:47:03","modified_gmt":"2017-04-11T12:47:03","slug":"deandrea-y-lima-los-campeones-en-el-cef-40","status":"publish","type":"post","link":"https:\/\/www.hoymercedes.com.ar\/principal\/2017\/04\/12\/deandrea-y-lima-los-campeones-en-el-cef-40\/","title":{"rendered":"Deandrea y Lima, los campeones en el CEF 40"},"content":{"rendered":"<div class=\"itemIntroText\">\n<p><em><strong>El d\u00eda s\u00e1bado 8 de abril se llevo a cabo el torneo en el polideportivo municipal cef n\u00b040, festejando el d\u00eda mundial del tenis de mesa, con presencia del ex entrenador Nacional y campe\u00f3n argentino Fernando Minc que desde capital federal concurri\u00f3 junto a sus jugadores a participar de las categor\u00edas Libre y 6ta con jugadores locales y de la ciudad de Suipacha.<\/strong><\/em><\/p>\n<p><img loading=\"lazy\" decoding=\"async\" data-attachment-id=\"61604\" data-permalink=\"https:\/\/www.hoymercedes.com.ar\/principal\/2017\/04\/12\/deandrea-y-lima-los-campeones-en-el-cef-40\/tenis-de-mesa-dia-mundial-1\/#main\" data-orig-file=\"https:\/\/www.hoymercedes.com.ar\/principal\/wp-content\/uploads\/2017\/04\/Tenis-de-Mesa-Dia-Mundial-1-e1492520353213.jpg\" data-orig-size=\"630,378\" data-comments-opened=\"0\" data-image-meta=\"{&quot;aperture&quot;:&quot;0&quot;,&quot;credit&quot;:&quot;&quot;,&quot;camera&quot;:&quot;&quot;,&quot;caption&quot;:&quot;&quot;,&quot;created_timestamp&quot;:&quot;0&quot;,&quot;copyright&quot;:&quot;&quot;,&quot;focal_length&quot;:&quot;0&quot;,&quot;iso&quot;:&quot;0&quot;,&quot;shutter_speed&quot;:&quot;0&quot;,&quot;title&quot;:&quot;&quot;,&quot;orientation&quot;:&quot;0&quot;}\" data-image-title=\"Tenis de Mesa Dia Mundial 1\" data-image-description=\"\" data-image-caption=\"\" data-large-file=\"https:\/\/www.hoymercedes.com.ar\/principal\/wp-content\/uploads\/2017\/04\/Tenis-de-Mesa-Dia-Mundial-1-e1492520353213.jpg\" class=\"aligncenter size-medium wp-image-61604\" src=\"https:\/\/www.hoymercedes.com.ar\/principal\/wp-content\/uploads\/2017\/04\/Tenis-de-Mesa-Dia-Mundial-1-630x378.jpg\" alt=\"\" width=\"630\" height=\"378\" \/><\/p>\n<\/div>\n<div class=\"itemFullText\">En la competencia de categor\u00eda Libre con participaci\u00f3n de jugadores locales del Club El Porvenir y del Club Topminc de Buenos Aires tuvo\u00a0muy buenos resultados para los mercedinos, que hicieron podio.\u00a0En Categor\u00eda Libre se consagr\u00f3\u00a0campe\u00f3n Hern\u00e1n Deandrea gan\u00e1ndole una ajustada final a Fabi\u00e1n Selvaggi de\u00a0Topminc por 3 set a 2.\u00a0El tercer puesto quedo a manos de F\u00e9lix Javier Russo gan\u00e1ndole a Franco Christ \u00a0de Topminc por 3 set a 0.<\/div>\n<div class=\"itemFullText\"><\/div>\n<div class=\"itemFullText\">La categor\u00eda 6ta Aficionados tuvo la participaci\u00f3n de m\u00e1s de 20 chicos tanto locales como de la ciudad de Suipacha. El podio fue para los locales. Fue campe\u00f3n Franco Lima, gan\u00e1ndole a su hermano Juan Pedro Lima por 3 set a 2.\u00a0El tercer puesto qued\u00f3 para Esteban Delvechio, de gran partido, gan\u00e1ndole a su par de la ciudad de Suipacha, Javier Echevarr\u00eda, por 3 set a 0.<\/div>\n<div class=\"itemFullText\">\n<p><img loading=\"lazy\" decoding=\"async\" data-attachment-id=\"61605\" data-permalink=\"https:\/\/www.hoymercedes.com.ar\/principal\/2017\/04\/12\/deandrea-y-lima-los-campeones-en-el-cef-40\/tenis-de-mesa-dia-mundial-2\/#main\" data-orig-file=\"https:\/\/www.hoymercedes.com.ar\/principal\/wp-content\/uploads\/2017\/04\/Tenis-de-Mesa-Dia-Mundial-2-e1492520327773.jpg\" data-orig-size=\"630,378\" data-comments-opened=\"0\" data-image-meta=\"{&quot;aperture&quot;:&quot;0&quot;,&quot;credit&quot;:&quot;&quot;,&quot;camera&quot;:&quot;&quot;,&quot;caption&quot;:&quot;&quot;,&quot;created_timestamp&quot;:&quot;0&quot;,&quot;copyright&quot;:&quot;&quot;,&quot;focal_length&quot;:&quot;0&quot;,&quot;iso&quot;:&quot;0&quot;,&quot;shutter_speed&quot;:&quot;0&quot;,&quot;title&quot;:&quot;&quot;,&quot;orientation&quot;:&quot;0&quot;}\" data-image-title=\"Tenis de Mesa Dia Mundial 2\" data-image-description=\"\" data-image-caption=\"\" data-large-file=\"https:\/\/www.hoymercedes.com.ar\/principal\/wp-content\/uploads\/2017\/04\/Tenis-de-Mesa-Dia-Mundial-2-e1492520327773.jpg\" class=\"aligncenter size-medium wp-image-61605\" src=\"https:\/\/www.hoymercedes.com.ar\/principal\/wp-content\/uploads\/2017\/04\/Tenis-de-Mesa-Dia-Mundial-2-630x378.jpg\" alt=\"\" width=\"630\" height=\"378\" \/><\/p>\n<p>Los organizadores\u00a0Alejandro Russo y la Sub Comisi\u00f3n de Tenis de Mesa, con sus colaboradores Luis Vivas, Arturo y Olga, a la Municipalidad de Mercedes por el traslado de las mesas y al Director del CEF 40 Fabi\u00e1n Brandoni por prestar de la sede.<\/p>\n<\/div>\n","protected":false},"excerpt":{"rendered":"<p>El d\u00eda s\u00e1bado 8 de abril se llevo a cabo el torneo en el polideportivo municipal cef n\u00b040, festejando el &#8230; <a title=\"Deandrea y Lima, los campeones en el CEF 40\" class=\"read-more\" href=\"https:\/\/www.hoymercedes.com.ar\/principal\/2017\/04\/12\/deandrea-y-lima-los-campeones-en-el-cef-40\/\" aria-label=\"Leer m\u00e1s sobre Deandrea y Lima, los campeones en el CEF 40\">Leer m\u00e1s<\/a><\/p>\n","protected":false},"author":1,"featured_media":61604,"comment_status":"closed","ping_status":"open","sticky":false,"template":"","format":"standard","meta":{"_monsterinsights_skip_tracking":false,"_monsterinsights_sitenote_active":false,"_monsterinsights_sitenote_note":"","_monsterinsights_sitenote_category":0,"jetpack_post_was_ever_published":false,"_jetpack_newsletter_access":"","_jetpack_dont_email_post_to_subs":false,"_jetpack_newsletter_tier_id":0,"_jetpack_memberships_contains_paywalled_content":false,"_jetpack_memberships_contains_paid_content":false,"footnotes":"","jetpack_publicize_message":"","jetpack_publicize_feature_enabled":true,"jetpack_social_post_already_shared":true,"jetpack_social_options":{"image_generator_settings":{"template":"highway","default_image_id":0,"font":"","enabled":false},"version":2},"_wpas_customize_per_network":false},"categories":[21],"tags":[8915,204,8586],"class_list":["post-61603","post","type-post","status-publish","format-standard","has-post-thumbnail","hentry","category-deportes","tag-cef-no-40","tag-deportes-2","tag-tenis-de-mesa","generate-columns","tablet-grid-50","mobile-grid-100","grid-parent","grid-50"],"jetpack_publicize_connections":[],"jetpack_featured_media_url":"https:\/\/www.hoymercedes.com.ar\/principal\/wp-content\/uploads\/2017\/04\/Tenis-de-Mesa-Dia-Mundial-1-e1492520353213.jpg","wps_subtitle":"Tenis de Mesa","jetpack_sharing_enabled":true,"_links":{"self":[{"href":"https:\/\/www.hoymercedes.com.ar\/principal\/wp-json\/wp\/v2\/posts\/61603","targetHints":{"allow":["GET"]}}],"collection":[{"href":"https:\/\/www.hoymercedes.com.ar\/principal\/wp-json\/wp\/v2\/posts"}],"about":[{"href":"https:\/\/www.hoymercedes.com.ar\/principal\/wp-json\/wp\/v2\/types\/post"}],"author":[{"embeddable":true,"href":"https:\/\/www.hoymercedes.com.ar\/principal\/wp-json\/wp\/v2\/users\/1"}],"replies":[{"embeddable":true,"href":"https:\/\/www.hoymercedes.com.ar\/principal\/wp-json\/wp\/v2\/comments?post=61603"}],"version-history":[{"count":0,"href":"https:\/\/www.hoymercedes.com.ar\/principal\/wp-json\/wp\/v2\/posts\/61603\/revisions"}],"wp:featuredmedia":[{"embeddable":true,"href":"https:\/\/www.hoymercedes.com.ar\/principal\/wp-json\/wp\/v2\/media\/61604"}],"wp:attachment":[{"href":"https:\/\/www.hoymercedes.com.ar\/principal\/wp-json\/wp\/v2\/media?parent=61603"}],"wp:term":[{"taxonomy":"category","embeddable":true,"href":"https:\/\/www.hoymercedes.com.ar\/principal\/wp-json\/wp\/v2\/categories?post=61603"},{"taxonomy":"post_tag","embeddable":true,"href":"https:\/\/www.hoymercedes.com.ar\/principal\/wp-json\/wp\/v2\/tags?post=61603"}],"curies":[{"name":"wp","href":"https:\/\/api.w.org\/{rel}","templated":true}]}}