{"id":61607,"date":"2017-04-10T21:42:23","date_gmt":"2017-04-11T00:42:23","guid":{"rendered":"http:\/\/www.hoymercedes.com.ar\/principal\/?p=61607"},"modified":"2017-04-11T09:55:36","modified_gmt":"2017-04-11T12:55:36","slug":"gimnasia-y-club-mercedes-jugaran-el-miercoles-a-las-15","status":"publish","type":"post","link":"https:\/\/www.hoymercedes.com.ar\/principal\/2017\/04\/10\/gimnasia-y-club-mercedes-jugaran-el-miercoles-a-las-15\/","title":{"rendered":"Gimnasia y Club Mercedes jugar\u00e1n el mi\u00e9rcoles a las 15"},"content":{"rendered":"<p><strong><em>Finalmente, tras la suspensi\u00f3n del domingo, el Consejo Federal escuch\u00f3 el pedido de ambas instituciones para que el partido que no se pudo llevar a cabo este domingo desde las 15, se juegue el mi\u00e9rcoles a la misma hora. Teniendo en cuenta el mal clima que reina en la ciudad, el blanquinegro entren\u00f3 bajo techo.<\/em><\/strong><\/p>\n<p><img loading=\"lazy\" decoding=\"async\" data-attachment-id=\"61608\" data-permalink=\"https:\/\/www.hoymercedes.com.ar\/principal\/2017\/04\/10\/gimnasia-y-club-mercedes-jugaran-el-miercoles-a-las-15\/whatsapp-image-2017-04-10-at-21-24-17-1\/#main\" data-orig-file=\"https:\/\/www.hoymercedes.com.ar\/principal\/wp-content\/uploads\/2017\/04\/WhatsApp-Image-2017-04-10-at-21.24.17-1-e1492520292824.jpeg\" data-orig-size=\"473,630\" data-comments-opened=\"0\" data-image-meta=\"{&quot;aperture&quot;:&quot;0&quot;,&quot;credit&quot;:&quot;&quot;,&quot;camera&quot;:&quot;&quot;,&quot;caption&quot;:&quot;&quot;,&quot;created_timestamp&quot;:&quot;0&quot;,&quot;copyright&quot;:&quot;&quot;,&quot;focal_length&quot;:&quot;0&quot;,&quot;iso&quot;:&quot;0&quot;,&quot;shutter_speed&quot;:&quot;0&quot;,&quot;title&quot;:&quot;&quot;,&quot;orientation&quot;:&quot;1&quot;}\" data-image-title=\"WhatsApp Image 2017-04-10 at 21.24.17 (1)\" data-image-description=\"\" data-image-caption=\"\" data-large-file=\"https:\/\/www.hoymercedes.com.ar\/principal\/wp-content\/uploads\/2017\/04\/WhatsApp-Image-2017-04-10-at-21.24.17-1-768x1024.jpeg\" class=\"aligncenter size-medium wp-image-61608\" src=\"https:\/\/www.hoymercedes.com.ar\/principal\/wp-content\/uploads\/2017\/04\/WhatsApp-Image-2017-04-10-at-21.24.17-1-465x620.jpeg\" alt=\"\" width=\"465\" height=\"620\" \/><\/p>\n<p>De acuerdo a lo que indica el reglamento, el partido se deb\u00eda jugar el lunes a las 15, pero el estado del campo de juego era malo, la lluvia de la ma\u00f1ana no ayud\u00f3 y entonces se comenz\u00f3 a barajar temprano la posibilidad de jugar el mi\u00e9rcoles, teniendo en cuenta que el pron\u00f3stico no era alentador (y no lo fue) en el resto de la jornada de este lunes, lo que oblig\u00f3 a Walter D\u00edaz y sus jugadores a no poder entrenar en el campo de deportes y debi\u00f3 hacerlo en una de las canchas de f\u00fatbol 5 que hay en la ciudad.<\/p>\n<p>El Consejo Federal acept\u00f3 que el partido se juegue este mi\u00e9rcoles a las 15, tal como solicitaron los dos clubes, por lo que el partido de vuelta en cancha de la Liga Mercedina, se jugar\u00e1\u00a0el\u00a0s\u00e1bado o domingo a la hora 16.<\/p>\n<p>&nbsp;<\/p>\n<p><strong>Transmisi\u00f3n<\/strong><\/p>\n<p>FM La Tribuna 103.5, a pesar de que se encuentra renovando su planta transmisora, emitir\u00e1 el partido en vivo por su App para aqu\u00e9llos que tienen sistema Android y a trav\u00e9s de la Web fmlatribuna.com. Por otra parte, la se\u00f1al de Cablevisi\u00f3n transmitir\u00e1 en vivo el partido por Youtube desde el canal Pedro Caramelo y se retransmitir\u00e1 por la pantalla local. Adem\u00e1s, se est\u00e1 hablando con otras emisoras para emitir el partido en duplex para toda la ciudad.<\/p>\n<p>&nbsp;<\/p>\n<p><img loading=\"lazy\" decoding=\"async\" data-attachment-id=\"61609\" data-permalink=\"https:\/\/www.hoymercedes.com.ar\/principal\/2017\/04\/10\/gimnasia-y-club-mercedes-jugaran-el-miercoles-a-las-15\/whatsapp-image-2017-04-10-at-20-54-49\/#main\" data-orig-file=\"https:\/\/www.hoymercedes.com.ar\/principal\/wp-content\/uploads\/2017\/04\/WhatsApp-Image-2017-04-10-at-20.54.49-e1492520266238.jpeg\" data-orig-size=\"630,630\" data-comments-opened=\"0\" data-image-meta=\"{&quot;aperture&quot;:&quot;0&quot;,&quot;credit&quot;:&quot;&quot;,&quot;camera&quot;:&quot;&quot;,&quot;caption&quot;:&quot;&quot;,&quot;created_timestamp&quot;:&quot;0&quot;,&quot;copyright&quot;:&quot;&quot;,&quot;focal_length&quot;:&quot;0&quot;,&quot;iso&quot;:&quot;0&quot;,&quot;shutter_speed&quot;:&quot;0&quot;,&quot;title&quot;:&quot;&quot;,&quot;orientation&quot;:&quot;0&quot;}\" data-image-title=\"WhatsApp Image 2017-04-10 at 20.54.49\" data-image-description=\"\" data-image-caption=\"\" data-large-file=\"https:\/\/www.hoymercedes.com.ar\/principal\/wp-content\/uploads\/2017\/04\/WhatsApp-Image-2017-04-10-at-20.54.49-e1492520266238.jpeg\" class=\"aligncenter size-medium wp-image-61609\" src=\"https:\/\/www.hoymercedes.com.ar\/principal\/wp-content\/uploads\/2017\/04\/WhatsApp-Image-2017-04-10-at-20.54.49-620x620.jpeg\" alt=\"\" width=\"620\" height=\"620\" \/><\/p>\n","protected":false},"excerpt":{"rendered":"<p>Finalmente, tras la suspensi\u00f3n del domingo, el Consejo Federal escuch\u00f3 el pedido de ambas instituciones para que el partido que &#8230; <a title=\"Gimnasia y Club Mercedes jugar\u00e1n el mi\u00e9rcoles a las 15\" class=\"read-more\" href=\"https:\/\/www.hoymercedes.com.ar\/principal\/2017\/04\/10\/gimnasia-y-club-mercedes-jugaran-el-miercoles-a-las-15\/\" aria-label=\"Leer m\u00e1s sobre Gimnasia y Club Mercedes jugar\u00e1n el mi\u00e9rcoles a las 15\">Leer m\u00e1s<\/a><\/p>\n","protected":false},"author":1,"featured_media":61608,"comment_status":"closed","ping_status":"open","sticky":false,"template":"","format":"standard","meta":{"_monsterinsights_skip_tracking":false,"_monsterinsights_sitenote_active":false,"_monsterinsights_sitenote_note":"","_monsterinsights_sitenote_category":0,"jetpack_post_was_ever_published":false,"_jetpack_newsletter_access":"","_jetpack_dont_email_post_to_subs":true,"_jetpack_newsletter_tier_id":0,"_jetpack_memberships_contains_paywalled_content":false,"_jetpack_memberships_contains_paid_content":false,"footnotes":"","jetpack_publicize_message":"","jetpack_publicize_feature_enabled":true,"jetpack_social_post_already_shared":true,"jetpack_social_options":{"image_generator_settings":{"template":"highway","default_image_id":0,"font":"","enabled":false},"version":2},"_wpas_customize_per_network":false},"categories":[21],"tags":[122,204,8412,1003,9342],"class_list":["post-61607","post","type-post","status-publish","format-standard","has-post-thumbnail","hentry","category-deportes","tag-club-mercedes","tag-deportes-2","tag-federal-c","tag-futbol","tag-gimnasia","generate-columns","tablet-grid-50","mobile-grid-100","grid-parent","grid-50"],"jetpack_publicize_connections":[],"jetpack_featured_media_url":"https:\/\/www.hoymercedes.com.ar\/principal\/wp-content\/uploads\/2017\/04\/WhatsApp-Image-2017-04-10-at-21.24.17-1-e1492520292824.jpeg","wps_subtitle":"Federal C","jetpack_sharing_enabled":true,"_links":{"self":[{"href":"https:\/\/www.hoymercedes.com.ar\/principal\/wp-json\/wp\/v2\/posts\/61607","targetHints":{"allow":["GET"]}}],"collection":[{"href":"https:\/\/www.hoymercedes.com.ar\/principal\/wp-json\/wp\/v2\/posts"}],"about":[{"href":"https:\/\/www.hoymercedes.com.ar\/principal\/wp-json\/wp\/v2\/types\/post"}],"author":[{"embeddable":true,"href":"https:\/\/www.hoymercedes.com.ar\/principal\/wp-json\/wp\/v2\/users\/1"}],"replies":[{"embeddable":true,"href":"https:\/\/www.hoymercedes.com.ar\/principal\/wp-json\/wp\/v2\/comments?post=61607"}],"version-history":[{"count":0,"href":"https:\/\/www.hoymercedes.com.ar\/principal\/wp-json\/wp\/v2\/posts\/61607\/revisions"}],"wp:featuredmedia":[{"embeddable":true,"href":"https:\/\/www.hoymercedes.com.ar\/principal\/wp-json\/wp\/v2\/media\/61608"}],"wp:attachment":[{"href":"https:\/\/www.hoymercedes.com.ar\/principal\/wp-json\/wp\/v2\/media?parent=61607"}],"wp:term":[{"taxonomy":"category","embeddable":true,"href":"https:\/\/www.hoymercedes.com.ar\/principal\/wp-json\/wp\/v2\/categories?post=61607"},{"taxonomy":"post_tag","embeddable":true,"href":"https:\/\/www.hoymercedes.com.ar\/principal\/wp-json\/wp\/v2\/tags?post=61607"}],"curies":[{"name":"wp","href":"https:\/\/api.w.org\/{rel}","templated":true}]}}