{"id":61613,"date":"2017-04-11T10:06:06","date_gmt":"2017-04-11T13:06:06","guid":{"rendered":"http:\/\/www.hoymercedes.com.ar\/principal\/?p=61613"},"modified":"2017-04-11T10:06:06","modified_gmt":"2017-04-11T13:06:06","slug":"el-hcd-repudio-la-agresion-a-los-docentes-en-la-plaza-dos-congresos","status":"publish","type":"post","link":"https:\/\/www.hoymercedes.com.ar\/principal\/2017\/04\/11\/el-hcd-repudio-la-agresion-a-los-docentes-en-la-plaza-dos-congresos\/","title":{"rendered":"El HCD repudi\u00f3 la agresi\u00f3n a los docentes en la Plaza Dos Congresos"},"content":{"rendered":"<p><strong><em>En conjunto, los bloques que componen el cuerpo deliberativo manifestaron el rechazo a la violencia ejercida hacia los docentes en la jornada del pasado domingo. Los legisladores expusieron su opini\u00f3n todo el tema.<\/em><\/strong><\/p>\n<p><img loading=\"lazy\" decoding=\"async\" data-attachment-id=\"61617\" data-permalink=\"https:\/\/www.hoymercedes.com.ar\/principal\/2017\/04\/11\/el-hcd-repudio-la-agresion-a-los-docentes-en-la-plaza-dos-congresos\/11-repudio-docente-2\/#main\" data-orig-file=\"https:\/\/www.hoymercedes.com.ar\/principal\/wp-content\/uploads\/2017\/04\/11-repudio-docente-2.jpg\" data-orig-size=\"630,473\" data-comments-opened=\"0\" data-image-meta=\"{&quot;aperture&quot;:&quot;3.5&quot;,&quot;credit&quot;:&quot;&quot;,&quot;camera&quot;:&quot;COOLPIX S2700&quot;,&quot;caption&quot;:&quot;&quot;,&quot;created_timestamp&quot;:&quot;1491854496&quot;,&quot;copyright&quot;:&quot;&quot;,&quot;focal_length&quot;:&quot;4.6&quot;,&quot;iso&quot;:&quot;250&quot;,&quot;shutter_speed&quot;:&quot;0.04&quot;,&quot;title&quot;:&quot;&quot;,&quot;orientation&quot;:&quot;1&quot;}\" data-image-title=\"11 repudio docente 2\" data-image-description=\"\" data-image-caption=\"\" data-large-file=\"https:\/\/www.hoymercedes.com.ar\/principal\/wp-content\/uploads\/2017\/04\/11-repudio-docente-2.jpg\" class=\"aligncenter size-medium wp-image-61617\" src=\"https:\/\/www.hoymercedes.com.ar\/principal\/wp-content\/uploads\/2017\/04\/11-repudio-docente-2-630x473.jpg\" alt=\"\" width=\"630\" height=\"473\" srcset=\"https:\/\/www.hoymercedes.com.ar\/principal\/wp-content\/uploads\/2017\/04\/11-repudio-docente-2.jpg 630w, https:\/\/www.hoymercedes.com.ar\/principal\/wp-content\/uploads\/2017\/04\/11-repudio-docente-2-150x113.jpg 150w\" sizes=\"auto, (max-width: 630px) 100vw, 630px\" \/><\/p>\n<p>El lunes, en el marco de la primera sesi\u00f3n ordinaria del Concejo Deliberante que cont\u00f3 con la presencia de la totalidad del cuerpo, se realiz\u00f3 una exposici\u00f3n por parte de los ediles para repudiar la represi\u00f3n a docentes ocurrida el domingo en plaza de los dos Congresos. Durante la sesi\u00f3n se hicieron presentes los gremios docentes mercedinos.<\/p>\n<p>Tras darle ingreso por fuera del orden del d\u00eda, alterando el mismo ante la presencia de los docentes en el lugar, cada uno de los bloques se expres\u00f3 sobre el tema. El primero en hacer uso de la palabra fue el edil Santiago Altube quien explic\u00f3: \u201cLa idea en principio era hacer un rechazo conjunto de parte del Cuerpo sobre esta situaci\u00f3n que vimos con preocupaci\u00f3n, que frente a una alternativa de protesta de parte de los docentes de la provincia han sufrido un acto de represi\u00f3n por parte de las fuerzas de seguridad. Esto nos preocupa y mucho, y si bien no lo hemos agregado al orden del d\u00eda nos preocupan las acciones del gobierno como el caso de una represi\u00f3n en un comedor comunitario en Lanus donde una maestra perdi\u00f3 un beb\u00e9, del cambio del feriado del 24 de marzo, del proceso que se lleva adelante en contra de Milagros Sala. Y todo eso desentona cuando se agrega lo que pas\u00f3 ayer. Vimos que se encontr\u00f3 una alternativa para reclamar por salarios y defender el trabajo y vimos que\u00a0 la respuesta del gobierno de Macri es la represi\u00f3n y la violencia. Nos preocupa y creemos q este HCD se debe expresar\u201d.<\/p>\n<p>Seguidamente, por el Frente Renovador, Carlos Milhomme sostuvo: \u201cApoyamos este tipo de pedidos y compartiendo todo lo que expon\u00eda el concejal Altube en los \u00faltimos d\u00edas se ha planteado que deber\u00edamos salir de la din\u00e1mica del paro, y todo es respetable. Ahora, una vez que se concilia una forma distinta se recibe esta actitud de parte del gobierno. Estamos hablando de una alternativa de las bases. Nos deja mucho que desear la actitud que debe tener el Estado. Tuvieron la valent\u00eda de consultar a sus bases y nos encontramos con esta situaci\u00f3n. Estamos de acuerdo con el repudio para que la sociedad empiece a evaluar porque los mensajes que env\u00edan tratan de enmascarar lo que hay en el fondo. Ni siquiera tenemos posibilidad de la alternativa. Esperamos que recapaciten\u201d.<\/p>\n<p>Por su parte, el vecinalista Jos\u00e9 Cestari expres\u00f3: \u201cpresentamos este repudio varios bloques presentes. Creo que este es un momento de di\u00e1logo. Por supuesto que los m\u00e9todos de lucha son validos y el gobierno pidi\u00f3 que se busque otra alternativa. Todos los docentes la buscaron y la votaron y surgi\u00f3 la carpa itinerante. Si se pide di\u00e1logo hay que escuchar al otro. Lamentablemente en el d\u00eda de ayer no encontraba la informaci\u00f3n en la tv. Y veo que estamos fallando desde el punto de vista que no se informa o se debe depender de un canal porque otros lo ocultan. No es bueno para el pa\u00eds. Lamento mucho que esto ocurra. Tal vez los gobernantes deber\u00edan pensar quien les ense\u00f1\u00f3 a leer a ellos. Desprestigiar la tarea docente, decir que son vagos genera indignaci\u00f3n. Lamento mucho lo que ocurre y esperemos que se tenga bien en claro el significado del dialogo. Ojala se pueda dar en este pa\u00eds\u201d.<\/p>\n<p>Finalmente, el concejal Oscar Albini dio la postura del bloque Cambiemos de manera escueta: \u201cNosotros vamos a acompa\u00f1ar el repudio y todo acto de violencia ante una manifestaci\u00f3n pac\u00edfica debe ser repudiado. M\u00e1s all\u00e1 de las diferencias en las apreciaciones el repudio es hacia la violencia ejercida\u201d.<\/p>\n<p><img loading=\"lazy\" decoding=\"async\" data-attachment-id=\"61614\" data-permalink=\"https:\/\/www.hoymercedes.com.ar\/principal\/2017\/04\/11\/el-hcd-repudio-la-agresion-a-los-docentes-en-la-plaza-dos-congresos\/11-repudio-docente-1\/#main\" data-orig-file=\"https:\/\/www.hoymercedes.com.ar\/principal\/wp-content\/uploads\/2017\/04\/11-repudio-docente-1.jpg\" data-orig-size=\"630,473\" data-comments-opened=\"0\" data-image-meta=\"{&quot;aperture&quot;:&quot;3.5&quot;,&quot;credit&quot;:&quot;&quot;,&quot;camera&quot;:&quot;COOLPIX S2700&quot;,&quot;caption&quot;:&quot;&quot;,&quot;created_timestamp&quot;:&quot;1491854979&quot;,&quot;copyright&quot;:&quot;&quot;,&quot;focal_length&quot;:&quot;4.6&quot;,&quot;iso&quot;:&quot;320&quot;,&quot;shutter_speed&quot;:&quot;0.04&quot;,&quot;title&quot;:&quot;&quot;,&quot;orientation&quot;:&quot;1&quot;}\" data-image-title=\"11 repudio docente 1\" data-image-description=\"\" data-image-caption=\"\" data-large-file=\"https:\/\/www.hoymercedes.com.ar\/principal\/wp-content\/uploads\/2017\/04\/11-repudio-docente-1.jpg\" class=\"aligncenter size-medium wp-image-61614\" src=\"https:\/\/www.hoymercedes.com.ar\/principal\/wp-content\/uploads\/2017\/04\/11-repudio-docente-1-630x473.jpg\" alt=\"\" width=\"630\" height=\"473\" srcset=\"https:\/\/www.hoymercedes.com.ar\/principal\/wp-content\/uploads\/2017\/04\/11-repudio-docente-1.jpg 630w, https:\/\/www.hoymercedes.com.ar\/principal\/wp-content\/uploads\/2017\/04\/11-repudio-docente-1-150x113.jpg 150w\" sizes=\"auto, (max-width: 630px) 100vw, 630px\" \/><\/p>\n","protected":false},"excerpt":{"rendered":"<p>En conjunto, los bloques que componen el cuerpo deliberativo manifestaron el rechazo a la violencia ejercida hacia los docentes en &#8230; <a title=\"El HCD repudi\u00f3 la agresi\u00f3n a los docentes en la Plaza Dos Congresos\" class=\"read-more\" href=\"https:\/\/www.hoymercedes.com.ar\/principal\/2017\/04\/11\/el-hcd-repudio-la-agresion-a-los-docentes-en-la-plaza-dos-congresos\/\" aria-label=\"Leer m\u00e1s sobre El HCD repudi\u00f3 la agresi\u00f3n a los docentes en la Plaza Dos Congresos\">Leer m\u00e1s<\/a><\/p>\n","protected":false},"author":1,"featured_media":61614,"comment_status":"closed","ping_status":"open","sticky":false,"template":"","format":"standard","meta":{"_monsterinsights_skip_tracking":false,"_monsterinsights_sitenote_active":false,"_monsterinsights_sitenote_note":"","_monsterinsights_sitenote_category":0,"jetpack_post_was_ever_published":false,"_jetpack_newsletter_access":"","_jetpack_dont_email_post_to_subs":false,"_jetpack_newsletter_tier_id":0,"_jetpack_memberships_contains_paywalled_content":false,"_jetpack_memberships_contains_paid_content":false,"footnotes":"","jetpack_publicize_message":"","jetpack_publicize_feature_enabled":true,"jetpack_social_post_already_shared":true,"jetpack_social_options":{"image_generator_settings":{"template":"highway","default_image_id":0,"font":"","enabled":false},"version":2},"_wpas_customize_per_network":false},"categories":[5],"tags":[10901,484,15,524,5319,8751,9095],"class_list":["post-61613","post","type-post","status-publish","format-standard","has-post-thumbnail","hentry","category-politica","tag-conflicto-gremial","tag-docentes","tag-hcd","tag-paro","tag-politica-2","tag-repudio","tag-sesion","generate-columns","tablet-grid-50","mobile-grid-100","grid-parent","grid-50"],"jetpack_publicize_connections":[],"jetpack_featured_media_url":"https:\/\/www.hoymercedes.com.ar\/principal\/wp-content\/uploads\/2017\/04\/11-repudio-docente-1.jpg","wps_subtitle":"Con presencia de los gremios ","jetpack_sharing_enabled":true,"jetpack-related-posts":[{"id":125862,"url":"https:\/\/www.hoymercedes.com.ar\/principal\/2021\/03\/07\/primera-sesion-ordinaria-2021-sera-el-martes-9\/","url_meta":{"origin":61613,"position":0},"title":"Primera sesi\u00f3n ordinaria 2021 ser\u00e1 el martes 9","author":"hoymercedes","date":"7 marzo, 2021","format":false,"excerpt":"Tras un cambio de fecha por conmemorarse el D\u00eda de la Mujer el lunes 8, la presidencia del Concejo Deliberante de Mercedes decidi\u00f3 que la primera sesi\u00f3n ordinaria del a\u00f1o legislativo que inici\u00f3 formalmente el 1\u00b0 de marzo, sea el martes 9, 19 horas. En dicha sesi\u00f3n se oficalizar\u00e1 los\u2026","rel":"","context":"En \u00abPol\u00edtica\u00bb","block_context":{"text":"Pol\u00edtica","link":"https:\/\/www.hoymercedes.com.ar\/principal\/category\/politica\/"},"img":{"alt_text":"","src":"https:\/\/i0.wp.com\/www.hoymercedes.com.ar\/principal\/wp-content\/uploads\/2020\/06\/22-recinto-vacio.jpeg?resize=350%2C200&ssl=1","width":350,"height":200,"srcset":"https:\/\/i0.wp.com\/www.hoymercedes.com.ar\/principal\/wp-content\/uploads\/2020\/06\/22-recinto-vacio.jpeg?resize=350%2C200&ssl=1 1x, https:\/\/i0.wp.com\/www.hoymercedes.com.ar\/principal\/wp-content\/uploads\/2020\/06\/22-recinto-vacio.jpeg?resize=525%2C300&ssl=1 1.5x, https:\/\/i0.wp.com\/www.hoymercedes.com.ar\/principal\/wp-content\/uploads\/2020\/06\/22-recinto-vacio.jpeg?resize=700%2C400&ssl=1 2x"},"classes":[]},{"id":170371,"url":"https:\/\/www.hoymercedes.com.ar\/principal\/2023\/12\/07\/sesion-preparatoria-san-martin-presidira-el-hcd\/","url_meta":{"origin":61613,"position":1},"title":"Sesi\u00f3n preparatoria: San Mart\u00edn presidir\u00e1 el HCD","author":"hoymercedes","date":"7 diciembre, 2023","format":false,"excerpt":"Durante la ma\u00f1ana de este jueves, la confirmaci\u00f3n del Concejo Deliberante de Mercedes que iniciar\u00e1 sus funciones el 10 de diciembre realiz\u00f3 la sesi\u00f3n preparatoria para elegir las autoridades de los pr\u00f3ximos dos a\u00f1os. La sesi\u00f3n preparatoria fue presidida por el concejal electo de m\u00e1s edad de la lista ganadora.\u2026","rel":"","context":"En \u00abHCD Mercedes\u00bb","block_context":{"text":"HCD Mercedes","link":"https:\/\/www.hoymercedes.com.ar\/principal\/category\/hcd-mercedes\/"},"img":{"alt_text":"","src":"https:\/\/i0.wp.com\/www.hoymercedes.com.ar\/principal\/wp-content\/uploads\/2023\/12\/IMG-20231207-WA0010_copy_800x533.jpg?resize=350%2C200&ssl=1","width":350,"height":200,"srcset":"https:\/\/i0.wp.com\/www.hoymercedes.com.ar\/principal\/wp-content\/uploads\/2023\/12\/IMG-20231207-WA0010_copy_800x533.jpg?resize=350%2C200&ssl=1 1x, https:\/\/i0.wp.com\/www.hoymercedes.com.ar\/principal\/wp-content\/uploads\/2023\/12\/IMG-20231207-WA0010_copy_800x533.jpg?resize=525%2C300&ssl=1 1.5x, https:\/\/i0.wp.com\/www.hoymercedes.com.ar\/principal\/wp-content\/uploads\/2023\/12\/IMG-20231207-WA0010_copy_800x533.jpg?resize=700%2C400&ssl=1 2x"},"classes":[]},{"id":111839,"url":"https:\/\/www.hoymercedes.com.ar\/principal\/2020\/06\/07\/nueva-sesion-ordinaria-del-hcd\/","url_meta":{"origin":61613,"position":2},"title":"Nueva sesi\u00f3n ordinaria del HCD","author":"hoymercedes","date":"7 junio, 2020","format":false,"excerpt":"A partir de la hora 19 del lunes 8 de junio, se llevar\u00e1 adelante una nueva sesi\u00f3n del Concejo Deliberante de Mercedes sin p\u00fablico ni prensa, pero con transmisi\u00f3n online debido al aislamiento obligatorio dispuesto por el gobierno nacional. En el orden del d\u00eda que trabajar\u00e1n los concejales de la\u2026","rel":"","context":"En \u00abPol\u00edtica\u00bb","block_context":{"text":"Pol\u00edtica","link":"https:\/\/www.hoymercedes.com.ar\/principal\/category\/politica\/"},"img":{"alt_text":"","src":"https:\/\/i0.wp.com\/www.hoymercedes.com.ar\/principal\/wp-content\/uploads\/2018\/10\/26-recinto-HCD.jpg?resize=350%2C200&ssl=1","width":350,"height":200,"srcset":"https:\/\/i0.wp.com\/www.hoymercedes.com.ar\/principal\/wp-content\/uploads\/2018\/10\/26-recinto-HCD.jpg?resize=350%2C200&ssl=1 1x, https:\/\/i0.wp.com\/www.hoymercedes.com.ar\/principal\/wp-content\/uploads\/2018\/10\/26-recinto-HCD.jpg?resize=525%2C300&ssl=1 1.5x, https:\/\/i0.wp.com\/www.hoymercedes.com.ar\/principal\/wp-content\/uploads\/2018\/10\/26-recinto-HCD.jpg?resize=700%2C400&ssl=1 2x"},"classes":[]},{"id":152610,"url":"https:\/\/www.hoymercedes.com.ar\/principal\/2022\/09\/03\/concejales-manifestaron-su-repudio-a-traves-de-una-resolucion\/","url_meta":{"origin":61613,"position":3},"title":"Concejales manifestaron su repudio a trav\u00e9s de una resoluci\u00f3n","author":"hoymercedes","date":"3 septiembre, 2022","format":false,"excerpt":"HCD Mercedes llev\u00f3 adelante Sesi\u00f3n Especial. Ver video.","rel":"","context":"En \u00abHCD Mercedes\u00bb","block_context":{"text":"HCD Mercedes","link":"https:\/\/www.hoymercedes.com.ar\/principal\/category\/hcd-mercedes\/"},"img":{"alt_text":"","src":"https:\/\/i0.wp.com\/www.hoymercedes.com.ar\/principal\/wp-content\/uploads\/2022\/09\/HCD-concejales.jpeg?resize=350%2C200&ssl=1","width":350,"height":200},"classes":[]},{"id":61582,"url":"https:\/\/www.hoymercedes.com.ar\/principal\/2017\/04\/10\/repudio-a-la-represion-docente\/","url_meta":{"origin":61613,"position":4},"title":"Opinion: Repudio a la Represi\u00f3n Docente","author":"hoymercedes","date":"10 abril, 2017","format":false,"excerpt":"Por Jose Luis Pisano* - Repudiamos en\u00e9rgicamente el accionar represivo de la Alianza Cambiemos (PRO-UCR) y creemos necesario que el conjunto de la ciudadan\u00eda exprese su rechazo ante estas acciones violentas de un gobierno que no encuentra la salida a un programa econ\u00f3mico que est\u00e1 dejando a la gente afuera,\u2026","rel":"","context":"En \u00abOpini\u00f3n\u00bb","block_context":{"text":"Opini\u00f3n","link":"https:\/\/www.hoymercedes.com.ar\/principal\/category\/opinion\/"},"img":{"alt_text":"","src":"https:\/\/i0.wp.com\/www.hoymercedes.com.ar\/principal\/wp-content\/uploads\/2017\/04\/photo5141275200380315565-e1492520435149.jpg?resize=350%2C200&ssl=1","width":350,"height":200,"srcset":"https:\/\/i0.wp.com\/www.hoymercedes.com.ar\/principal\/wp-content\/uploads\/2017\/04\/photo5141275200380315565-e1492520435149.jpg?resize=350%2C200&ssl=1 1x, https:\/\/i0.wp.com\/www.hoymercedes.com.ar\/principal\/wp-content\/uploads\/2017\/04\/photo5141275200380315565-e1492520435149.jpg?resize=525%2C300&ssl=1 1.5x"},"classes":[]},{"id":162846,"url":"https:\/\/www.hoymercedes.com.ar\/principal\/2023\/05\/31\/se-presento-el-hcd-juvenil\/","url_meta":{"origin":61613,"position":5},"title":"Se present\u00f3 el HCD Juvenil","author":"hoymercedes","date":"31 mayo, 2023","format":false,"excerpt":"En la tarde del \u00faltimo martes, el Concejo Deliberante de Mercedes puso en marcha el decreto que crea el \"Honorable Concejo Deliberante Juvenil\", norma creada en noviembre pasado y que esta semana comenzar\u00e1 a funcionar con representantes de las escuelas secundarias de la ciudad, tanto de gesti\u00f3n p\u00fablica como privada.\u2026","rel":"","context":"En \u00abHCD Mercedes\u00bb","block_context":{"text":"HCD Mercedes","link":"https:\/\/www.hoymercedes.com.ar\/principal\/category\/hcd-mercedes\/"},"img":{"alt_text":"","src":"https:\/\/i0.wp.com\/www.hoymercedes.com.ar\/principal\/wp-content\/uploads\/2023\/05\/HCD-juvenil.jpg?resize=350%2C200&ssl=1","width":350,"height":200,"srcset":"https:\/\/i0.wp.com\/www.hoymercedes.com.ar\/principal\/wp-content\/uploads\/2023\/05\/HCD-juvenil.jpg?resize=350%2C200&ssl=1 1x, https:\/\/i0.wp.com\/www.hoymercedes.com.ar\/principal\/wp-content\/uploads\/2023\/05\/HCD-juvenil.jpg?resize=525%2C300&ssl=1 1.5x, https:\/\/i0.wp.com\/www.hoymercedes.com.ar\/principal\/wp-content\/uploads\/2023\/05\/HCD-juvenil.jpg?resize=700%2C400&ssl=1 2x"},"classes":[]}],"_links":{"self":[{"href":"https:\/\/www.hoymercedes.com.ar\/principal\/wp-json\/wp\/v2\/posts\/61613","targetHints":{"allow":["GET"]}}],"collection":[{"href":"https:\/\/www.hoymercedes.com.ar\/principal\/wp-json\/wp\/v2\/posts"}],"about":[{"href":"https:\/\/www.hoymercedes.com.ar\/principal\/wp-json\/wp\/v2\/types\/post"}],"author":[{"embeddable":true,"href":"https:\/\/www.hoymercedes.com.ar\/principal\/wp-json\/wp\/v2\/users\/1"}],"replies":[{"embeddable":true,"href":"https:\/\/www.hoymercedes.com.ar\/principal\/wp-json\/wp\/v2\/comments?post=61613"}],"version-history":[{"count":0,"href":"https:\/\/www.hoymercedes.com.ar\/principal\/wp-json\/wp\/v2\/posts\/61613\/revisions"}],"wp:featuredmedia":[{"embeddable":true,"href":"https:\/\/www.hoymercedes.com.ar\/principal\/wp-json\/wp\/v2\/media\/61614"}],"wp:attachment":[{"href":"https:\/\/www.hoymercedes.com.ar\/principal\/wp-json\/wp\/v2\/media?parent=61613"}],"wp:term":[{"taxonomy":"category","embeddable":true,"href":"https:\/\/www.hoymercedes.com.ar\/principal\/wp-json\/wp\/v2\/categories?post=61613"},{"taxonomy":"post_tag","embeddable":true,"href":"https:\/\/www.hoymercedes.com.ar\/principal\/wp-json\/wp\/v2\/tags?post=61613"}],"curies":[{"name":"wp","href":"https:\/\/api.w.org\/{rel}","templated":true}]}}