{"id":61629,"date":"2017-04-12T09:03:51","date_gmt":"2017-04-12T12:03:51","guid":{"rendered":"http:\/\/www.hoymercedes.com.ar\/principal\/?p=61629"},"modified":"2017-04-12T08:58:30","modified_gmt":"2017-04-12T11:58:30","slug":"mercedes-sera-parte-de-un-programa-de-capacitacion-laboral-a-nivel-provincial","status":"publish","type":"post","link":"https:\/\/www.hoymercedes.com.ar\/principal\/2017\/04\/12\/mercedes-sera-parte-de-un-programa-de-capacitacion-laboral-a-nivel-provincial\/","title":{"rendered":"Mercedes ser\u00e1 parte de un programa de capacitaci\u00f3n laboral a nivel provincial"},"content":{"rendered":"<p class=\"x_MsoNormal\"><img loading=\"lazy\" decoding=\"async\" data-attachment-id=\"61630\" data-permalink=\"https:\/\/www.hoymercedes.com.ar\/principal\/2017\/04\/12\/mercedes-sera-parte-de-un-programa-de-capacitacion-laboral-a-nivel-provincial\/capacita\/#main\" data-orig-file=\"https:\/\/www.hoymercedes.com.ar\/principal\/wp-content\/uploads\/2017\/04\/capacita.jpg\" data-orig-size=\"600,341\" data-comments-opened=\"0\" data-image-meta=\"{&quot;aperture&quot;:&quot;0&quot;,&quot;credit&quot;:&quot;&quot;,&quot;camera&quot;:&quot;&quot;,&quot;caption&quot;:&quot;&quot;,&quot;created_timestamp&quot;:&quot;0&quot;,&quot;copyright&quot;:&quot;&quot;,&quot;focal_length&quot;:&quot;0&quot;,&quot;iso&quot;:&quot;0&quot;,&quot;shutter_speed&quot;:&quot;0&quot;,&quot;title&quot;:&quot;&quot;,&quot;orientation&quot;:&quot;1&quot;}\" data-image-title=\"capacita\" data-image-description=\"\" data-image-caption=\"\" data-large-file=\"https:\/\/www.hoymercedes.com.ar\/principal\/wp-content\/uploads\/2017\/04\/capacita.jpg\" class=\"aligncenter size-full wp-image-61630\" src=\"https:\/\/www.hoymercedes.com.ar\/principal\/wp-content\/uploads\/2017\/04\/capacita.jpg\" alt=\"\" width=\"600\" height=\"341\" srcset=\"https:\/\/www.hoymercedes.com.ar\/principal\/wp-content\/uploads\/2017\/04\/capacita.jpg 600w, https:\/\/www.hoymercedes.com.ar\/principal\/wp-content\/uploads\/2017\/04\/capacita-150x85.jpg 150w\" sizes=\"auto, (max-width: 600px) 100vw, 600px\" \/>La Municipalidad de Mercedes contin\u00faa su arduo trabajo de gesti\u00f3n en distintos espacios institucionales con el objetivo de crear las necesarias condiciones que posibiliten ampliar las posibilidades de empleo a los j\u00f3venes locales. En esta ocasi\u00f3n, adem\u00e1s, fue parte de una valiosa reuni\u00f3n.<\/p>\n<p class=\"x_MsoNormal\">La Direcci\u00f3n de Producci\u00f3n a cargo de Sim\u00f3n Bruschi particip\u00f3 por medio de la Oficina de Empleo en una jornada convocada por el Ministerio de Trabajo, Empleo y Seguridad Social de la Provincia de Buenos Aires donde se rubricaron acuerdo entre la mencionada cartera y las fundaciones Crear y Nordelta.<\/p>\n<p class=\"x_MsoNormal\">El secretario de Empleo, Miguel \u00c1ngel Ponte, quien encabez\u00f3 las firmas, se\u00f1al\u00f3 la importancia de profundizar la capacitaci\u00f3n de los trabajadores de cada rinc\u00f3n del pa\u00eds, para que, a trav\u00e9s de la formaci\u00f3n, se puedan impulsar sectores de la Econom\u00eda Popular que precisan especial dedicaci\u00f3n.<\/p>\n<p class=\"x_MsoNormal\">Por su parte para Bruschi es acci\u00f3n m\u00e1s de la constante cadena de elementos que permiten construir un futuro mejor para los mercedinos en una tarea que no es simple ni sencilla, pero, que debe ser afrontada.<\/p>\n<p class=\"x_MsoNormal\">Los convenios se busque beneficien a j\u00f3venes mayores de 18 a\u00f1os, adultos desocupados y participantes de los programas del Ministerio de Trabajo.<\/p>\n<p class=\"x_MsoNormal\">Los programas incluyen el dictado de 50 Cursos de Introducci\u00f3n al Trabajo, 15 Talleres de Orientaci\u00f3n Laboral, y la uni\u00f3n de intenciones con diferentes empresas y c\u00e1maras para generar acciones de entrenamiento en el marco del Programa de inserci\u00f3n Laboral en el Sector Privado.<\/p>\n<p class=\"x_MsoNormal\">Para su implementaci\u00f3n, el Ministerio abarcar\u00e1 las localidades bonaerenses de La Plata, Lan\u00fas, Florencio Varela, Ezeiza, Berazategui, Avellaneda, Pte. Per\u00f3n, Bolivar, Chivilcoy, Chacabuco, General Belgrano, Mercedes, 9 de Julio y Bah\u00eda Blanca, y tambi\u00e9n de Gualeguaych\u00fa, Entre R\u00edos.<\/p>\n<p class=\"x_MsoNormal\">(Fuente: Prensa Municipal)<\/p>\n","protected":false},"excerpt":{"rendered":"<p>La Municipalidad de Mercedes contin\u00faa su arduo trabajo de gesti\u00f3n en distintos espacios institucionales con el objetivo de crear las &#8230; <a title=\"Mercedes ser\u00e1 parte de un programa de capacitaci\u00f3n laboral a nivel provincial\" class=\"read-more\" href=\"https:\/\/www.hoymercedes.com.ar\/principal\/2017\/04\/12\/mercedes-sera-parte-de-un-programa-de-capacitacion-laboral-a-nivel-provincial\/\" aria-label=\"Leer m\u00e1s sobre Mercedes ser\u00e1 parte de un programa de capacitaci\u00f3n laboral a nivel provincial\">Leer m\u00e1s<\/a><\/p>\n","protected":false},"author":1,"featured_media":61630,"comment_status":"closed","ping_status":"open","sticky":false,"template":"","format":"standard","meta":{"_monsterinsights_skip_tracking":false,"_monsterinsights_sitenote_active":false,"_monsterinsights_sitenote_note":"","_monsterinsights_sitenote_category":0,"jetpack_post_was_ever_published":false,"_jetpack_newsletter_access":"","_jetpack_dont_email_post_to_subs":false,"_jetpack_newsletter_tier_id":0,"_jetpack_memberships_contains_paywalled_content":false,"_jetpack_memberships_contains_paid_content":false,"footnotes":"","jetpack_publicize_message":"","jetpack_publicize_feature_enabled":true,"jetpack_social_post_already_shared":true,"jetpack_social_options":{"image_generator_settings":{"template":"highway","default_image_id":0,"font":"","enabled":false},"version":2},"_wpas_customize_per_network":false},"categories":[30],"tags":[8656,10,1432,244],"class_list":["post-61629","post","type-post","status-publish","format-standard","has-post-thumbnail","hentry","category-municipio","tag-capacitacion","tag-mercedes","tag-ministerio-de-trabajo","tag-municipio-2","generate-columns","tablet-grid-50","mobile-grid-100","grid-parent","grid-50"],"jetpack_publicize_connections":[],"jetpack_featured_media_url":"https:\/\/www.hoymercedes.com.ar\/principal\/wp-content\/uploads\/2017\/04\/capacita.jpg","wps_subtitle":"Desde el Ministerio de Trabajo","jetpack_sharing_enabled":true,"_links":{"self":[{"href":"https:\/\/www.hoymercedes.com.ar\/principal\/wp-json\/wp\/v2\/posts\/61629","targetHints":{"allow":["GET"]}}],"collection":[{"href":"https:\/\/www.hoymercedes.com.ar\/principal\/wp-json\/wp\/v2\/posts"}],"about":[{"href":"https:\/\/www.hoymercedes.com.ar\/principal\/wp-json\/wp\/v2\/types\/post"}],"author":[{"embeddable":true,"href":"https:\/\/www.hoymercedes.com.ar\/principal\/wp-json\/wp\/v2\/users\/1"}],"replies":[{"embeddable":true,"href":"https:\/\/www.hoymercedes.com.ar\/principal\/wp-json\/wp\/v2\/comments?post=61629"}],"version-history":[{"count":0,"href":"https:\/\/www.hoymercedes.com.ar\/principal\/wp-json\/wp\/v2\/posts\/61629\/revisions"}],"wp:featuredmedia":[{"embeddable":true,"href":"https:\/\/www.hoymercedes.com.ar\/principal\/wp-json\/wp\/v2\/media\/61630"}],"wp:attachment":[{"href":"https:\/\/www.hoymercedes.com.ar\/principal\/wp-json\/wp\/v2\/media?parent=61629"}],"wp:term":[{"taxonomy":"category","embeddable":true,"href":"https:\/\/www.hoymercedes.com.ar\/principal\/wp-json\/wp\/v2\/categories?post=61629"},{"taxonomy":"post_tag","embeddable":true,"href":"https:\/\/www.hoymercedes.com.ar\/principal\/wp-json\/wp\/v2\/tags?post=61629"}],"curies":[{"name":"wp","href":"https:\/\/api.w.org\/{rel}","templated":true}]}}