{"id":61642,"date":"2017-04-12T20:11:38","date_gmt":"2017-04-12T23:11:38","guid":{"rendered":"http:\/\/www.hoymercedes.com.ar\/principal\/?p=61642"},"modified":"2017-04-13T11:30:20","modified_gmt":"2017-04-13T14:30:20","slug":"club-mercedes-vencio-como-visitante-a-gimnasia-de-chivilcoy","status":"publish","type":"post","link":"https:\/\/www.hoymercedes.com.ar\/principal\/2017\/04\/12\/club-mercedes-vencio-como-visitante-a-gimnasia-de-chivilcoy\/","title":{"rendered":"Club Mercedes venci\u00f3 como visitante a Gimnasia de Chivilcoy"},"content":{"rendered":"<p><strong><em>Finalmente se jug\u00f3 en el estadio Jos\u00e9 Mar\u00eda Paz de la ciudad de Chivilcoy el partido de ida de los cuartos de final entre Gimnasia y Esgrima y Club Mercedes en un campo de juego complicado, ya que la lluvia del fin de semana hizo que todav\u00eda el terreno est\u00e9 demasiado blando y eso complic\u00f3 el juego para los de Walter D\u00edaz, que en el inicio del encuentro buscaron jugar con la pelota al ras del piso y los pases no llegaban a destino.<\/em><\/strong><\/p>\n<p><img loading=\"lazy\" decoding=\"async\" data-attachment-id=\"61643\" data-permalink=\"https:\/\/www.hoymercedes.com.ar\/principal\/2017\/04\/12\/club-mercedes-vencio-como-visitante-a-gimnasia-de-chivilcoy\/whatsapp-image-2017-04-12-at-15-06-25\/#main\" data-orig-file=\"https:\/\/www.hoymercedes.com.ar\/principal\/wp-content\/uploads\/2017\/04\/WhatsApp-Image-2017-04-12-at-15.06.25-e1492520222762.jpeg\" data-orig-size=\"630,378\" data-comments-opened=\"0\" data-image-meta=\"{&quot;aperture&quot;:&quot;0&quot;,&quot;credit&quot;:&quot;&quot;,&quot;camera&quot;:&quot;&quot;,&quot;caption&quot;:&quot;&quot;,&quot;created_timestamp&quot;:&quot;0&quot;,&quot;copyright&quot;:&quot;&quot;,&quot;focal_length&quot;:&quot;0&quot;,&quot;iso&quot;:&quot;0&quot;,&quot;shutter_speed&quot;:&quot;0&quot;,&quot;title&quot;:&quot;&quot;,&quot;orientation&quot;:&quot;0&quot;}\" data-image-title=\"WhatsApp Image 2017-04-12 at 15.06.25\" data-image-description=\"\" data-image-caption=\"\" data-large-file=\"https:\/\/www.hoymercedes.com.ar\/principal\/wp-content\/uploads\/2017\/04\/WhatsApp-Image-2017-04-12-at-15.06.25-1024x614.jpeg\" class=\"aligncenter size-medium wp-image-61643\" src=\"https:\/\/www.hoymercedes.com.ar\/principal\/wp-content\/uploads\/2017\/04\/WhatsApp-Image-2017-04-12-at-15.06.25-630x378.jpeg\" alt=\"\" width=\"630\" height=\"378\" \/><\/p>\n<p>Fue un encuentro discreto, donde no abundaron las situaciones de peligro y el que primero peg\u00f3 fue el que se qued\u00f3 con los 90 minutos iniciales. Mercedes mereci\u00f3 quedarse con el encuentro, porque fue m\u00e1s inteligente, porque supo cerrar los espacios, porque supo suplir la falta de Rom\u00e1n D\u00edaz, Walter Vazquez y Mariano Rivas, y porque estuvo atento en todo momento. Con Godoy y Parra como salida, acompa\u00f1ados por G\u00f3mez y Cabral, sostenidos por Contardi y Barrientos, el blanquinegro arm\u00f3 una fortaleza dif\u00edcil de superar, porque cuando Gatti o Biglia cortaban los pelotados frontales, cualquiera de \u00e9stos sal\u00edan jugando r\u00e1pido por los costados para tratar de asistir a Lawler, que no tuvo remates al arco de peligro, pero se mostr\u00f3 movedizo en todo momento.<\/p>\n<p>Gimnasia mostr\u00f3 muchas falencias defensivas durante todo el partido. De hecho, el gol lleg\u00f3 por un error grosero de Jaime, quien intent\u00f3 gambetear a Parra, \u00e9ste le rob\u00f3 la pelota a los 7 del segundo tiempo y cuando el volante de Mercedes se fue contra la l\u00ednea de fondo, envi\u00f3 un centro que termin\u00f3 dentro del arco de Anchava, quien salt\u00f3 para desviar el remate y no lo logr\u00f3. Con el 1 a 0, Mercedes justificaba lo hecho en el primer tiempo, donde tuvo m\u00e1s la pelota, en el que lleg\u00f3 tres veces claras al \u00e1rea rival contra una sola del local y que tras el gol termin\u00f3 justificando, ya que tras el grito de Parra, se adue\u00f1\u00f3 de la pelota, alej\u00f3 a los de Santorelli del arco de Calabria y tuvo posibilidad de ampliar el marcador, especialmente en la que Barrientos, dentro del \u00e1rea, pic\u00f3 la pelota, que se fue al techo del arco.<\/p>\n<p>En los \u00faltimos diez minutos Gimnasia sali\u00f3 del asedio y tuvo tres posibilidades claras de empatar. Un remate de Velazquez que Calabria con la cara la salv\u00f3, otra del delantero que Gatti sac\u00f3 en la l\u00ednea y un tercer remate que Biglia tambi\u00e9n sac\u00f3 en la l\u00ednea. Sin embargo, la pelota no entr\u00f3 y el triunfo se lo llev\u00f3 a Club Mercedes, que fue acompa\u00f1ado por m\u00e1s de 150 personas en lo que fue el primer partido oficial en el que estos dos cuadros se enfrentan en la rica historia que ambos tienen.<\/p>\n<p>El partido de vuelta se jugar\u00e1 este domingo desde las 16.30 en cancha de la Liga Mercedina, Mercedes con el empate clasificar\u00e1 a semifinales y en caso de perder por un gol, ir\u00e1 a penales. Si Gimnasia gana por dos goles o m\u00e1s, ser\u00e1 el clasificado. El que supere la instancia se medir\u00e1 con el ganador de Sports de Salto y SATSAID, encuentro que por el momento est\u00e1 3 a 1 en contra del Sindicato.<\/p>\n<p>&nbsp;<\/p>\n<p><span class=\"embed-youtube\" style=\"text-align:center; display: block;\"><iframe loading=\"lazy\" class=\"youtube-player\" width=\"1200\" height=\"675\" src=\"https:\/\/www.youtube.com\/embed\/HUUvWi2oB8o?version=3&#038;rel=1&#038;showsearch=0&#038;showinfo=1&#038;iv_load_policy=1&#038;fs=1&#038;hl=es-ES&#038;autohide=2&#038;wmode=transparent\" allowfullscreen=\"true\" style=\"border:0;\" sandbox=\"allow-scripts allow-same-origin allow-popups allow-presentation allow-popups-to-escape-sandbox\"><\/iframe><\/span><\/p>\n<p><strong>Gimnasia 0:<\/strong> Juan Anchaba, Franco Cagnone, Nahuel Jaime, Cristian Gim\u00e9nez, Julio Cejas, Alexis Beltr\u00e1n, Leandro Vitta, Albano Coronel, Emanuel Vel\u00e1zquez, Mat\u00edas Rotondi y Atuel Ledesma. <strong>DT:<\/strong> Atuel Ledesma. <strong>Suplentes:<\/strong> Fernando Banchero, Emiliano Perrielo y Jonathan Dutafuco.<br \/>\n<strong><br \/>\nClub Mercedes1:<\/strong> Alejandro Calabria, Cristian Biglia, Oscar G\u00f3mez, Sebasti\u00e1n Cabral, Nicol\u00e1s Contardi, Juan Gatti, Joaqu\u00edn Parra, Gast\u00f3n Godoy, Luis Lawler, Cristian Barrientos y Franco Gatti. <strong>DT:<\/strong> Walter D\u00edaz. <strong>Suplentes:<\/strong> Juan Bidone y Hern\u00e1n Asurmendi.<br \/>\n<strong><br \/>\n<\/strong><strong>Gol en el ST:<\/strong> A los 6\u2019 Joaqu\u00edn Parra para Club Mercedes.<br \/>\n<strong>Cambios:<\/strong> Mat\u00edas Milozzi por Alexis Beltr\u00e1n y Dami\u00e1n Vallerino por Julio Cejas en Gimnasia. Thiago Portesi por Joaqu\u00edn Parra, Nicol\u00e1s Minetti por Franco Gatti y Soalno Espil por Luis Lawler en Club Mercedes.<br \/>\n<strong>Arbitro:<\/strong> Mariano Lieve (Liga de Lobos).<\/p>\n","protected":false},"excerpt":{"rendered":"<p>Finalmente se jug\u00f3 en el estadio Jos\u00e9 Mar\u00eda Paz de la ciudad de Chivilcoy el partido de ida de los &#8230; <a title=\"Club Mercedes venci\u00f3 como visitante a Gimnasia de Chivilcoy\" class=\"read-more\" href=\"https:\/\/www.hoymercedes.com.ar\/principal\/2017\/04\/12\/club-mercedes-vencio-como-visitante-a-gimnasia-de-chivilcoy\/\" aria-label=\"Leer m\u00e1s sobre Club Mercedes venci\u00f3 como visitante a Gimnasia de Chivilcoy\">Leer m\u00e1s<\/a><\/p>\n","protected":false},"author":1,"featured_media":61643,"comment_status":"closed","ping_status":"open","sticky":false,"template":"","format":"standard","meta":{"_monsterinsights_skip_tracking":false,"_monsterinsights_sitenote_active":false,"_monsterinsights_sitenote_note":"","_monsterinsights_sitenote_category":0,"jetpack_post_was_ever_published":false,"_jetpack_newsletter_access":"","_jetpack_dont_email_post_to_subs":true,"_jetpack_newsletter_tier_id":0,"_jetpack_memberships_contains_paywalled_content":false,"_jetpack_memberships_contains_paid_content":false,"footnotes":"","jetpack_publicize_message":"","jetpack_publicize_feature_enabled":true,"jetpack_social_post_already_shared":true,"jetpack_social_options":{"image_generator_settings":{"template":"highway","default_image_id":0,"font":"","enabled":false},"version":2},"_wpas_customize_per_network":false},"categories":[21],"tags":[122,204,8412,1003],"class_list":["post-61642","post","type-post","status-publish","format-standard","has-post-thumbnail","hentry","category-deportes","tag-club-mercedes","tag-deportes-2","tag-federal-c","tag-futbol","generate-columns","tablet-grid-50","mobile-grid-100","grid-parent","grid-50"],"jetpack_publicize_connections":[],"jetpack_featured_media_url":"https:\/\/www.hoymercedes.com.ar\/principal\/wp-content\/uploads\/2017\/04\/WhatsApp-Image-2017-04-12-at-15.06.25-e1492520222762.jpeg","wps_subtitle":"Federal C","jetpack_sharing_enabled":true,"_links":{"self":[{"href":"https:\/\/www.hoymercedes.com.ar\/principal\/wp-json\/wp\/v2\/posts\/61642","targetHints":{"allow":["GET"]}}],"collection":[{"href":"https:\/\/www.hoymercedes.com.ar\/principal\/wp-json\/wp\/v2\/posts"}],"about":[{"href":"https:\/\/www.hoymercedes.com.ar\/principal\/wp-json\/wp\/v2\/types\/post"}],"author":[{"embeddable":true,"href":"https:\/\/www.hoymercedes.com.ar\/principal\/wp-json\/wp\/v2\/users\/1"}],"replies":[{"embeddable":true,"href":"https:\/\/www.hoymercedes.com.ar\/principal\/wp-json\/wp\/v2\/comments?post=61642"}],"version-history":[{"count":0,"href":"https:\/\/www.hoymercedes.com.ar\/principal\/wp-json\/wp\/v2\/posts\/61642\/revisions"}],"wp:featuredmedia":[{"embeddable":true,"href":"https:\/\/www.hoymercedes.com.ar\/principal\/wp-json\/wp\/v2\/media\/61643"}],"wp:attachment":[{"href":"https:\/\/www.hoymercedes.com.ar\/principal\/wp-json\/wp\/v2\/media?parent=61642"}],"wp:term":[{"taxonomy":"category","embeddable":true,"href":"https:\/\/www.hoymercedes.com.ar\/principal\/wp-json\/wp\/v2\/categories?post=61642"},{"taxonomy":"post_tag","embeddable":true,"href":"https:\/\/www.hoymercedes.com.ar\/principal\/wp-json\/wp\/v2\/tags?post=61642"}],"curies":[{"name":"wp","href":"https:\/\/api.w.org\/{rel}","templated":true}]}}