{"id":61651,"date":"2017-04-13T12:15:42","date_gmt":"2017-04-13T15:15:42","guid":{"rendered":"http:\/\/www.hoymercedes.com.ar\/principal\/?p=61651"},"modified":"2017-04-13T12:15:42","modified_gmt":"2017-04-13T15:15:42","slug":"cestari-expresa-su-opinion-sobre-el-tratamiento-de-algunos-proyectos","status":"publish","type":"post","link":"https:\/\/www.hoymercedes.com.ar\/principal\/2017\/04\/13\/cestari-expresa-su-opinion-sobre-el-tratamiento-de-algunos-proyectos\/","title":{"rendered":"Cestari expresa su opini\u00f3n sobre el tratamiento de algunos proyectos."},"content":{"rendered":"<p>El pasado\u00a010 de abril se realiz\u00f3 la primera sesi\u00f3n ordinaria del a\u00f1o en el Departamento Legislativo. Desde este sitio reflejamos la participaci\u00f3n de la<a href=\"https:\/\/www.hoymercedes.com.ar\/principal\/2017\/04\/11\/dos-bancas-por-problemas-de-obras-y-lluvias-en-distintas-zonas\/\" target=\"_blank\">s bancas de vecinos<\/a> y el tratamiento que los ediles le dieron al <a href=\"https:\/\/www.hoymercedes.com.ar\/principal\/2017\/04\/11\/el-hcd-repudio-la-agresion-a-los-docentes-en-la-plaza-dos-congresos\/\" target=\"_blank\">conflicto docente<\/a>. Sin embargo, la sesi\u00f3n se extendi\u00f3 y el orden del d\u00eda inclu\u00eda diferentes tem\u00e1ticas y propuestas. El tratamiento de algunos de esos expedientes motiv\u00f3 al concejal de la Agrupaci\u00f3n Vecinal Mercedina, Jos\u00e9 Cestari a expresar varias opiniones tanto dentro del recinto como fuera.<\/p>\n<p>\u201cSe aprobaron por unanimidad tres Proyectos de Resoluci\u00f3n de mi autor\u00eda. El primeo tienen que ver con el pedido para que la prestataria ampl\u00ede su atenci\u00f3n horaria y tenga mayor personal o que establezcan convenios con entidades p\u00fablicas o privadas que atiendan el pago de los servicios. Lo mismo se le pidi\u00f3 al Municipio de Mercedes. El segundo\u00a0proyecto aprobado fue para que se limpie y repare el desag\u00fce pluvial localizado frente a la Escuela Primaria N\u00b0 30, calle 55 entre 12 y 14. y el tercero para que se limpie las malezas y basura existentes en el canal de desag\u00fce pluvial a cielo abierto, localizado al norte de la calle 6, entre Avenida 17 y calle 55, acondicionando las veredas (norte y sur) de la calle 6 entre Avenida 47 y calle 55\u201d, explic\u00f3.<\/p>\n<p>Aunque tambi\u00e9n, Cestari cont\u00f3 que fue coautor de otros proyectos elevado en conjunto con los otros bloques legislativos.\u00a0\u201cJunto con\u00a0los bloques legislativos ingresamos un proyecto para declarar de inter\u00e9s legislativo el 145\u00b0 aniversario de la Societ\u00e1 Italiana di Mutuo Soccorros di Mercedes (B) (Sociedad Italiana de Mercedes)\u00a0que fue aprobado por unanimidad. Mientras que le proyecto de ordenanza para disponer sobre Avenida 2 entre calles 19 y 21 (Bapro), lado sur, estacionamiento reservado para motoveh\u00edculos en cantidad de ocho lugares, con la correspondiente demarcaci\u00f3n en forma horizontal y vertical, pas\u00f3 a la comisi\u00f3n de tr\u00e1nsito\u201d, agreg\u00f3<\/p>\n<p>\u201cEl Proyecto de Resoluci\u00f3n dirigido al juez Carlos Cattogio, titular del Juzgado Comercial 25 de La Plata, para manifestarle su benepl\u00e1cito por el fallo en el que ordena al gobierno de la Provincia de Buenos Aires suspender el aumento en la tarifa de los peajes, pas\u00f3 a Comisi\u00f3n de legislaci\u00f3n. En reuni\u00f3n de presidentes de bloque se acord\u00f3 tratarlo sobre tablas, el Bloque Cambiemos manifest\u00f3 su abstenci\u00f3n en la votaci\u00f3n &#8211; coherente con su relato pol\u00edtico -, el Bloque FRPJ manifest\u00f3 que les hac\u00eda ruido y que no ve\u00edan viable injerir sobre el Poder Judicial, pero lo que me llam\u00f3 la atenci\u00f3n fue la negativa del Presidente de Bloque del FMPV quien manifest\u00f3 que no acompa\u00f1ar\u00eda el Proyecto. Agradezco a los concejales del FMPV Mat\u00edas Dematei, Celeste Burone y C\u00e9sar Salazar, que quisieron acompa\u00f1ar el proyecto pero los votos no alcanzar\u00edan para su aprobaci\u00f3n, en consecuencia decid\u00ed enviarlo a Comisi\u00f3n. \u00a0Respeto, pero no comparto que el HCD no pueda manifestar el benepl\u00e1cito a un Juez que defiende el bolsillo de los usuarios. Recordemos que el Presidente, Mauricio Macri, manifest\u00f3 en estos d\u00edas &#8216;tenemos que entender que el sistema se equivoc\u00f3 o el juez Rossi no entendi\u00f3 la dimensi\u00f3n de su tarea. Pero este tipo de jueces no los podemos tener&#8217;\u201d, \u00a0agreg\u00f3 el concejal Cestari<\/p>\n","protected":false},"excerpt":{"rendered":"<p>El pasado\u00a010 de abril se realiz\u00f3 la primera sesi\u00f3n ordinaria del a\u00f1o en el Departamento Legislativo. Desde este sitio reflejamos &#8230; <a title=\"Cestari expresa su opini\u00f3n sobre el tratamiento de algunos proyectos.\" class=\"read-more\" href=\"https:\/\/www.hoymercedes.com.ar\/principal\/2017\/04\/13\/cestari-expresa-su-opinion-sobre-el-tratamiento-de-algunos-proyectos\/\" aria-label=\"Leer m\u00e1s sobre Cestari expresa su opini\u00f3n sobre el tratamiento de algunos proyectos.\">Leer m\u00e1s<\/a><\/p>\n","protected":false},"author":1,"featured_media":58668,"comment_status":"closed","ping_status":"open","sticky":false,"template":"","format":"standard","meta":{"_monsterinsights_skip_tracking":false,"_monsterinsights_sitenote_active":false,"_monsterinsights_sitenote_note":"","_monsterinsights_sitenote_category":0,"jetpack_post_was_ever_published":false,"_jetpack_newsletter_access":"","_jetpack_dont_email_post_to_subs":false,"_jetpack_newsletter_tier_id":0,"_jetpack_memberships_contains_paywalled_content":false,"_jetpack_memberships_contains_paid_content":false,"footnotes":"","jetpack_publicize_message":"","jetpack_publicize_feature_enabled":true,"jetpack_social_post_already_shared":true,"jetpack_social_options":{"image_generator_settings":{"template":"highway","default_image_id":0,"font":"","enabled":false},"version":2},"_wpas_customize_per_network":false},"categories":[5],"tags":[15,321,5319,9095],"class_list":["post-61651","post","type-post","status-publish","format-standard","has-post-thumbnail","hentry","category-politica","tag-hcd","tag-jose-cestari","tag-politica-2","tag-sesion","generate-columns","tablet-grid-50","mobile-grid-100","grid-parent","grid-50"],"jetpack_publicize_connections":[],"jetpack_featured_media_url":"https:\/\/www.hoymercedes.com.ar\/principal\/wp-content\/uploads\/2017\/01\/03-Cestari.jpg","wps_subtitle":"Tras la sesi\u00f3n del lunes pasado","jetpack_sharing_enabled":true,"jetpack-related-posts":[{"id":52467,"url":"https:\/\/www.hoymercedes.com.ar\/principal\/2016\/07\/13\/aprueban-que-propuesta-de-escuelas-en-el-concejo\/","url_meta":{"origin":61651,"position":0},"title":"Aprueban que propuesta de escuelas en el Concejo","author":"hoymercedes","date":"13 julio, 2016","format":false,"excerpt":"El concejal de la Agrupaci\u00f3n Vecinal Mercedina \u00a0Jos\u00e9 Cestari, autor del proyecto aprobado en la sesi\u00f3n pasada para que los estudiantes secundarios,\u00a0de escuelas de gesti\u00f3n p\u00fablica y privada de Mercedes, participen\u00a0en el proyecto escolar \"Cuidemos el ambiente mercedino. Por una ciudad m\u00e1s limpia\" que se desarrollar\u00e1 en el Concejo Deliberante\u2026","rel":"","context":"En \u00abPol\u00edtica\u00bb","block_context":{"text":"Pol\u00edtica","link":"https:\/\/www.hoymercedes.com.ar\/principal\/category\/politica\/"},"img":{"alt_text":"","src":"https:\/\/i0.wp.com\/www.hoymercedes.com.ar\/principal\/wp-content\/uploads\/2016\/07\/13-cestari.jpg?resize=350%2C200&ssl=1","width":350,"height":200},"classes":[]},{"id":36998,"url":"https:\/\/www.hoymercedes.com.ar\/principal\/2014\/10\/20\/mic-continua-dialogando-con-los-vecinos-e-invitando-a-participar\/","url_meta":{"origin":61651,"position":1},"title":"MIC contin\u00faa dialogando con los vecinos e invitando a participar","author":"hoymercedes","date":"20 octubre, 2014","format":false,"excerpt":"Despu\u00e9s de un extensa Sesi\u00f3n Ordinaria en el Honorable Concejo Deliberante, que termin\u00f3 el viernes 17 de octubre a las 23.30 hs, en la que se aprobaron varios proyectos presentados por el Bloque del MIC y otros pasaron a Comisiones para su tratamiento, el Concejal Jos\u00e9 Cestari, junto a varios\u2026","rel":"","context":"En \u00abPol\u00edtica\u00bb","block_context":{"text":"Pol\u00edtica","link":"https:\/\/www.hoymercedes.com.ar\/principal\/category\/politica\/"},"img":{"alt_text":"josecestario-mic-pro-vecinos","src":"https:\/\/i0.wp.com\/www.hoymercedes.com.ar\/principal\/wp-content\/uploads\/2014\/10\/josecestario-mic-pro-vecinos.jpg?resize=350%2C200","width":350,"height":200,"srcset":"https:\/\/i0.wp.com\/www.hoymercedes.com.ar\/principal\/wp-content\/uploads\/2014\/10\/josecestario-mic-pro-vecinos.jpg?resize=350%2C200 1x, https:\/\/i0.wp.com\/www.hoymercedes.com.ar\/principal\/wp-content\/uploads\/2014\/10\/josecestario-mic-pro-vecinos.jpg?resize=525%2C300 1.5x"},"classes":[]},{"id":61918,"url":"https:\/\/www.hoymercedes.com.ar\/principal\/2017\/04\/22\/cestari-presenta-proyectos-por-edificios-historicos-de-la-ciudad\/","url_meta":{"origin":61651,"position":2},"title":"Cestari presenta proyectos por edificios hist\u00f3ricos de la ciudad","author":"hoymercedes","date":"22 abril, 2017","format":false,"excerpt":"El venidero lunes 24 de abril se llevar\u00e1 adelante una nueva sesi\u00f3n del Concejo Deliberante de Mercedes. Son varios los proyectos que estar\u00e1n present\u00e1ndose. El Concejal Vecinalista Jos\u00e9 Cestari elev\u00f3 dos proyectos que sobresalen en el orden del d\u00eda por su relaci\u00f3n con edificios hist\u00f3ricos de la ciudad. Uno es\u2026","rel":"","context":"En \u00abPol\u00edtica\u00bb","block_context":{"text":"Pol\u00edtica","link":"https:\/\/www.hoymercedes.com.ar\/principal\/category\/politica\/"},"img":{"alt_text":"","src":"https:\/\/i0.wp.com\/www.hoymercedes.com.ar\/principal\/wp-content\/uploads\/2016\/09\/23-cestari.jpg?resize=350%2C200&ssl=1","width":350,"height":200},"classes":[]},{"id":56951,"url":"https:\/\/www.hoymercedes.com.ar\/principal\/2016\/11\/11\/el-bloque-vecinal-presento-nuevos-proyectos-para-la-sesion\/","url_meta":{"origin":61651,"position":3},"title":"El bloque vecinal present\u00f3 nuevos proyectos para la sesi\u00f3n","author":"hoymercedes","date":"11 noviembre, 2016","format":false,"excerpt":"El Concejal de la Agrupaci\u00f3n Vecinal Mercedina, Jos\u00e9 Cestari, present\u00f3 seis Proyectos para que sean tratados en la pr\u00f3xima Sesi\u00f3n Ordinaria del Honorable Concejo Deliberante del d\u00eda lunes 14 de noviembre a partir de la hora 19. Uno pide que se eval\u00fae la factibilidad de instalar una silla salvaescaleras para\u2026","rel":"","context":"En \u00abPol\u00edtica\u00bb","block_context":{"text":"Pol\u00edtica","link":"https:\/\/www.hoymercedes.com.ar\/principal\/category\/politica\/"},"img":{"alt_text":"","src":"https:\/\/i0.wp.com\/www.hoymercedes.com.ar\/principal\/wp-content\/uploads\/2016\/11\/11-Cestari-AVM.jpg?resize=350%2C200&ssl=1","width":350,"height":200},"classes":[]},{"id":51706,"url":"https:\/\/www.hoymercedes.com.ar\/principal\/2016\/06\/25\/proponen-que-las-escuelas-vayan-al-concejo-con-proyectos-ambientales\/","url_meta":{"origin":61651,"position":4},"title":"Proponen que las Escuelas vayan al Concejo con proyectos ambientales","author":"hoymercedes","date":"25 junio, 2016","format":false,"excerpt":"El proyecto de llevar a los estudiantes secundario al recinto del Concejo Deliberante se cre\u00f3 hace m\u00e1s de diez a\u00f1os. En los \u00faltimos a\u00f1os, se busc\u00f3 darle una vuelta de tuerca a la propuesta y se insta a los estudiantes a presentar proyectos tem\u00e1ticos. Este a\u00f1os, el Concejal Jos\u00e9 Cestari\u2026","rel":"","context":"En \u00abPol\u00edtica\u00bb","block_context":{"text":"Pol\u00edtica","link":"https:\/\/www.hoymercedes.com.ar\/principal\/category\/politica\/"},"img":{"alt_text":"","src":"https:\/\/i0.wp.com\/www.hoymercedes.com.ar\/principal\/wp-content\/uploads\/2016\/06\/25-escuela-archivo.jpg?resize=350%2C200&ssl=1","width":350,"height":200,"srcset":"https:\/\/i0.wp.com\/www.hoymercedes.com.ar\/principal\/wp-content\/uploads\/2016\/06\/25-escuela-archivo.jpg?resize=350%2C200&ssl=1 1x, https:\/\/i0.wp.com\/www.hoymercedes.com.ar\/principal\/wp-content\/uploads\/2016\/06\/25-escuela-archivo.jpg?resize=525%2C300&ssl=1 1.5x"},"classes":[]},{"id":58128,"url":"https:\/\/www.hoymercedes.com.ar\/principal\/2016\/12\/17\/concejales-pasaron-a-cuarto-intermedio-para-el-lunes\/","url_meta":{"origin":61651,"position":5},"title":"Concejales pasaron a cuarto intermedio para el lunes","author":"hoymercedes","date":"17 diciembre, 2016","format":false,"excerpt":"En la tarde del viernes trataban los proyectos para las ordenanzas fiscal e impositiva. Para analizar las modificaciones propuestas, la sesi\u00f3n contin\u00faa el lunes a las 18 horas.\u00a0 Despu\u00e9s de idas y venidas en el d\u00eda y hora de la sesi\u00f3n extraordinaria del Concejo Deliberante, necesaria para aprobar los \u00faltimos\u2026","rel":"","context":"En \u00abPol\u00edtica\u00bb","block_context":{"text":"Pol\u00edtica","link":"https:\/\/www.hoymercedes.com.ar\/principal\/category\/politica\/"},"img":{"alt_text":"","src":"https:\/\/i0.wp.com\/www.hoymercedes.com.ar\/principal\/wp-content\/uploads\/2016\/12\/17-sesion-HCD.jpg?resize=350%2C200&ssl=1","width":350,"height":200,"srcset":"https:\/\/i0.wp.com\/www.hoymercedes.com.ar\/principal\/wp-content\/uploads\/2016\/12\/17-sesion-HCD.jpg?resize=350%2C200&ssl=1 1x, https:\/\/i0.wp.com\/www.hoymercedes.com.ar\/principal\/wp-content\/uploads\/2016\/12\/17-sesion-HCD.jpg?resize=525%2C300&ssl=1 1.5x"},"classes":[]}],"_links":{"self":[{"href":"https:\/\/www.hoymercedes.com.ar\/principal\/wp-json\/wp\/v2\/posts\/61651","targetHints":{"allow":["GET"]}}],"collection":[{"href":"https:\/\/www.hoymercedes.com.ar\/principal\/wp-json\/wp\/v2\/posts"}],"about":[{"href":"https:\/\/www.hoymercedes.com.ar\/principal\/wp-json\/wp\/v2\/types\/post"}],"author":[{"embeddable":true,"href":"https:\/\/www.hoymercedes.com.ar\/principal\/wp-json\/wp\/v2\/users\/1"}],"replies":[{"embeddable":true,"href":"https:\/\/www.hoymercedes.com.ar\/principal\/wp-json\/wp\/v2\/comments?post=61651"}],"version-history":[{"count":0,"href":"https:\/\/www.hoymercedes.com.ar\/principal\/wp-json\/wp\/v2\/posts\/61651\/revisions"}],"wp:featuredmedia":[{"embeddable":true,"href":"https:\/\/www.hoymercedes.com.ar\/principal\/wp-json\/wp\/v2\/media\/58668"}],"wp:attachment":[{"href":"https:\/\/www.hoymercedes.com.ar\/principal\/wp-json\/wp\/v2\/media?parent=61651"}],"wp:term":[{"taxonomy":"category","embeddable":true,"href":"https:\/\/www.hoymercedes.com.ar\/principal\/wp-json\/wp\/v2\/categories?post=61651"},{"taxonomy":"post_tag","embeddable":true,"href":"https:\/\/www.hoymercedes.com.ar\/principal\/wp-json\/wp\/v2\/tags?post=61651"}],"curies":[{"name":"wp","href":"https:\/\/api.w.org\/{rel}","templated":true}]}}