{"id":61654,"date":"2017-04-13T12:19:42","date_gmt":"2017-04-13T15:19:42","guid":{"rendered":"http:\/\/www.hoymercedes.com.ar\/principal\/?p=61654"},"modified":"2017-04-13T14:12:20","modified_gmt":"2017-04-13T17:12:20","slug":"los-ranqueles-volvieron-al-dictado-de-clases-de-ajedrez","status":"publish","type":"post","link":"https:\/\/www.hoymercedes.com.ar\/principal\/2017\/04\/13\/los-ranqueles-volvieron-al-dictado-de-clases-de-ajedrez\/","title":{"rendered":"Los Ranqueles volvieron al dictado de clases de ajedrez"},"content":{"rendered":"<p class=\"Estilo25\"><strong><em>Este viernes 7 de abril la Escuela de Ajedrez Los Ranqueles, de nuestra ciudad, ha comenzado a dictar sus clases gratuitas de ajedrez en el predio del Complejo Cultural La Trocha que por el momento le ha cedido el Municipio.<\/em><\/strong><\/p>\n<p class=\"Estilo25\"><img loading=\"lazy\" decoding=\"async\" data-attachment-id=\"61655\" data-permalink=\"https:\/\/www.hoymercedes.com.ar\/principal\/2017\/04\/13\/los-ranqueles-volvieron-al-dictado-de-clases-de-ajedrez\/dscn06041\/#main\" data-orig-file=\"https:\/\/www.hoymercedes.com.ar\/principal\/wp-content\/uploads\/2017\/04\/DSCN06041.jpg\" data-orig-size=\"512,354\" data-comments-opened=\"0\" data-image-meta=\"{&quot;aperture&quot;:&quot;3.2&quot;,&quot;credit&quot;:&quot;&quot;,&quot;camera&quot;:&quot;COOLPIX S2900&quot;,&quot;caption&quot;:&quot;&quot;,&quot;created_timestamp&quot;:&quot;1491590453&quot;,&quot;copyright&quot;:&quot;&quot;,&quot;focal_length&quot;:&quot;4.6&quot;,&quot;iso&quot;:&quot;200&quot;,&quot;shutter_speed&quot;:&quot;0.04&quot;,&quot;title&quot;:&quot;&quot;,&quot;orientation&quot;:&quot;1&quot;}\" data-image-title=\"DSCN06041\" data-image-description=\"\" data-image-caption=\"\" data-large-file=\"https:\/\/www.hoymercedes.com.ar\/principal\/wp-content\/uploads\/2017\/04\/DSCN06041.jpg\" class=\"aligncenter size-full wp-image-61655\" src=\"https:\/\/www.hoymercedes.com.ar\/principal\/wp-content\/uploads\/2017\/04\/DSCN06041.jpg\" alt=\"\" width=\"512\" height=\"354\" srcset=\"https:\/\/www.hoymercedes.com.ar\/principal\/wp-content\/uploads\/2017\/04\/DSCN06041.jpg 512w, https:\/\/www.hoymercedes.com.ar\/principal\/wp-content\/uploads\/2017\/04\/DSCN06041-150x104.jpg 150w\" sizes=\"auto, (max-width: 512px) 100vw, 512px\" \/><\/p>\n<p class=\"Estilo25\">Los Ranqueles est\u00e1 formada por sus alumnos, docentes, familiares y amigos. Todas sus actividades son gratuitas. No es una Escuela Municipal, ni recibe subsidios de ninguna naturaleza; se sostiene con las contribuciones voluntarias de sus integrantes.<\/p>\n<p class=\"Estilo25\">Este viernes se presentaron en la Trocha 52 ni\u00f1os, ni\u00f1as y j\u00f3venes desde los 9 hasta los 18 a\u00f1os, provenientes de diversas escuelas p\u00fablicas y privadas, como la Escuela N\u00ba 37, el Colegio Santa Mar\u00eda, la Escuela N\u00ba 2, el Colegio Nacional, Escuela Industrial, Secundaria N\u00ba 12, entre otras.<\/p>\n<p class=\"Estilo25\">En breve comenzar\u00e1n las clases en la Escuela T\u00e9cnica N\u00ba 2 de Gowland, los mi\u00e9rcoles de 17:30 a 19:00 horas.<\/p>\n<p class=\"Estilo25\">En La Trocha las clases se dictan los viernes y martes de 18:00 a 19:30 horas y son totalmente gratuitas. Pueden concurrir alumnos de cualquier escuela de la ciudad. \u201cNo es necesario traer juego, ni otro elemento; todo el material lo pone la Escuela Los Ranqueles\u201d, indic\u00f3 el profesor Harald Moser, quien es Director de \u201cLos Ranqueles\u201d.<\/p>\n<p class=\"Estilo25\">Integran el equipo de docentes: Nivel Inicial: Luc\u00eda Potes y Harald Moser; Nivel Intermedio: Araceli Paniagua y Harald Moser; Nivel avanzado: Lautaro Viard y Juan Francisco Viola; Seccional Gowland: Araceli Paniagua.<\/p>\n","protected":false},"excerpt":{"rendered":"<p>Este viernes 7 de abril la Escuela de Ajedrez Los Ranqueles, de nuestra ciudad, ha comenzado a dictar sus clases &#8230; <a title=\"Los Ranqueles volvieron al dictado de clases de ajedrez\" class=\"read-more\" href=\"https:\/\/www.hoymercedes.com.ar\/principal\/2017\/04\/13\/los-ranqueles-volvieron-al-dictado-de-clases-de-ajedrez\/\" aria-label=\"Leer m\u00e1s sobre Los Ranqueles volvieron al dictado de clases de ajedrez\">Leer m\u00e1s<\/a><\/p>\n","protected":false},"author":1,"featured_media":61655,"comment_status":"closed","ping_status":"open","sticky":false,"template":"","format":"standard","meta":{"_monsterinsights_skip_tracking":false,"_monsterinsights_sitenote_active":false,"_monsterinsights_sitenote_note":"","_monsterinsights_sitenote_category":0,"jetpack_post_was_ever_published":false,"_jetpack_newsletter_access":"","_jetpack_dont_email_post_to_subs":true,"_jetpack_newsletter_tier_id":0,"_jetpack_memberships_contains_paywalled_content":false,"_jetpack_memberships_contains_paid_content":false,"footnotes":"","jetpack_publicize_message":"","jetpack_publicize_feature_enabled":true,"jetpack_social_post_already_shared":true,"jetpack_social_options":{"image_generator_settings":{"template":"highway","default_image_id":0,"font":"","enabled":false},"version":2},"_wpas_customize_per_network":false},"categories":[21],"tags":[9871,204,10913],"class_list":["post-61654","post","type-post","status-publish","format-standard","has-post-thumbnail","hentry","category-deportes","tag-ajedrez","tag-deportes-2","tag-ranqueles","generate-columns","tablet-grid-50","mobile-grid-100","grid-parent","grid-50"],"jetpack_publicize_connections":[],"jetpack_featured_media_url":"https:\/\/www.hoymercedes.com.ar\/principal\/wp-content\/uploads\/2017\/04\/DSCN06041.jpg","wps_subtitle":"En La Trocha","jetpack_sharing_enabled":true,"jetpack-related-posts":[{"id":53603,"url":"https:\/\/www.hoymercedes.com.ar\/principal\/2016\/08\/16\/inician-escuela-de-ajedrez-gratuita-para-ninos\/","url_meta":{"origin":61654,"position":0},"title":"Inician Escuela de Ajedrez Gratuita para ni\u00f1os","author":"hoymercedes","date":"16 agosto, 2016","format":false,"excerpt":"El Municipio de Mercedes, a trav\u00e9s de la\u00a0Direcci\u00f3n\u00a0de Deportes, a cargo de Mart\u00edn Silvestre y los coordinadores Pablo Massa y Mariana Saboredo,\u00a0y la Escuela de Ajedrez Los Ranqueles a cargo del Profesor Harald Moser, anunciaron el inicio de las clases gratuitas de ajedrez en el Complejo Cultural La Trocha. Las\u2026","rel":"","context":"En \u00abDeportes\u00bb","block_context":{"text":"Deportes","link":"https:\/\/www.hoymercedes.com.ar\/principal\/category\/deportes\/"},"img":{"alt_text":"","src":"https:\/\/i0.wp.com\/www.hoymercedes.com.ar\/principal\/wp-content\/uploads\/2016\/08\/16-AJEDREZ.jpg?resize=350%2C200&ssl=1","width":350,"height":200},"classes":[]},{"id":75841,"url":"https:\/\/www.hoymercedes.com.ar\/principal\/2018\/05\/18\/la-escuela-los-ranqueles-estuvo-en-la-patagonia\/","url_meta":{"origin":61654,"position":1},"title":"La Escuela Los Ranqueles estuvo en la Patagonia","author":"hoymercedes","date":"18 mayo, 2018","format":false,"excerpt":"La semana pasada, el Director de la Escuela de Ajedrez \"Los Ranqueles\" de nuestra ciudad, visit\u00f3 las localidades de Lago Puelo, El Bols\u00f3n y El Hoyo de Epuy\u00e9n con la finalidad de preparar el viaje educativo\/ajedrec\u00edstico N\u00ba 19 de la Escuela que tendr\u00e1 lugar en octubre del corriente a\u00f1o. Durante\u2026","rel":"","context":"En \u00abDeportes\u00bb","block_context":{"text":"Deportes","link":"https:\/\/www.hoymercedes.com.ar\/principal\/category\/deportes\/"},"img":{"alt_text":"","src":"https:\/\/i0.wp.com\/www.hoymercedes.com.ar\/principal\/wp-content\/uploads\/2018\/05\/Harald-Moser-Los-Ranqueles.jpg?resize=350%2C200&ssl=1","width":350,"height":200,"srcset":"https:\/\/i0.wp.com\/www.hoymercedes.com.ar\/principal\/wp-content\/uploads\/2018\/05\/Harald-Moser-Los-Ranqueles.jpg?resize=350%2C200&ssl=1 1x, https:\/\/i0.wp.com\/www.hoymercedes.com.ar\/principal\/wp-content\/uploads\/2018\/05\/Harald-Moser-Los-Ranqueles.jpg?resize=525%2C300&ssl=1 1.5x"},"classes":[]},{"id":66765,"url":"https:\/\/www.hoymercedes.com.ar\/principal\/2017\/09\/06\/los-ranqueles-estuvo-en-la-patagonia-y-chile-en-un-viaje-ajedrecistico-educativo\/","url_meta":{"origin":61654,"position":2},"title":"Los Ranqueles estuvo en la Patagonia y Chile en un viaje ajedrec\u00edstico &#8211; educativo","author":"hoymercedes","date":"6 septiembre, 2017","format":false,"excerpt":"Durante la \u00faltima semana de agosto de este a\u00f1o 2017, la Escuela de Ajedrez \u201cLos Ranqueles\u201d de Mercedes, ha llevado a cabo uno de sus dos viajes ajedrec\u00edsticos - educativos del presente a\u00f1o. En este viaje concurrieron en car\u00e1cter de invitadas, dos Escuelas de Ajedrez de la ciudad de Buenos\u2026","rel":"","context":"En \u00abDeportes\u00bb","block_context":{"text":"Deportes","link":"https:\/\/www.hoymercedes.com.ar\/principal\/category\/deportes\/"},"img":{"alt_text":"","src":"https:\/\/i0.wp.com\/www.hoymercedes.com.ar\/principal\/wp-content\/uploads\/2017\/09\/Los-Ranqueles-2.jpg?resize=350%2C200&ssl=1","width":350,"height":200},"classes":[]},{"id":69760,"url":"https:\/\/www.hoymercedes.com.ar\/principal\/2017\/11\/19\/se-realizo-el-torneo-50-aniversario-del-colegio-de-escribanos\/","url_meta":{"origin":61654,"position":3},"title":"Se realiz\u00f3 el torneo 50\u00b0 Aniversario del Colegio de Escribanos","author":"hoymercedes","date":"19 noviembre, 2017","format":false,"excerpt":"El d\u00eda s\u00e1bado 11 de noviembre desde las 15 hasta las 19 horas se llev\u00f3 a cabo un Torneo de Ajedrez Infanto-Juvenil en conmemoraci\u00f3n del 50\u00ba aniversario de la creaci\u00f3n del Colegio de Escribanos de nuestra ciudad. El mismo fue organizado por la Escuela de Ajedrez Los Ranqueles de Mercedes\u2026","rel":"","context":"En \u00abDeportes\u00bb","block_context":{"text":"Deportes","link":"https:\/\/www.hoymercedes.com.ar\/principal\/category\/deportes\/"},"img":{"alt_text":"","src":"https:\/\/i0.wp.com\/www.hoymercedes.com.ar\/principal\/wp-content\/uploads\/2017\/11\/DSCN0689.jpg?resize=350%2C200&ssl=1","width":350,"height":200},"classes":[]},{"id":67973,"url":"https:\/\/www.hoymercedes.com.ar\/principal\/2017\/10\/04\/la-escuela-los-ranqueles-realizo-un-exitoso-viaje-a-ushuaia\/","url_meta":{"origin":61654,"position":4},"title":"La Escuela Los Ranqueles realiz\u00f3 un exitoso viaje a Ushuaia","author":"hoymercedes","date":"4 octubre, 2017","format":false,"excerpt":"En su segundo viaje ajedrec\u00edstico-educativo, la instituci\u00f3n que dirige Harald Moser, recorri\u00f3 la ciudad austral participando de un torneo que fur ganado por el mercedino Tom\u00e1s Resnik, junto a otras actividades La Escuela de\u00a0Ajedrez\u00a0Los Ranqueles realiz\u00f3 su segundo viaje ajedrec\u00edstico-educativo del a\u00f1o. Esta vez el destino elegido fue la ciudad\u2026","rel":"","context":"En \u00abSociedad\u00bb","block_context":{"text":"Sociedad","link":"https:\/\/www.hoymercedes.com.ar\/principal\/category\/sociedad\/"},"img":{"alt_text":"","src":"https:\/\/i0.wp.com\/www.hoymercedes.com.ar\/principal\/wp-content\/uploads\/2017\/10\/Dajedrez2.jpg?resize=350%2C200&ssl=1","width":350,"height":200,"srcset":"https:\/\/i0.wp.com\/www.hoymercedes.com.ar\/principal\/wp-content\/uploads\/2017\/10\/Dajedrez2.jpg?resize=350%2C200&ssl=1 1x, https:\/\/i0.wp.com\/www.hoymercedes.com.ar\/principal\/wp-content\/uploads\/2017\/10\/Dajedrez2.jpg?resize=525%2C300&ssl=1 1.5x, https:\/\/i0.wp.com\/www.hoymercedes.com.ar\/principal\/wp-content\/uploads\/2017\/10\/Dajedrez2.jpg?resize=700%2C400&ssl=1 2x"},"classes":[]},{"id":168757,"url":"https:\/\/www.hoymercedes.com.ar\/principal\/2023\/10\/24\/ajedrez-jornada-deportiva-en-el-martin-rodriguez\/","url_meta":{"origin":61654,"position":5},"title":"Ajedrez: Jornada deportiva en el Mart\u00edn Rodr\u00edguez","author":"hoymercedes","date":"24 octubre, 2023","format":false,"excerpt":"La Escuela Municipal local recibi\u00f3 a sus pares de Suipacha, m\u00e1s un grupo de Mentes Activas del Club El Front\u00f3n de San Andr\u00e9s de Giles. Durante el s\u00e1bado, se llevaron a cabo algunas partidas y la jornada finaliz\u00f3 con una distinci\u00f3n para todos. En la tarde del s\u00e1bado la Escuela\u2026","rel":"","context":"En \u00abDeportes\u00bb","block_context":{"text":"Deportes","link":"https:\/\/www.hoymercedes.com.ar\/principal\/category\/deportes\/"},"img":{"alt_text":"","src":"https:\/\/i0.wp.com\/www.hoymercedes.com.ar\/principal\/wp-content\/uploads\/2023\/10\/ajedrez-2310.jpg?resize=350%2C200&ssl=1","width":350,"height":200,"srcset":"https:\/\/i0.wp.com\/www.hoymercedes.com.ar\/principal\/wp-content\/uploads\/2023\/10\/ajedrez-2310.jpg?resize=350%2C200&ssl=1 1x, https:\/\/i0.wp.com\/www.hoymercedes.com.ar\/principal\/wp-content\/uploads\/2023\/10\/ajedrez-2310.jpg?resize=525%2C300&ssl=1 1.5x, https:\/\/i0.wp.com\/www.hoymercedes.com.ar\/principal\/wp-content\/uploads\/2023\/10\/ajedrez-2310.jpg?resize=700%2C400&ssl=1 2x"},"classes":[]}],"_links":{"self":[{"href":"https:\/\/www.hoymercedes.com.ar\/principal\/wp-json\/wp\/v2\/posts\/61654","targetHints":{"allow":["GET"]}}],"collection":[{"href":"https:\/\/www.hoymercedes.com.ar\/principal\/wp-json\/wp\/v2\/posts"}],"about":[{"href":"https:\/\/www.hoymercedes.com.ar\/principal\/wp-json\/wp\/v2\/types\/post"}],"author":[{"embeddable":true,"href":"https:\/\/www.hoymercedes.com.ar\/principal\/wp-json\/wp\/v2\/users\/1"}],"replies":[{"embeddable":true,"href":"https:\/\/www.hoymercedes.com.ar\/principal\/wp-json\/wp\/v2\/comments?post=61654"}],"version-history":[{"count":0,"href":"https:\/\/www.hoymercedes.com.ar\/principal\/wp-json\/wp\/v2\/posts\/61654\/revisions"}],"wp:featuredmedia":[{"embeddable":true,"href":"https:\/\/www.hoymercedes.com.ar\/principal\/wp-json\/wp\/v2\/media\/61655"}],"wp:attachment":[{"href":"https:\/\/www.hoymercedes.com.ar\/principal\/wp-json\/wp\/v2\/media?parent=61654"}],"wp:term":[{"taxonomy":"category","embeddable":true,"href":"https:\/\/www.hoymercedes.com.ar\/principal\/wp-json\/wp\/v2\/categories?post=61654"},{"taxonomy":"post_tag","embeddable":true,"href":"https:\/\/www.hoymercedes.com.ar\/principal\/wp-json\/wp\/v2\/tags?post=61654"}],"curies":[{"name":"wp","href":"https:\/\/api.w.org\/{rel}","templated":true}]}}