{"id":61657,"date":"2017-04-13T12:29:24","date_gmt":"2017-04-13T15:29:24","guid":{"rendered":"http:\/\/www.hoymercedes.com.ar\/principal\/?p=61657"},"modified":"2017-04-13T12:42:33","modified_gmt":"2017-04-13T15:42:33","slug":"convocatoria-a-asambles-de-s-o-s-habitat","status":"publish","type":"post","link":"https:\/\/www.hoymercedes.com.ar\/principal\/2017\/04\/13\/convocatoria-a-asambles-de-s-o-s-habitat\/","title":{"rendered":"Convocatoria a Asamblea de S.O.S. H\u00e1bitat"},"content":{"rendered":"<p>La Asociaci\u00f3n Civil S.O.S. H\u00e1bitat convoca a Asamblea General Ordinaria para el d\u00eda 12\u00a0 de mayo del corriente a\u00f1o a la hora 20. La misma ser\u00e1 en el domicilio de la calle 17 n\u00ba 523 de Mercedes.<\/p>\n<p>En esta asamblea anual, los integrantes de la asociaci\u00f3n civil elegir\u00e1 a los nuevos integrantes de la comisi\u00f3n directiva, puesto que cesan en sus mandatos la presidencia, la secretaria, los vocales, as\u00ed como los revisores de cuentas.<\/p>\n<p>&nbsp;<\/p>\n","protected":false},"excerpt":{"rendered":"<p>La Asociaci\u00f3n Civil S.O.S. H\u00e1bitat convoca a Asamblea General Ordinaria para el d\u00eda 12\u00a0 de mayo del corriente a\u00f1o a &#8230; <a title=\"Convocatoria a Asamblea de S.O.S. H\u00e1bitat\" class=\"read-more\" href=\"https:\/\/www.hoymercedes.com.ar\/principal\/2017\/04\/13\/convocatoria-a-asambles-de-s-o-s-habitat\/\" aria-label=\"Leer m\u00e1s sobre Convocatoria a Asamblea de S.O.S. H\u00e1bitat\">Leer m\u00e1s<\/a><\/p>\n","protected":false},"author":1,"featured_media":0,"comment_status":"closed","ping_status":"open","sticky":false,"template":"","format":"standard","meta":{"_monsterinsights_skip_tracking":false,"_monsterinsights_sitenote_active":false,"_monsterinsights_sitenote_note":"","_monsterinsights_sitenote_category":0,"jetpack_post_was_ever_published":false,"_jetpack_newsletter_access":"","_jetpack_dont_email_post_to_subs":true,"_jetpack_newsletter_tier_id":0,"_jetpack_memberships_contains_paywalled_content":false,"_jetpack_memberships_contains_paid_content":false,"footnotes":"","jetpack_publicize_message":"","jetpack_publicize_feature_enabled":true,"jetpack_social_post_already_shared":true,"jetpack_social_options":{"image_generator_settings":{"template":"highway","default_image_id":0,"font":"","enabled":false},"version":2},"_wpas_customize_per_network":false},"categories":[11],"tags":[10909,1734,887],"class_list":["post-61657","post","type-post","status-publish","format-standard","hentry","category-ciudad","tag-asamblea-general","tag-ciudad-2","tag-sos-habitat","generate-columns","tablet-grid-50","mobile-grid-100","grid-parent","grid-50"],"jetpack_publicize_connections":[],"jetpack_featured_media_url":"","wps_subtitle":"","jetpack_sharing_enabled":true,"_links":{"self":[{"href":"https:\/\/www.hoymercedes.com.ar\/principal\/wp-json\/wp\/v2\/posts\/61657","targetHints":{"allow":["GET"]}}],"collection":[{"href":"https:\/\/www.hoymercedes.com.ar\/principal\/wp-json\/wp\/v2\/posts"}],"about":[{"href":"https:\/\/www.hoymercedes.com.ar\/principal\/wp-json\/wp\/v2\/types\/post"}],"author":[{"embeddable":true,"href":"https:\/\/www.hoymercedes.com.ar\/principal\/wp-json\/wp\/v2\/users\/1"}],"replies":[{"embeddable":true,"href":"https:\/\/www.hoymercedes.com.ar\/principal\/wp-json\/wp\/v2\/comments?post=61657"}],"version-history":[{"count":0,"href":"https:\/\/www.hoymercedes.com.ar\/principal\/wp-json\/wp\/v2\/posts\/61657\/revisions"}],"wp:attachment":[{"href":"https:\/\/www.hoymercedes.com.ar\/principal\/wp-json\/wp\/v2\/media?parent=61657"}],"wp:term":[{"taxonomy":"category","embeddable":true,"href":"https:\/\/www.hoymercedes.com.ar\/principal\/wp-json\/wp\/v2\/categories?post=61657"},{"taxonomy":"post_tag","embeddable":true,"href":"https:\/\/www.hoymercedes.com.ar\/principal\/wp-json\/wp\/v2\/tags?post=61657"}],"curies":[{"name":"wp","href":"https:\/\/api.w.org\/{rel}","templated":true}]}}