{"id":61666,"date":"2017-04-19T12:03:15","date_gmt":"2017-04-19T15:03:15","guid":{"rendered":"http:\/\/www.hoymercedes.com.ar\/principal\/?p=61666"},"modified":"2017-04-19T10:45:27","modified_gmt":"2017-04-19T13:45:27","slug":"curso-de-desarrollo-creativo-en-mayo","status":"publish","type":"post","link":"https:\/\/www.hoymercedes.com.ar\/principal\/2017\/04\/19\/curso-de-desarrollo-creativo-en-mayo\/","title":{"rendered":"Curso de Desarrollo Creativo en mayo"},"content":{"rendered":"<p>Desde la Direcci\u00f3n de Cultura\u00a0anunciaron que en el mes de mayo habr\u00e1 un curso de desarrollo creativo y una exposici\u00f3n del artista\u00a0Miguel Roncino. Ser\u00e1 en el Museo de Arte \u00abMunicipalidad de Mercedes\u00bb.<\/p>\n<p><img loading=\"lazy\" decoding=\"async\" data-attachment-id=\"61715\" data-permalink=\"https:\/\/www.hoymercedes.com.ar\/principal\/2017\/04\/15\/cambiemos-mercedes-baraja-nombres-de-candidatos\/19-cultura-uno-que-da-charla\/#main\" data-orig-file=\"https:\/\/www.hoymercedes.com.ar\/principal\/wp-content\/uploads\/2017\/04\/19-cultura-uno-que-da-charla.jpg\" data-orig-size=\"630,420\" data-comments-opened=\"0\" data-image-meta=\"{&quot;aperture&quot;:&quot;2.4&quot;,&quot;credit&quot;:&quot;&quot;,&quot;camera&quot;:&quot;iPod touch&quot;,&quot;caption&quot;:&quot;&quot;,&quot;created_timestamp&quot;:&quot;1491996111&quot;,&quot;copyright&quot;:&quot;&quot;,&quot;focal_length&quot;:&quot;3.3&quot;,&quot;iso&quot;:&quot;100&quot;,&quot;shutter_speed&quot;:&quot;0.041666666666667&quot;,&quot;title&quot;:&quot;&quot;,&quot;orientation&quot;:&quot;1&quot;}\" data-image-title=\"19 cultura uno que da charla\" data-image-description=\"\" data-image-caption=\"\" data-large-file=\"https:\/\/www.hoymercedes.com.ar\/principal\/wp-content\/uploads\/2017\/04\/19-cultura-uno-que-da-charla.jpg\" class=\"aligncenter size-medium wp-image-61715\" src=\"https:\/\/www.hoymercedes.com.ar\/principal\/wp-content\/uploads\/2017\/04\/19-cultura-uno-que-da-charla-630x420.jpg\" alt=\"\" width=\"630\" height=\"420\" srcset=\"https:\/\/www.hoymercedes.com.ar\/principal\/wp-content\/uploads\/2017\/04\/19-cultura-uno-que-da-charla.jpg 630w, https:\/\/www.hoymercedes.com.ar\/principal\/wp-content\/uploads\/2017\/04\/19-cultura-uno-que-da-charla-150x100.jpg 150w, https:\/\/www.hoymercedes.com.ar\/principal\/wp-content\/uploads\/2017\/04\/19-cultura-uno-que-da-charla-300x200.jpg 300w\" sizes=\"auto, (max-width: 630px) 100vw, 630px\" \/><br \/>\n\u201cEstamos agradecidos y orgullosos que puedas venir a nuestra ciudad a capacitar a nuestros artistas que son muchos y que tienen muchas ganas de seguir creando y desarroll\u00e1ndose en lo que cada uno hace, esta convocatoria es abierta a distintos pintores, dise\u00f1adores, artistas pl\u00e1sticos, es bastante amplia\u201d\u00a0 sostuvo Capaccio.<\/p>\n<p>\u201cQuiero agradecer a Miguel que se haya acercado a nuestra ciudad y a nuestra \u00e1rea cultural, el Museo de Arte va a ser la sede de este taller y es una gran oportunidad de crecimiento para los artistas locales que la Direcci\u00f3n de Cultura est\u00e1 brindando. El Museo siempre tuvo como objetivo dar herramientas a los artistas y esta me parece una gran oportunidad para ellos\u201d . palabras de Stella Gonz\u00e1lez, Directora del MAMM.<\/p>\n<p>\u201cEsto es un punto m\u00e1s en una din\u00e1mica que involucra a diferentes unidades de la zona, estamos presentes hace muchos a\u00f1os en la ciudad de Bragado, Chivilcoy, Chacabuco, estamos en Jun\u00edn y esto gener\u00f3 condiciones para que surgieran proyectos art\u00edsticos que terminaron dando como resultado una herramienta muy importante para el desarrollo de nuestros artistas. Hemos creado una cooperativa de artistas hace dos a\u00f1os con el objetivo de administrar una sala de exposiciones propias y darles a nuestras comunidades la posibilidad que los artistas puedan mostrar sus obras en la ciudad de Buenos Aires. Los talleres consisten en una pr\u00e1ctica de an\u00e1lisis de obra y an\u00e1lisis de la producci\u00f3n y una reflexi\u00f3n respecto del contexto en el que se est\u00e1 llevando a cabo la pr\u00e1ctica art\u00edstica\u201d coment\u00f3 Miguel Roncino, que visit\u00f3 Mercedes y present\u00f3 la propuesta.<\/p>\n<p>\u201cNo es un taller convencional en el que los artistas vayan a desarrollar en cuatro o cinco horas una pintura o un dibujo, es un espacio en donde ellos presentan sus obras y se realiza todo un an\u00e1lisis y una mirada cr\u00edtica y de ah\u00ed se desprenden l\u00edneas de trabajo a trav\u00e9s de ejercicios, lecturas, discusiones para pensarnos en el desarrollo de la obra teniendo en cuenta el contexto\u201d\u00a0 palabras del Artista Pl\u00e1stico Miguel Ronsino<br \/>\nLa inscripci\u00f3n se va a realizar en el Museo de Arte Municipalidad de Mercedes, es abierto a todo el p\u00fablico y est\u00e1 dirigido a dise\u00f1adores, pintores, artistas pl\u00e1sticos, escultores y fot\u00f3grafos entre otros.<\/p>\n<p>La propuesta tendr\u00e1 un costo de $200 mensuales dado que el resto de los gastos ser\u00e1n cubiertos por la direcci\u00f3n de cultura dando as\u00ed una oportunidad a un valor que no se encuentra en casi ning\u00fan espacio de capacitaci\u00f3n. El encuentro ser\u00e1 una vez por mes con una duraci\u00f3n de 8 horas. Arranca el 3 de mayo.<\/p>\n<p>&nbsp;<\/p>\n<p>Fuente: Prensa Mercedes<\/p>\n","protected":false},"excerpt":{"rendered":"<p>Desde la Direcci\u00f3n de Cultura\u00a0anunciaron que en el mes de mayo habr\u00e1 un curso de desarrollo creativo y una exposici\u00f3n &#8230; <a title=\"Curso de Desarrollo Creativo en mayo\" class=\"read-more\" href=\"https:\/\/www.hoymercedes.com.ar\/principal\/2017\/04\/19\/curso-de-desarrollo-creativo-en-mayo\/\" aria-label=\"Leer m\u00e1s sobre Curso de Desarrollo Creativo en mayo\">Leer m\u00e1s<\/a><\/p>\n","protected":false},"author":1,"featured_media":61715,"comment_status":"closed","ping_status":"open","sticky":false,"template":"","format":"standard","meta":{"_monsterinsights_skip_tracking":false,"_monsterinsights_sitenote_active":false,"_monsterinsights_sitenote_note":"","_monsterinsights_sitenote_category":0,"jetpack_post_was_ever_published":false,"_jetpack_newsletter_access":"","_jetpack_dont_email_post_to_subs":false,"_jetpack_newsletter_tier_id":0,"_jetpack_memberships_contains_paywalled_content":false,"_jetpack_memberships_contains_paid_content":false,"footnotes":"","jetpack_publicize_message":"","jetpack_publicize_feature_enabled":true,"jetpack_social_post_already_shared":true,"jetpack_social_options":{"image_generator_settings":{"template":"highway","default_image_id":0,"font":"","enabled":false},"version":2},"_wpas_customize_per_network":false},"categories":[104],"tags":[7805,8674,10],"class_list":["post-61666","post","type-post","status-publish","format-standard","has-post-thumbnail","hentry","category-cultura","tag-cultura","tag-mamm","tag-mercedes","generate-columns","tablet-grid-50","mobile-grid-100","grid-parent","grid-50"],"jetpack_publicize_connections":[],"jetpack_featured_media_url":"https:\/\/www.hoymercedes.com.ar\/principal\/wp-content\/uploads\/2017\/04\/19-cultura-uno-que-da-charla.jpg","wps_subtitle":"En el Museo de Arte","jetpack_sharing_enabled":true,"_links":{"self":[{"href":"https:\/\/www.hoymercedes.com.ar\/principal\/wp-json\/wp\/v2\/posts\/61666","targetHints":{"allow":["GET"]}}],"collection":[{"href":"https:\/\/www.hoymercedes.com.ar\/principal\/wp-json\/wp\/v2\/posts"}],"about":[{"href":"https:\/\/www.hoymercedes.com.ar\/principal\/wp-json\/wp\/v2\/types\/post"}],"author":[{"embeddable":true,"href":"https:\/\/www.hoymercedes.com.ar\/principal\/wp-json\/wp\/v2\/users\/1"}],"replies":[{"embeddable":true,"href":"https:\/\/www.hoymercedes.com.ar\/principal\/wp-json\/wp\/v2\/comments?post=61666"}],"version-history":[{"count":0,"href":"https:\/\/www.hoymercedes.com.ar\/principal\/wp-json\/wp\/v2\/posts\/61666\/revisions"}],"wp:featuredmedia":[{"embeddable":true,"href":"https:\/\/www.hoymercedes.com.ar\/principal\/wp-json\/wp\/v2\/media\/61715"}],"wp:attachment":[{"href":"https:\/\/www.hoymercedes.com.ar\/principal\/wp-json\/wp\/v2\/media?parent=61666"}],"wp:term":[{"taxonomy":"category","embeddable":true,"href":"https:\/\/www.hoymercedes.com.ar\/principal\/wp-json\/wp\/v2\/categories?post=61666"},{"taxonomy":"post_tag","embeddable":true,"href":"https:\/\/www.hoymercedes.com.ar\/principal\/wp-json\/wp\/v2\/tags?post=61666"}],"curies":[{"name":"wp","href":"https:\/\/api.w.org\/{rel}","templated":true}]}}