{"id":61689,"date":"2017-04-15T11:17:19","date_gmt":"2017-04-15T14:17:19","guid":{"rendered":"http:\/\/www.hoymercedes.com.ar\/principal\/?p=61689"},"modified":"2017-04-15T10:28:09","modified_gmt":"2017-04-15T13:28:09","slug":"jovenes-de-envion-recorrieron-el-sitio-de-la-memoria-en-ex-esma","status":"publish","type":"post","link":"https:\/\/www.hoymercedes.com.ar\/principal\/2017\/04\/15\/jovenes-de-envion-recorrieron-el-sitio-de-la-memoria-en-ex-esma\/","title":{"rendered":"J\u00f3venes de Envi\u00f3n recorrieron el sitio de la Memoria en Ex ESMA"},"content":{"rendered":"<p>D\u00edas atr\u00e1s, por iniciativa de la Coordinaci\u00f3n de Pol\u00edticas Juveniles de la Municipalidad, 45 j\u00f3venes pertenecientes al programa Envi\u00f3n conocieron y recorrieron el sitio de Memoria Ex-ESMA, que supo funcionar como un Centro Clandestino de Detenci\u00f3n, Tortura y Exterminio de personas en la \u00faltima dictadura c\u00edvico-militar.<\/p>\n<p><img loading=\"lazy\" decoding=\"async\" data-attachment-id=\"61690\" data-permalink=\"https:\/\/www.hoymercedes.com.ar\/principal\/2017\/04\/15\/jovenes-de-envion-recorrieron-el-sitio-de-la-memoria-en-ex-esma\/15-envion-esma\/#main\" data-orig-file=\"https:\/\/www.hoymercedes.com.ar\/principal\/wp-content\/uploads\/2017\/04\/15-envion-Esma.jpg\" data-orig-size=\"630,354\" data-comments-opened=\"0\" data-image-meta=\"{&quot;aperture&quot;:&quot;0&quot;,&quot;credit&quot;:&quot;&quot;,&quot;camera&quot;:&quot;&quot;,&quot;caption&quot;:&quot;&quot;,&quot;created_timestamp&quot;:&quot;0&quot;,&quot;copyright&quot;:&quot;&quot;,&quot;focal_length&quot;:&quot;0&quot;,&quot;iso&quot;:&quot;0&quot;,&quot;shutter_speed&quot;:&quot;0&quot;,&quot;title&quot;:&quot;&quot;,&quot;orientation&quot;:&quot;0&quot;}\" data-image-title=\"15 envion -Esma\" data-image-description=\"\" data-image-caption=\"\" data-large-file=\"https:\/\/www.hoymercedes.com.ar\/principal\/wp-content\/uploads\/2017\/04\/15-envion-Esma.jpg\" class=\"aligncenter size-medium wp-image-61690\" src=\"https:\/\/www.hoymercedes.com.ar\/principal\/wp-content\/uploads\/2017\/04\/15-envion-Esma-630x354.jpg\" alt=\"\" width=\"630\" height=\"354\" srcset=\"https:\/\/www.hoymercedes.com.ar\/principal\/wp-content\/uploads\/2017\/04\/15-envion-Esma.jpg 630w, https:\/\/www.hoymercedes.com.ar\/principal\/wp-content\/uploads\/2017\/04\/15-envion-Esma-150x84.jpg 150w\" sizes=\"auto, (max-width: 630px) 100vw, 630px\" \/><\/p>\n<p>Durante la visita al predio de la Ex ESMA pudieron conocer lugares como el Casino de Oficiales, donde supieron vivir clandestinamente las personas desaparecidas en condiciones paup\u00e9rrimas y bajo tortura. Donde nacieron los bebes en cautiverio que a\u00fan se siguen buscando.<\/p>\n<p>Los j\u00f3venes junto a los Equipos T\u00e9cnicos participan durante todo el a\u00f1o del programa \u00abJ\u00f3venes y Memoria\u00bb, realizando proyectos de investigaci\u00f3n, que tiene su finalizaci\u00f3n en Chapadmalal.<\/p>\n<p>La Coordinadora de Pol\u00edticas Juveniles, Eugenia Codega, sostuvo \u00abEs de suma importancia que desde la Municipalidad fortalezcamos que los j\u00f3venes conozcan su historia, la de su pa\u00eds, que aprendan y reflexionen de ella. Que participen de programas y realicen viajes que tengan que ver con la construcci\u00f3n de una sociedad basada en la memoria, la verdad y la justicia. Camino que nos ense\u00f1aron las grandes luchadoras de Madres y Abuelas de Plaza de Mayo. Es la juventud y las nuevas generaciones quienes no permitir\u00e1n que esto vuelva a ocurrir\u00bb<\/p>\n<p>&nbsp;<\/p>\n<p>Fuente: Prensa Municipal<\/p>\n","protected":false},"excerpt":{"rendered":"<p>D\u00edas atr\u00e1s, por iniciativa de la Coordinaci\u00f3n de Pol\u00edticas Juveniles de la Municipalidad, 45 j\u00f3venes pertenecientes al programa Envi\u00f3n conocieron &#8230; <a title=\"J\u00f3venes de Envi\u00f3n recorrieron el sitio de la Memoria en Ex ESMA\" class=\"read-more\" href=\"https:\/\/www.hoymercedes.com.ar\/principal\/2017\/04\/15\/jovenes-de-envion-recorrieron-el-sitio-de-la-memoria-en-ex-esma\/\" aria-label=\"Leer m\u00e1s sobre J\u00f3venes de Envi\u00f3n recorrieron el sitio de la Memoria en Ex ESMA\">Leer m\u00e1s<\/a><\/p>\n","protected":false},"author":1,"featured_media":61690,"comment_status":"closed","ping_status":"open","sticky":false,"template":"","format":"standard","meta":{"_monsterinsights_skip_tracking":false,"_monsterinsights_sitenote_active":false,"_monsterinsights_sitenote_note":"","_monsterinsights_sitenote_category":0,"jetpack_post_was_ever_published":false,"_jetpack_newsletter_access":"","_jetpack_dont_email_post_to_subs":false,"_jetpack_newsletter_tier_id":0,"_jetpack_memberships_contains_paywalled_content":false,"_jetpack_memberships_contains_paid_content":false,"footnotes":"","jetpack_publicize_message":"","jetpack_publicize_feature_enabled":true,"jetpack_social_post_already_shared":true,"jetpack_social_options":{"image_generator_settings":{"template":"highway","default_image_id":0,"font":"","enabled":false},"version":2},"_wpas_customize_per_network":false},"categories":[5485],"tags":[10917,10918,3307,10,5676,406],"class_list":["post-61689","post","type-post","status-publish","format-standard","has-post-thumbnail","hentry","category-comunidad","tag-ex-esma","tag-excurision","tag-jovenes-y-memoria","tag-mercedes","tag-politicas-juveniles","tag-programa-envion","generate-columns","tablet-grid-50","mobile-grid-100","grid-parent","grid-50"],"jetpack_publicize_connections":[],"jetpack_featured_media_url":"https:\/\/www.hoymercedes.com.ar\/principal\/wp-content\/uploads\/2017\/04\/15-envion-Esma.jpg","wps_subtitle":"Recorrida educativa","jetpack_sharing_enabled":true,"_links":{"self":[{"href":"https:\/\/www.hoymercedes.com.ar\/principal\/wp-json\/wp\/v2\/posts\/61689","targetHints":{"allow":["GET"]}}],"collection":[{"href":"https:\/\/www.hoymercedes.com.ar\/principal\/wp-json\/wp\/v2\/posts"}],"about":[{"href":"https:\/\/www.hoymercedes.com.ar\/principal\/wp-json\/wp\/v2\/types\/post"}],"author":[{"embeddable":true,"href":"https:\/\/www.hoymercedes.com.ar\/principal\/wp-json\/wp\/v2\/users\/1"}],"replies":[{"embeddable":true,"href":"https:\/\/www.hoymercedes.com.ar\/principal\/wp-json\/wp\/v2\/comments?post=61689"}],"version-history":[{"count":0,"href":"https:\/\/www.hoymercedes.com.ar\/principal\/wp-json\/wp\/v2\/posts\/61689\/revisions"}],"wp:featuredmedia":[{"embeddable":true,"href":"https:\/\/www.hoymercedes.com.ar\/principal\/wp-json\/wp\/v2\/media\/61690"}],"wp:attachment":[{"href":"https:\/\/www.hoymercedes.com.ar\/principal\/wp-json\/wp\/v2\/media?parent=61689"}],"wp:term":[{"taxonomy":"category","embeddable":true,"href":"https:\/\/www.hoymercedes.com.ar\/principal\/wp-json\/wp\/v2\/categories?post=61689"},{"taxonomy":"post_tag","embeddable":true,"href":"https:\/\/www.hoymercedes.com.ar\/principal\/wp-json\/wp\/v2\/tags?post=61689"}],"curies":[{"name":"wp","href":"https:\/\/api.w.org\/{rel}","templated":true}]}}