{"id":61695,"date":"2017-04-17T10:52:48","date_gmt":"2017-04-17T13:52:48","guid":{"rendered":"http:\/\/www.hoymercedes.com.ar\/principal\/?p=61695"},"modified":"2017-04-15T11:07:06","modified_gmt":"2017-04-15T14:07:06","slug":"libro-y-musica-para-ninos-y-ninas","status":"publish","type":"post","link":"https:\/\/www.hoymercedes.com.ar\/principal\/2017\/04\/17\/libro-y-musica-para-ninos-y-ninas\/","title":{"rendered":"Libro y m\u00fasica para ni\u00f1os y ni\u00f1as"},"content":{"rendered":"<p>El pr\u00f3ximo s\u00e1bado 22 de abril, 17 horas, se presentar\u00e1 en el Museo de Arte \u00abMunicipalidad de Mercedes\u00bb, calle 23 N\u00ba 383, el libro \u201cEl rock de las hormigas\u201d, primer volumen de la Colecci\u00f3n Musical Infantil \u201cMelod\u00edas para Imaginar\u201d, de la cantante y compositora Voulet Rodr\u00edguez.\u00a0 El libro cuenta con ilustraciones de Mariana Lagos y ha sido publicado por Libros Noctiluca.\u00a0Voulet Rodr\u00edguez estar\u00e1 presente para brindar su m\u00fasica en un espect\u00e1culo que adem\u00e1s contar\u00e1 con distintas actividades recreativas y art\u00edsticas para ni\u00f1as y ni\u00f1os.<\/p>\n<p><img loading=\"lazy\" decoding=\"async\" data-attachment-id=\"61696\" data-permalink=\"https:\/\/www.hoymercedes.com.ar\/principal\/2017\/04\/17\/libro-y-musica-para-ninos-y-ninas\/17-rock-hormigas\/#main\" data-orig-file=\"https:\/\/www.hoymercedes.com.ar\/principal\/wp-content\/uploads\/2017\/04\/17-rock-hormigas.jpg\" data-orig-size=\"630,420\" data-comments-opened=\"0\" data-image-meta=\"{&quot;aperture&quot;:&quot;0&quot;,&quot;credit&quot;:&quot;&quot;,&quot;camera&quot;:&quot;&quot;,&quot;caption&quot;:&quot;&quot;,&quot;created_timestamp&quot;:&quot;0&quot;,&quot;copyright&quot;:&quot;&quot;,&quot;focal_length&quot;:&quot;0&quot;,&quot;iso&quot;:&quot;0&quot;,&quot;shutter_speed&quot;:&quot;0&quot;,&quot;title&quot;:&quot;&quot;,&quot;orientation&quot;:&quot;1&quot;}\" data-image-title=\"17 rock hormigas\" data-image-description=\"\" data-image-caption=\"\" data-large-file=\"https:\/\/www.hoymercedes.com.ar\/principal\/wp-content\/uploads\/2017\/04\/17-rock-hormigas.jpg\" class=\"aligncenter size-medium wp-image-61696\" src=\"https:\/\/www.hoymercedes.com.ar\/principal\/wp-content\/uploads\/2017\/04\/17-rock-hormigas-630x420.jpg\" alt=\"\" width=\"630\" height=\"420\" srcset=\"https:\/\/www.hoymercedes.com.ar\/principal\/wp-content\/uploads\/2017\/04\/17-rock-hormigas.jpg 630w, https:\/\/www.hoymercedes.com.ar\/principal\/wp-content\/uploads\/2017\/04\/17-rock-hormigas-150x100.jpg 150w, https:\/\/www.hoymercedes.com.ar\/principal\/wp-content\/uploads\/2017\/04\/17-rock-hormigas-300x200.jpg 300w\" sizes=\"auto, (max-width: 630px) 100vw, 630px\" \/><\/p>\n","protected":false},"excerpt":{"rendered":"<p>El pr\u00f3ximo s\u00e1bado 22 de abril, 17 horas, se presentar\u00e1 en el Museo de Arte \u00abMunicipalidad de Mercedes\u00bb, calle 23 &#8230; <a title=\"Libro y m\u00fasica para ni\u00f1os y ni\u00f1as\" class=\"read-more\" href=\"https:\/\/www.hoymercedes.com.ar\/principal\/2017\/04\/17\/libro-y-musica-para-ninos-y-ninas\/\" aria-label=\"Leer m\u00e1s sobre Libro y m\u00fasica para ni\u00f1os y ni\u00f1as\">Leer m\u00e1s<\/a><\/p>\n","protected":false},"author":1,"featured_media":61696,"comment_status":"closed","ping_status":"open","sticky":false,"template":"","format":"standard","meta":{"_monsterinsights_skip_tracking":false,"_monsterinsights_sitenote_active":false,"_monsterinsights_sitenote_note":"","_monsterinsights_sitenote_category":0,"jetpack_post_was_ever_published":false,"_jetpack_newsletter_access":"","_jetpack_dont_email_post_to_subs":false,"_jetpack_newsletter_tier_id":0,"_jetpack_memberships_contains_paywalled_content":false,"_jetpack_memberships_contains_paid_content":false,"footnotes":"","jetpack_publicize_message":"","jetpack_publicize_feature_enabled":true,"jetpack_social_post_already_shared":true,"jetpack_social_options":{"image_generator_settings":{"template":"highway","default_image_id":0,"font":"","enabled":false},"version":2},"_wpas_customize_per_network":false},"categories":[104],"tags":[7805,8674,10,10920],"class_list":["post-61695","post","type-post","status-publish","format-standard","has-post-thumbnail","hentry","category-cultura","tag-cultura","tag-mamm","tag-mercedes","tag-voulet-rodriguez","generate-columns","tablet-grid-50","mobile-grid-100","grid-parent","grid-50"],"jetpack_publicize_connections":[],"jetpack_featured_media_url":"https:\/\/www.hoymercedes.com.ar\/principal\/wp-content\/uploads\/2017\/04\/17-rock-hormigas.jpg","wps_subtitle":"En el MAMM","jetpack_sharing_enabled":true,"_links":{"self":[{"href":"https:\/\/www.hoymercedes.com.ar\/principal\/wp-json\/wp\/v2\/posts\/61695","targetHints":{"allow":["GET"]}}],"collection":[{"href":"https:\/\/www.hoymercedes.com.ar\/principal\/wp-json\/wp\/v2\/posts"}],"about":[{"href":"https:\/\/www.hoymercedes.com.ar\/principal\/wp-json\/wp\/v2\/types\/post"}],"author":[{"embeddable":true,"href":"https:\/\/www.hoymercedes.com.ar\/principal\/wp-json\/wp\/v2\/users\/1"}],"replies":[{"embeddable":true,"href":"https:\/\/www.hoymercedes.com.ar\/principal\/wp-json\/wp\/v2\/comments?post=61695"}],"version-history":[{"count":0,"href":"https:\/\/www.hoymercedes.com.ar\/principal\/wp-json\/wp\/v2\/posts\/61695\/revisions"}],"wp:featuredmedia":[{"embeddable":true,"href":"https:\/\/www.hoymercedes.com.ar\/principal\/wp-json\/wp\/v2\/media\/61696"}],"wp:attachment":[{"href":"https:\/\/www.hoymercedes.com.ar\/principal\/wp-json\/wp\/v2\/media?parent=61695"}],"wp:term":[{"taxonomy":"category","embeddable":true,"href":"https:\/\/www.hoymercedes.com.ar\/principal\/wp-json\/wp\/v2\/categories?post=61695"},{"taxonomy":"post_tag","embeddable":true,"href":"https:\/\/www.hoymercedes.com.ar\/principal\/wp-json\/wp\/v2\/tags?post=61695"}],"curies":[{"name":"wp","href":"https:\/\/api.w.org\/{rel}","templated":true}]}}