{"id":61734,"date":"2017-04-16T15:50:17","date_gmt":"2017-04-16T18:50:17","guid":{"rendered":"http:\/\/www.hoymercedes.com.ar\/principal\/?p=61734"},"modified":"2017-04-16T19:57:19","modified_gmt":"2017-04-16T22:57:19","slug":"opinion-hagamos-un-alto-hoy","status":"publish","type":"post","link":"https:\/\/www.hoymercedes.com.ar\/principal\/2017\/04\/16\/opinion-hagamos-un-alto-hoy\/","title":{"rendered":"Opini\u00f3n: \u00abHagamos un Alto Hoy\u00bb"},"content":{"rendered":"<p>Por Oscar Dinova &#8211;\u00a0Hace exactamente 30 a\u00f1os, en las Pascuas del \u00b487 la Argentina vivi\u00f3 los \u00faltimos estertores de la Dictadura. Nos despertamos en los d\u00edas de Semana Santa con los cuarteles tomados, la rebeli\u00f3n carapintada asomaba en m\u00faltiples puntos de nuestro a\u00fan malherido pa\u00eds.<\/p>\n<p>No buscaban comprensi\u00f3n, exig\u00edan impunidad para los peores cr\u00edmenes de nuestra historia. Y agregaban un \u00faltimo hito criminal, quiz\u00e1s el m\u00e1s grave; se levantaban contra la Constituci\u00f3n con las armas\u00a0que el pueblo les hab\u00eda confiado para protegernos. Pero fallaron.<\/p>\n<p>El pueblo y el l\u00edder que hab\u00eda promovido el juicio a los jefes del genocidio se opusieron, sin armas, para poner un freno -hist\u00f3rico y definitivo- a toda pretensi\u00f3n golpista.<\/p>\n<p>A lo largo y ancho de la Rep\u00fablica la gente sali\u00f3 a las plazas y frente a los cuarteles para abortar esta \u00faltima bravuconada. Tambi\u00e9n nuestra ciudad vio ese desigual y singular enfrentamiento, la poblaci\u00f3n, a cara descubierta, dici\u00e9ndole basta a estos oficiales tiznados de negro, maquillados en su verg\u00fcenza.<\/p>\n<p>Los partidos pol\u00edticos agrupados en torno al presidente constitucional y las diferencias cotidianas fueron dejadas de lado en horas cruciales. Nadie falt\u00f3 a la cita de defender la Constituci\u00f3n.<\/p>\n<p>Con mi compa\u00f1era y nuestros dos peque\u00f1os rumbeamos para Capital y compartimos con miles y miles de ciudadanos un domingo que jam\u00e1s olvidar\u00e9.<\/p>\n<p>Mis padres, angustiados pero orgullosos, nos esperaron hasta la noche en que compartimos un almuerzo-cena festejando haber dado -todos- un granito de arena en la consolidaci\u00f3n democr\u00e1tica.<\/p>\n<p>La resoluci\u00f3n no fue perfecta, claro. Hubo pasos que reconquistar. Demand\u00f3 tiempo y renovados esfuerzos.<\/p>\n<p>Pero la sangre no se derram\u00f3 y se estableci\u00f3 una frontera que nadie se atrevi\u00f3 a atravesar nunca m\u00e1s. La de la legalidad que da el voto popular.<\/p>\n<p>Hagamos un alto, hoy, en estas Pascuas y recordemos esa fecha clave, donde pasamos cerca del desastre.<\/p>\n<p>Hagamos un alto hoy. Y celebremos la Democracia.<\/p>\n<p>Nos lo merecemos m\u00e1s que nunca.<\/p>\n<p>&nbsp;<\/p>\n<p>&nbsp;<\/p>\n<p>&nbsp;<\/p>\n","protected":false},"excerpt":{"rendered":"<p>Por Oscar Dinova &#8211;\u00a0Hace exactamente 30 a\u00f1os, en las Pascuas del \u00b487 la Argentina vivi\u00f3 los \u00faltimos estertores de la &#8230; <a title=\"Opini\u00f3n: \u00abHagamos un Alto Hoy\u00bb\" class=\"read-more\" href=\"https:\/\/www.hoymercedes.com.ar\/principal\/2017\/04\/16\/opinion-hagamos-un-alto-hoy\/\" aria-label=\"Leer m\u00e1s sobre Opini\u00f3n: \u00abHagamos un Alto Hoy\u00bb\">Leer m\u00e1s<\/a><\/p>\n","protected":false},"author":1,"featured_media":61736,"comment_status":"closed","ping_status":"open","sticky":false,"template":"","format":"standard","meta":{"_monsterinsights_skip_tracking":false,"_monsterinsights_sitenote_active":false,"_monsterinsights_sitenote_note":"","_monsterinsights_sitenote_category":0,"jetpack_post_was_ever_published":false,"_jetpack_newsletter_access":"","_jetpack_dont_email_post_to_subs":false,"_jetpack_newsletter_tier_id":0,"_jetpack_memberships_contains_paywalled_content":false,"_jetpack_memberships_contains_paid_content":false,"footnotes":"","jetpack_publicize_message":"","jetpack_publicize_feature_enabled":true,"jetpack_social_post_already_shared":true,"jetpack_social_options":{"image_generator_settings":{"template":"highway","default_image_id":0,"font":"","enabled":false},"version":2},"_wpas_customize_per_network":false},"categories":[1],"tags":[4125,8748,1288,4961],"class_list":["post-61734","post","type-post","status-publish","format-standard","has-post-thumbnail","hentry","category-opinion","tag-democracia","tag-opinion","tag-oscar-dinova","tag-raul-alfonsin","generate-columns","tablet-grid-50","mobile-grid-100","grid-parent","grid-50"],"jetpack_publicize_connections":[],"jetpack_featured_media_url":"https:\/\/www.hoymercedes.com.ar\/principal\/wp-content\/uploads\/2017\/04\/16-Dinova-Pascuas-1987.jpg","wps_subtitle":"","jetpack_sharing_enabled":true,"_links":{"self":[{"href":"https:\/\/www.hoymercedes.com.ar\/principal\/wp-json\/wp\/v2\/posts\/61734","targetHints":{"allow":["GET"]}}],"collection":[{"href":"https:\/\/www.hoymercedes.com.ar\/principal\/wp-json\/wp\/v2\/posts"}],"about":[{"href":"https:\/\/www.hoymercedes.com.ar\/principal\/wp-json\/wp\/v2\/types\/post"}],"author":[{"embeddable":true,"href":"https:\/\/www.hoymercedes.com.ar\/principal\/wp-json\/wp\/v2\/users\/1"}],"replies":[{"embeddable":true,"href":"https:\/\/www.hoymercedes.com.ar\/principal\/wp-json\/wp\/v2\/comments?post=61734"}],"version-history":[{"count":0,"href":"https:\/\/www.hoymercedes.com.ar\/principal\/wp-json\/wp\/v2\/posts\/61734\/revisions"}],"wp:featuredmedia":[{"embeddable":true,"href":"https:\/\/www.hoymercedes.com.ar\/principal\/wp-json\/wp\/v2\/media\/61736"}],"wp:attachment":[{"href":"https:\/\/www.hoymercedes.com.ar\/principal\/wp-json\/wp\/v2\/media?parent=61734"}],"wp:term":[{"taxonomy":"category","embeddable":true,"href":"https:\/\/www.hoymercedes.com.ar\/principal\/wp-json\/wp\/v2\/categories?post=61734"},{"taxonomy":"post_tag","embeddable":true,"href":"https:\/\/www.hoymercedes.com.ar\/principal\/wp-json\/wp\/v2\/tags?post=61734"}],"curies":[{"name":"wp","href":"https:\/\/api.w.org\/{rel}","templated":true}]}}