{"id":61767,"date":"2017-04-18T08:59:56","date_gmt":"2017-04-18T11:59:56","guid":{"rendered":"http:\/\/www.hoymercedes.com.ar\/principal\/?p=61767"},"modified":"2017-04-18T09:00:20","modified_gmt":"2017-04-18T12:00:20","slug":"opinion-organicemonos-contra-los-femicidios","status":"publish","type":"post","link":"https:\/\/www.hoymercedes.com.ar\/principal\/2017\/04\/18\/opinion-organicemonos-contra-los-femicidios\/","title":{"rendered":"Opini\u00f3n: \u00abOrganic\u00e9monos contra los femicidios\u00bb"},"content":{"rendered":"<p>Por Mar\u00eda Maldonado* &#8211; \u00a0Esta semana dos femicidios conmovieron nuevamente a la sociedad, el de Micaela Garc\u00eda en Gualeguay y el de Ornella Donotri en Tucum\u00e1n. Wagner, el autor confeso del asesinato de Micaela, contaba en su prontuario con al menos tres violaciones previas a estudiantes, fue dejado en libertad por el juez Carlos Rossi al cumplir 5 de sus 9 a\u00f1os de condena, cuando todos los informes t\u00e9cnicos recomendaban lo contrario.<\/p>\n<p>Las instituciones judiciales y de seguridad ni siquiera garantizaron el monitoreo de este violador reincidente una vez que fue liberado. Esta responsabilidad directa del Estado en la agresi\u00f3n y muerte de Micaela pone al rojo vivo la necesidad de establecer la revocabilidad y la elecci\u00f3n directa por parte de las mujeres de todos los funcionarios p\u00fablicos involucrados en los casos de violencia de g\u00e9nero.<\/p>\n<p>Tambi\u00e9n de poner a las pol\u00edticas en la materia bajo el control de un Organismo Aut\u00f3nomo de Mujeres, sustray\u00e9ndolas del manejo del Estado de clase que organiza, garantiza y apa\u00f1a la violencia hacia las mujeres en todas sus formas. En el caso de Ornella, seg\u00fan las primeras versiones policiales, fue golpeada, violada y asesinada por estrangulamiento. La cobertura de la noticia no tard\u00f3 en indicar atributos de Ornella que puedan explicar su tr\u00e1gica muerte. Remarcaron que ten\u00eda problemas de adicciones y que la Polic\u00eda habr\u00eda recibido una orden judicial para que fuera internada en un hogar de la capital tucumana. Otro aspecto que destacaron es que su padre ten\u00eda antecedentes penales y estuvo tres veces en la c\u00e1rcel. Tambi\u00e9n que se ausentaba de su casa durante varios d\u00edas y que por eso nadie la estaba buscando, toda una l\u00ednea para exculpar al Estado. La respuesta del gobierno provincial, que ha salido a atacar al movimiento de mujeres dando apoyo a la iglesia despu\u00e9s del 8 de marzo, ha sido la aprobaci\u00f3n de una ley que declara la emergencia en violencia contra la mujer pero que no establece de d\u00f3nde saldr\u00e1 el presupuesto para su ejecuci\u00f3n. La aparici\u00f3n sin vida de Micaela y Ornella, nos plantea redoblar la movilizaci\u00f3n y la lucha contra un sistema que se lleva la vida de cientos de mujeres y compa\u00f1eras de lucha por a\u00f1o. Exigimos la inmediata destituci\u00f3n del juez Rossi y la renuncia de los funcionarios a cargo del operativo de b\u00fasqueda, empezando por el Ministro de Gobierno Mauro Urribarri.<\/p>\n<p>En Mercedes, despu\u00e9s del asesinato de Sof\u00eda Santillan, desde el Partido Obrero y la Asamblea LGBTI Mercedes, presentamos un proyecto de inclusi\u00f3n laboral trans enmarc\u00e1ndonos en la Ley Provincial 14783, donde el sector p\u00fablico de la provincia debe ocupar el 1% de su personal a personas travestis, transexuales y transg\u00e9nero con el fin de promover la igualdad real de oportunidades en el empleo p\u00fablico. Dicho proyecto a\u00fan no ha sido tratado en las comisiones correspondientes del HCD. Exigimos el tratamiento inmediato de este proyecto para evitar m\u00e1s casos como el de Sof\u00eda.<\/p>\n<p>*Plenario de Trabajadoras Mercedes \u2013Partido Obrero<\/p>\n","protected":false},"excerpt":{"rendered":"<p>Por Mar\u00eda Maldonado* &#8211; \u00a0Esta semana dos femicidios conmovieron nuevamente a la sociedad, el de Micaela Garc\u00eda en Gualeguay y &#8230; <a title=\"Opini\u00f3n: \u00abOrganic\u00e9monos contra los femicidios\u00bb\" class=\"read-more\" href=\"https:\/\/www.hoymercedes.com.ar\/principal\/2017\/04\/18\/opinion-organicemonos-contra-los-femicidios\/\" aria-label=\"Leer m\u00e1s sobre Opini\u00f3n: \u00abOrganic\u00e9monos contra los femicidios\u00bb\">Leer m\u00e1s<\/a><\/p>\n","protected":false},"author":1,"featured_media":40822,"comment_status":"closed","ping_status":"open","sticky":false,"template":"","format":"standard","meta":{"_monsterinsights_skip_tracking":false,"_monsterinsights_sitenote_active":false,"_monsterinsights_sitenote_note":"","_monsterinsights_sitenote_category":0,"jetpack_post_was_ever_published":false,"_jetpack_newsletter_access":"","_jetpack_dont_email_post_to_subs":false,"_jetpack_newsletter_tier_id":0,"_jetpack_memberships_contains_paywalled_content":false,"_jetpack_memberships_contains_paid_content":false,"footnotes":"","jetpack_publicize_message":"","jetpack_publicize_feature_enabled":true,"jetpack_social_post_already_shared":true,"jetpack_social_options":{"image_generator_settings":{"template":"highway","default_image_id":0,"font":"","enabled":false},"version":2},"_wpas_customize_per_network":false},"categories":[1],"tags":[10931,7184,8748],"class_list":["post-61767","post","type-post","status-publish","format-standard","has-post-thumbnail","hentry","category-opinion","tag-femicidios","tag-maria-maldonado","tag-opinion","generate-columns","tablet-grid-50","mobile-grid-100","grid-parent","grid-50"],"jetpack_publicize_connections":[],"jetpack_featured_media_url":"https:\/\/www.hoymercedes.com.ar\/principal\/wp-content\/uploads\/2015\/04\/mariamaldonado-partidoobrero1.jpg","wps_subtitle":"","jetpack_sharing_enabled":true,"_links":{"self":[{"href":"https:\/\/www.hoymercedes.com.ar\/principal\/wp-json\/wp\/v2\/posts\/61767","targetHints":{"allow":["GET"]}}],"collection":[{"href":"https:\/\/www.hoymercedes.com.ar\/principal\/wp-json\/wp\/v2\/posts"}],"about":[{"href":"https:\/\/www.hoymercedes.com.ar\/principal\/wp-json\/wp\/v2\/types\/post"}],"author":[{"embeddable":true,"href":"https:\/\/www.hoymercedes.com.ar\/principal\/wp-json\/wp\/v2\/users\/1"}],"replies":[{"embeddable":true,"href":"https:\/\/www.hoymercedes.com.ar\/principal\/wp-json\/wp\/v2\/comments?post=61767"}],"version-history":[{"count":0,"href":"https:\/\/www.hoymercedes.com.ar\/principal\/wp-json\/wp\/v2\/posts\/61767\/revisions"}],"wp:featuredmedia":[{"embeddable":true,"href":"https:\/\/www.hoymercedes.com.ar\/principal\/wp-json\/wp\/v2\/media\/40822"}],"wp:attachment":[{"href":"https:\/\/www.hoymercedes.com.ar\/principal\/wp-json\/wp\/v2\/media?parent=61767"}],"wp:term":[{"taxonomy":"category","embeddable":true,"href":"https:\/\/www.hoymercedes.com.ar\/principal\/wp-json\/wp\/v2\/categories?post=61767"},{"taxonomy":"post_tag","embeddable":true,"href":"https:\/\/www.hoymercedes.com.ar\/principal\/wp-json\/wp\/v2\/tags?post=61767"}],"curies":[{"name":"wp","href":"https:\/\/api.w.org\/{rel}","templated":true}]}}