{"id":61816,"date":"2017-04-19T13:53:05","date_gmt":"2017-04-19T16:53:05","guid":{"rendered":"http:\/\/www.hoymercedes.com.ar\/principal\/?p=61816"},"modified":"2017-04-19T13:53:05","modified_gmt":"2017-04-19T16:53:05","slug":"estafa-millonaria-traut-se-nego-a-declarar-ante-el-fiscal-bidone","status":"publish","type":"post","link":"https:\/\/www.hoymercedes.com.ar\/principal\/2017\/04\/19\/estafa-millonaria-traut-se-nego-a-declarar-ante-el-fiscal-bidone\/","title":{"rendered":"Estafa millonaria: Traut se neg\u00f3 a declarar ante el fiscal Bidone"},"content":{"rendered":"<p>En la ma\u00f1ana de hoy en la sede de Fiscal\u00eda General del Departamento Judicial de Mercedes, en calle 26 y 37 una importante cantidad medios nacionales se hicieron presentes dados que fue convocado a declarar Nicol\u00e1s Traut, el esposo de la cantante Laura Miller detenido ayer por su presunta participaci\u00f3n en el robo cibern\u00e9tico de 3.600.000 pesos de las cuentas bancarias de la Municipalidad de 25 de Mayo<\/p>\n<p>Traut, fue detenido ayer junto a Ram\u00f3n Alves en el marco de la investigaci\u00f3n del robo cibern\u00e9tico y trasladado esta ma\u00f1ana a nuestra cuidad para ser indagados por el fiscal Juan Ignacio Bidone.<\/p>\n<p><img loading=\"lazy\" decoding=\"async\" data-attachment-id=\"61820\" data-permalink=\"https:\/\/www.hoymercedes.com.ar\/principal\/2017\/04\/19\/estafa-millonaria-traut-se-nego-a-declarar-ante-el-fiscal-bidone\/19-nicolas-laura-miller-1-copia\/#main\" data-orig-file=\"https:\/\/www.hoymercedes.com.ar\/principal\/wp-content\/uploads\/2017\/04\/19-Nicolas-Laura-Miller-1-copia.jpg\" data-orig-size=\"630,420\" data-comments-opened=\"0\" data-image-meta=\"{&quot;aperture&quot;:&quot;5.6&quot;,&quot;credit&quot;:&quot;&quot;,&quot;camera&quot;:&quot;NIKON D3100&quot;,&quot;caption&quot;:&quot;????????????????????????????????????&quot;,&quot;created_timestamp&quot;:&quot;1492605634&quot;,&quot;copyright&quot;:&quot;&quot;,&quot;focal_length&quot;:&quot;18&quot;,&quot;iso&quot;:&quot;400&quot;,&quot;shutter_speed&quot;:&quot;0.008&quot;,&quot;title&quot;:&quot;&quot;,&quot;orientation&quot;:&quot;1&quot;}\" data-image-title=\"19 Nicolas Laura Miller 1 copia\" data-image-description=\"\" data-image-caption=\"&lt;p&gt;????????????????????????????????????&lt;\/p&gt;\n\" data-large-file=\"https:\/\/www.hoymercedes.com.ar\/principal\/wp-content\/uploads\/2017\/04\/19-Nicolas-Laura-Miller-1-copia.jpg\" class=\"aligncenter wp-image-61820 size-medium\" src=\"https:\/\/www.hoymercedes.com.ar\/principal\/wp-content\/uploads\/2017\/04\/19-Nicolas-Laura-Miller-1-copia-630x420.jpg\" alt=\"\" width=\"630\" height=\"420\" srcset=\"https:\/\/www.hoymercedes.com.ar\/principal\/wp-content\/uploads\/2017\/04\/19-Nicolas-Laura-Miller-1-copia.jpg 630w, https:\/\/www.hoymercedes.com.ar\/principal\/wp-content\/uploads\/2017\/04\/19-Nicolas-Laura-Miller-1-copia-150x100.jpg 150w, https:\/\/www.hoymercedes.com.ar\/principal\/wp-content\/uploads\/2017\/04\/19-Nicolas-Laura-Miller-1-copia-300x200.jpg 300w\" sizes=\"auto, (max-width: 630px) 100vw, 630px\" \/><\/p>\n<p>En el lugar tambi\u00e9n estuvo presente Gast\u00f3n Francone, abogado del imputado quien habl\u00f3 con los medios antes de la declaraci\u00f3n indagatoria de su cliente. All\u00ed inform\u00f3 que pedir\u00eda la excarcelaci\u00f3n y neg\u00f3 que el corredor de autos sea \u201cel cabecilla de una banda de hackers\u201d porque \u201cde inform\u00e1tica no sabe nada\u201d.<\/p>\n<p>\u201cNo tengo ninguna duda de la excarcelaci\u00f3n, la garant\u00eda de la libertad condicional existe. (La detenci\u00f3n) es una teatralizaci\u00f3n teniendo en cuenta la calidad de una persona p\u00fablica, tanto \u00e9l como de ella. No hac\u00eda falta, con una simple citaci\u00f3n nos hubi\u00e9ramos presentado a declarar\u201d, asever\u00f3 la defensa.<\/p>\n<p>Adem\u00e1s, cuestion\u00f3 que el fiscal haya dejado trascender que Traut estar\u00eda en una situaci\u00f3n complicada, y record\u00f3 lo que ocurri\u00f3 en la d\u00e9cada del &#8217;90 con el empresario Guillermo Coppola: \u201cEstuvo detenido como si fuera uno de los mayores narcotraficantes del pa\u00eds, y despu\u00e9s, los jueces y los fiscales terminaron presos\u201d.<\/p>\n<p><img loading=\"lazy\" decoding=\"async\" data-attachment-id=\"61819\" data-permalink=\"https:\/\/www.hoymercedes.com.ar\/principal\/2017\/04\/19\/estafa-millonaria-traut-se-nego-a-declarar-ante-el-fiscal-bidone\/19-nicolas-laura-miller-2-copia\/#main\" data-orig-file=\"https:\/\/www.hoymercedes.com.ar\/principal\/wp-content\/uploads\/2017\/04\/19-Nicolas-Laura-Miller-2-copia.jpg\" data-orig-size=\"630,420\" data-comments-opened=\"0\" data-image-meta=\"{&quot;aperture&quot;:&quot;5.6&quot;,&quot;credit&quot;:&quot;&quot;,&quot;camera&quot;:&quot;NIKON D3100&quot;,&quot;caption&quot;:&quot;????????????????????????????????????&quot;,&quot;created_timestamp&quot;:&quot;1492605630&quot;,&quot;copyright&quot;:&quot;&quot;,&quot;focal_length&quot;:&quot;55&quot;,&quot;iso&quot;:&quot;400&quot;,&quot;shutter_speed&quot;:&quot;0.01&quot;,&quot;title&quot;:&quot;&quot;,&quot;orientation&quot;:&quot;1&quot;}\" data-image-title=\"19 Nicolas Laura Miller 2 copia\" data-image-description=\"\" data-image-caption=\"\" data-large-file=\"https:\/\/www.hoymercedes.com.ar\/principal\/wp-content\/uploads\/2017\/04\/19-Nicolas-Laura-Miller-2-copia.jpg\" class=\"aligncenter size-medium wp-image-61819\" src=\"https:\/\/www.hoymercedes.com.ar\/principal\/wp-content\/uploads\/2017\/04\/19-Nicolas-Laura-Miller-2-copia-630x420.jpg\" alt=\"\" width=\"630\" height=\"420\" srcset=\"https:\/\/www.hoymercedes.com.ar\/principal\/wp-content\/uploads\/2017\/04\/19-Nicolas-Laura-Miller-2-copia.jpg 630w, https:\/\/www.hoymercedes.com.ar\/principal\/wp-content\/uploads\/2017\/04\/19-Nicolas-Laura-Miller-2-copia-150x100.jpg 150w, https:\/\/www.hoymercedes.com.ar\/principal\/wp-content\/uploads\/2017\/04\/19-Nicolas-Laura-Miller-2-copia-300x200.jpg 300w\" sizes=\"auto, (max-width: 630px) 100vw, 630px\" \/><\/p>\n<p>El abogado acept\u00f3 adem\u00e1s que su cliente \u00abes un hombre que vive bien\u00bb porque \u00abha ganado mucho dinero a lo largo de su carrera\u00bb automovil\u00edstica.<\/p>\n<p>Por \u00faltimo, neg\u00f3 que Traut sea el cabecilla de una banda de hackers: \u201cDe inform\u00e1tica no sabe nada, no es alguien que maneje una computadora con habilidad\u201d.<\/p>\n<p>Ambos imputados en la Fiscal\u00eda se negaron a declarar. De momento quedar\u00e1n alojados en la alcaid\u00eda local y no se descarta su traslado moment\u00e1neo a la comisar\u00eda lindera.<\/p>\n<p>Por el momento, no se dieron a conocer detalles sobre avances en la investigaci\u00f3n o la postura que tomar\u00e1 la fiscal\u00eda ante la negativa de declarar de los imputados y el pedido de la defensa.<\/p>\n","protected":false},"excerpt":{"rendered":"<p>En la ma\u00f1ana de hoy en la sede de Fiscal\u00eda General del Departamento Judicial de Mercedes, en calle 26 y &#8230; <a title=\"Estafa millonaria: Traut se neg\u00f3 a declarar ante el fiscal Bidone\" class=\"read-more\" href=\"https:\/\/www.hoymercedes.com.ar\/principal\/2017\/04\/19\/estafa-millonaria-traut-se-nego-a-declarar-ante-el-fiscal-bidone\/\" aria-label=\"Leer m\u00e1s sobre Estafa millonaria: Traut se neg\u00f3 a declarar ante el fiscal Bidone\">Leer m\u00e1s<\/a><\/p>\n","protected":false},"author":1,"featured_media":61819,"comment_status":"closed","ping_status":"open","sticky":false,"template":"","format":"standard","meta":{"_monsterinsights_skip_tracking":false,"_monsterinsights_sitenote_active":false,"_monsterinsights_sitenote_note":"","_monsterinsights_sitenote_category":0,"jetpack_post_was_ever_published":false,"_jetpack_newsletter_access":"","_jetpack_dont_email_post_to_subs":false,"_jetpack_newsletter_tier_id":0,"_jetpack_memberships_contains_paywalled_content":false,"_jetpack_memberships_contains_paid_content":false,"footnotes":"","jetpack_publicize_message":"","jetpack_publicize_feature_enabled":true,"jetpack_social_post_already_shared":true,"jetpack_social_options":{"image_generator_settings":{"template":"highway","default_image_id":0,"font":"","enabled":false},"version":2},"_wpas_customize_per_network":false},"categories":[85],"tags":[10936,10581,10938,10775,10937,10935,96],"class_list":["post-61816","post","type-post","status-publish","format-standard","has-post-thumbnail","hentry","category-policial","tag-estafa-millonaria","tag-fiscalia","tag-juan-bidone","tag-ministerio-publico-bonaerense","tag-municipalidad-de-25-de-mayo","tag-nicolas-traut","tag-policial-2","generate-columns","tablet-grid-50","mobile-grid-100","grid-parent","grid-50"],"jetpack_publicize_connections":[],"jetpack_featured_media_url":"https:\/\/www.hoymercedes.com.ar\/principal\/wp-content\/uploads\/2017\/04\/19-Nicolas-Laura-Miller-2-copia.jpg","wps_subtitle":"Gran movimiento en la Fiscal\u00eda local de medios nacionales","jetpack_sharing_enabled":true,"_links":{"self":[{"href":"https:\/\/www.hoymercedes.com.ar\/principal\/wp-json\/wp\/v2\/posts\/61816","targetHints":{"allow":["GET"]}}],"collection":[{"href":"https:\/\/www.hoymercedes.com.ar\/principal\/wp-json\/wp\/v2\/posts"}],"about":[{"href":"https:\/\/www.hoymercedes.com.ar\/principal\/wp-json\/wp\/v2\/types\/post"}],"author":[{"embeddable":true,"href":"https:\/\/www.hoymercedes.com.ar\/principal\/wp-json\/wp\/v2\/users\/1"}],"replies":[{"embeddable":true,"href":"https:\/\/www.hoymercedes.com.ar\/principal\/wp-json\/wp\/v2\/comments?post=61816"}],"version-history":[{"count":0,"href":"https:\/\/www.hoymercedes.com.ar\/principal\/wp-json\/wp\/v2\/posts\/61816\/revisions"}],"wp:featuredmedia":[{"embeddable":true,"href":"https:\/\/www.hoymercedes.com.ar\/principal\/wp-json\/wp\/v2\/media\/61819"}],"wp:attachment":[{"href":"https:\/\/www.hoymercedes.com.ar\/principal\/wp-json\/wp\/v2\/media?parent=61816"}],"wp:term":[{"taxonomy":"category","embeddable":true,"href":"https:\/\/www.hoymercedes.com.ar\/principal\/wp-json\/wp\/v2\/categories?post=61816"},{"taxonomy":"post_tag","embeddable":true,"href":"https:\/\/www.hoymercedes.com.ar\/principal\/wp-json\/wp\/v2\/tags?post=61816"}],"curies":[{"name":"wp","href":"https:\/\/api.w.org\/{rel}","templated":true}]}}