{"id":6183,"date":"2011-08-10T11:17:28","date_gmt":"2011-08-10T11:17:28","guid":{"rendered":"http:\/\/www.hoymercedes.com.ar\/principal\/?p=6183"},"modified":"2011-08-10T11:17:28","modified_gmt":"2011-08-10T11:17:28","slug":"juan-ustarroz-presento-su-plan-de-gobierno","status":"publish","type":"post","link":"https:\/\/www.hoymercedes.com.ar\/principal\/2011\/08\/10\/juan-ustarroz-presento-su-plan-de-gobierno\/","title":{"rendered":"Juan Ustarroz presento su plan de gobierno"},"content":{"rendered":"<p><a href=\"https:\/\/www.hoymercedes.com.ar\/principal\/wp-content\/uploads\/2011\/08\/ustarroz-plangobierno.jpg\"><img loading=\"lazy\" decoding=\"async\" data-attachment-id=\"6185\" data-permalink=\"https:\/\/www.hoymercedes.com.ar\/principal\/2011\/08\/10\/juan-ustarroz-presento-su-plan-de-gobierno\/ustarroz-plangobierno\/#main\" data-orig-file=\"https:\/\/www.hoymercedes.com.ar\/principal\/wp-content\/uploads\/2011\/08\/ustarroz-plangobierno.jpg\" data-orig-size=\"605,402\" data-comments-opened=\"1\" data-image-meta=\"{&quot;aperture&quot;:&quot;4&quot;,&quot;credit&quot;:&quot;Moreira Mario Hugo    FOTOGRAFIA&quot;,&quot;camera&quot;:&quot;NIKON D300&quot;,&quot;caption&quot;:&quot;&quot;,&quot;created_timestamp&quot;:&quot;1312919319&quot;,&quot;copyright&quot;:&quot;AW Fotografia   Moreira Mario Hugo&quot;,&quot;focal_length&quot;:&quot;27&quot;,&quot;iso&quot;:&quot;1600&quot;,&quot;shutter_speed&quot;:&quot;0.02&quot;,&quot;title&quot;:&quot;&quot;}\" data-image-title=\"ustarroz-plangobierno\" data-image-description=\"\" data-image-caption=\"\" data-large-file=\"https:\/\/www.hoymercedes.com.ar\/principal\/wp-content\/uploads\/2011\/08\/ustarroz-plangobierno.jpg\" class=\"aligncenter size-full wp-image-6185\" title=\"ustarroz-plangobierno\" src=\"https:\/\/www.hoymercedes.com.ar\/principal\/wp-content\/uploads\/2011\/08\/ustarroz-plangobierno.jpg\" alt=\"\" width=\"605\" height=\"402\" \/><\/a><\/p>\n<p>Este martes Juan Ustarroz present\u00f3 su plan de gobierno en el local del Frente Mercedino para la Victoria.<\/p>\n<p>El candidato a intendente de esa fuerza recibi\u00f3 a la comunidad y a la prensa para transmitirles el plan estrat\u00e9gico que tiene pensado para la ciudad, plan estrat\u00e9gico que fue realizado por todo su equipo de trabajo que viene trabajando en diferentes comisiones a lo largo de todo el a\u00f1o y bas\u00e1ndose en las encuestas que hab\u00edan realizado con los vecinos de la ciudad de Mercedes, bajo la consigna de \u201cMercedes puede mucho mas, Mercedes primero\u201d.<\/p>\n<p>Ustarroz para arrancar la explicaci\u00f3n del plan estrat\u00e9gico dijo: \u201cTenemos una oportunidad hist\u00f3rica los mercedinos, donde estamos parados? Mercedes debe decidir su futuro, necesita definir su perfil, necesita integrar sus pol\u00edticas publicas y necesita animarse a crecer, de esto surge hacia donde vamos? La propuesta es desarrollar un perfil productivo porque Mercedes tiene un perfil administrativo el cual una gran parte de la poblaci\u00f3n trabaja en la administraci\u00f3n publica, pero esto es un piso y nunca debe ser un techo, por eso decimos que tenemos que alentar al perfil productivo que garantice trabajo, educaci\u00f3n, salud, seguridad, que sea inclusivo e integrador, por eso hablamos de un planeamiento estrat\u00e9gico y que sea de Mercedes, elaborado sobre la base de las experiencias positivas que se han dado a lo largo de nuestra historia, sobre la base de las propuestas truncadas que tienen muchos ciudadanos e instituciones, por eso decimos que el proyecto es elaborado sobre la base del aporte de los mercedinos, recorriendo dia a dia los barrios\u201d<\/p>\n<p>La sintesis que expuso Juan Ustarroz ante los presentes,fueron los puntos mas relevantes del plan estrat\u00e9gico de crecimiento que contempla muchas aristas, a los que denomino como las 12 (doce) prioridades del Frente Mercedino para la Victoria.<\/p>\n<p>Mas trabajo, basado en el nuevo parque industrial con mejor calidad de servicios, instalaci\u00f3n de un polo tecnol\u00f3gico contando con un un lugar para hacerlo, colonia Capitan Sarmiento.<\/p>\n<p>Mas desarrollo del agro, mejores caminos y mas accesibilidad a los cr\u00e9ditos agropecuarios para los productores rurales, radicaci\u00f3n del mercado hort\u00edcola.<\/p>\n<p>Mas seguridad, ocuparse de la tranquilidad del vecino a trav\u00e9s del operativo Centinela, c\u00e1maras de seguridad, prevenci\u00f3n, en una sociedad donde hay mas oportunidad e inclusion el delito disminuye.<\/p>\n<p>Mas educaci\u00f3n, con la instalaci\u00f3n de un polo universitario, traer una sede de la Universidad Tecnologica Nacional, reforzar la educaci\u00f3n de las escuelas t\u00e9cnicas ,programas de becas estudiantiles, apoyos escolares en los barrios.<\/p>\n<p>Mas ciudad, Mercedes puede crecer con armon\u00eda, ser una ciudad modelo y mantener su identidad de pueblo, seguridad vial, plan urbano, asfalto en los barrios, mayor cobertura de servicios p\u00fablicos(agua,cloacas,electricidad,alumbrado publico,etc)<\/p>\n<p>Mas limpieza y espacios verdes, una ciudad limpia y con mas espacios verdes es una ciudad que promociona la calidad de vida, recolecci\u00f3n de residuos, embellecimiento de los barrios.<\/p>\n<p>Mas salud y calidad de vida, garantizar el vecino un acceso de un servicio salud de calidad, Hospital materno infantil, servicio de emergencias y mas profesionales .<\/p>\n<p>Mas turismo, la ciudad cuenta con oportunidad para convertirse en la atracci\u00f3n de hoy ,bas\u00e1ndose en la cercan\u00eda con la ciudad de Buenos Aires, ofertas gastron\u00f3micas, fiestas populares y la calidez de sus habitantes, recuperaci\u00f3n de la trochita hacia Tomas Jofre, posicionar a Mercedes como una ciudad tur\u00edstica y crear una marca registrada.<\/p>\n<p>Mas viviendas, garantizar acceso a la vivienda digna con la construcci\u00f3n de 1000 viviendas en los pr\u00f3ximos 4 a\u00f1os, ejecuci\u00f3n de 500 mejoramientos habitacionales, priorizar las contrataciones de empresas que den trabajo a vecinos de la ciudad de Mercedes.<\/p>\n<p>Mas inclusi\u00f3n y desarrollo social, a trav\u00e9s de pol\u00edticas sociales poder promocionar la calidad de vida y el desarrollo social de los mercedinos en una ciudad que los incluya y los proteja,creaci\u00f3n de la secretaria de la juventud, secretaria de la tercera edad, creaci\u00f3n de una area \u00fanica de orientaci\u00f3n y asesoramiento de personas con capacidades diferentes.<\/p>\n<p>Mas cultura e identidad, una ciudad con identidad propia es una ciudad que mantiene sus tradiciones y que incorpora las nuevas expresiones construyendo un lenguaje integrador a trav\u00e9s de las culturas, las artes, reactivaci\u00f3n de teatro callejero, comedia municipal, feri de artesanos, consolidaci\u00f3n de fiestas populares.<\/p>\n<p>Mas gesti\u00f3n, para que Mercedes crezca hace falta un gobierno municipal que gestione con eficiencia, transparencia y de cara al vecino, gobierno de puertas abiertas, creaci\u00f3n de consejos consultivos, unidades de gesti\u00f3n m\u00f3vil para los pueblos mas alejados del casco urbano.<\/p>\n<p>Ustarroz finalizo diciendo:\u201d Esto es una s\u00edntesis de un arduo trabajo que venimos desarrollando diferentes profesionales, trabajadores, hombres y mujeres que se han acercado a participar de este frente\u201d<\/p>\n<p>Y felicito a todo el equipo del frente por su empe\u00f1o y capacidad para llevar a cabo esta propuesta y pidio seguir trabajando para el bien de la ciudad con la humildad que lo vienen haciendo y llamo a los vecinos a sumarse para el trabajo de nuevas propuestas.<\/p>\n","protected":false},"excerpt":{"rendered":"<p>Este martes Juan Ustarroz present\u00f3 su plan de gobierno en el local del Frente Mercedino para la Victoria. El candidato &#8230; <a title=\"Juan Ustarroz presento su plan de gobierno\" class=\"read-more\" href=\"https:\/\/www.hoymercedes.com.ar\/principal\/2011\/08\/10\/juan-ustarroz-presento-su-plan-de-gobierno\/\" aria-label=\"Leer m\u00e1s sobre Juan Ustarroz presento su plan de gobierno\">Leer m\u00e1s<\/a><\/p>\n","protected":false},"author":1,"featured_media":0,"comment_status":"open","ping_status":"open","sticky":false,"template":"","format":"standard","meta":{"_monsterinsights_skip_tracking":false,"_monsterinsights_sitenote_active":false,"_monsterinsights_sitenote_note":"","_monsterinsights_sitenote_category":0,"jetpack_post_was_ever_published":false,"_jetpack_newsletter_access":"","_jetpack_dont_email_post_to_subs":false,"_jetpack_newsletter_tier_id":0,"_jetpack_memberships_contains_paywalled_content":false,"_jetpack_memberships_contains_paid_content":false,"footnotes":"","jetpack_publicize_message":"","jetpack_publicize_feature_enabled":true,"jetpack_social_post_already_shared":false,"jetpack_social_options":{"image_generator_settings":{"template":"highway","default_image_id":0,"font":"","enabled":false},"version":2},"_wpas_customize_per_network":false},"categories":[5],"tags":[1125],"class_list":["post-6183","post","type-post","status-publish","format-standard","hentry","category-politica","tag-juan-ustarroz-presento-su-plan-de-gobierno","generate-columns","tablet-grid-50","mobile-grid-100","grid-parent","grid-50"],"jetpack_publicize_connections":[],"jetpack_featured_media_url":"","wps_subtitle":"","jetpack_sharing_enabled":true,"_links":{"self":[{"href":"https:\/\/www.hoymercedes.com.ar\/principal\/wp-json\/wp\/v2\/posts\/6183","targetHints":{"allow":["GET"]}}],"collection":[{"href":"https:\/\/www.hoymercedes.com.ar\/principal\/wp-json\/wp\/v2\/posts"}],"about":[{"href":"https:\/\/www.hoymercedes.com.ar\/principal\/wp-json\/wp\/v2\/types\/post"}],"author":[{"embeddable":true,"href":"https:\/\/www.hoymercedes.com.ar\/principal\/wp-json\/wp\/v2\/users\/1"}],"replies":[{"embeddable":true,"href":"https:\/\/www.hoymercedes.com.ar\/principal\/wp-json\/wp\/v2\/comments?post=6183"}],"version-history":[{"count":0,"href":"https:\/\/www.hoymercedes.com.ar\/principal\/wp-json\/wp\/v2\/posts\/6183\/revisions"}],"wp:attachment":[{"href":"https:\/\/www.hoymercedes.com.ar\/principal\/wp-json\/wp\/v2\/media?parent=6183"}],"wp:term":[{"taxonomy":"category","embeddable":true,"href":"https:\/\/www.hoymercedes.com.ar\/principal\/wp-json\/wp\/v2\/categories?post=6183"},{"taxonomy":"post_tag","embeddable":true,"href":"https:\/\/www.hoymercedes.com.ar\/principal\/wp-json\/wp\/v2\/tags?post=6183"}],"curies":[{"name":"wp","href":"https:\/\/api.w.org\/{rel}","templated":true}]}}