{"id":61830,"date":"2017-04-19T19:50:07","date_gmt":"2017-04-19T22:50:07","guid":{"rendered":"http:\/\/www.hoymercedes.com.ar\/principal\/?p=61830"},"modified":"2017-04-20T09:59:15","modified_gmt":"2017-04-20T12:59:15","slug":"cinco-aprehendidos-por-ocho-allanamientos-en-mercedes","status":"publish","type":"post","link":"https:\/\/www.hoymercedes.com.ar\/principal\/2017\/04\/19\/cinco-aprehendidos-por-ocho-allanamientos-en-mercedes\/","title":{"rendered":"Cinco aprehendidos por ocho allanamientos en Mercedes"},"content":{"rendered":"<p>En la ma\u00f1ana de este mi\u00e9rcoles, de manera simult\u00e1nea, se llevaron adelante ocho\u00a0allanamientos en domicilios particulares de la ciudad de Mercedes. Hallaron un arma de fuego, varias armas blancas, motos con pedidos de secuestro, sumas importantes de dinero en efectivo, una balanza de precisi\u00f3n y marihuana. La investigaci\u00f3n se dio principalmente a partir de denuncias de robos, por lesiones a vecinos de la ciudad que circulaban por avenida 1 en cercan\u00eda de las v\u00edas de los ferrocarriles, al verse a menores de edad con armas de fuego y ante sospechas de venta de drogas.<\/p>\n<p><img loading=\"lazy\" decoding=\"async\" data-attachment-id=\"61823\" data-permalink=\"https:\/\/www.hoymercedes.com.ar\/principal\/2017\/04\/19\/cinco-aprehendidos-por-ocho-allanamientos-en-mercedes\/19-allanamiento-12-y1\/#main\" data-orig-file=\"https:\/\/www.hoymercedes.com.ar\/principal\/wp-content\/uploads\/2017\/04\/19-allanamiento-12-y1.jpg\" data-orig-size=\"630,354\" data-comments-opened=\"0\" data-image-meta=\"{&quot;aperture&quot;:&quot;0&quot;,&quot;credit&quot;:&quot;&quot;,&quot;camera&quot;:&quot;&quot;,&quot;caption&quot;:&quot;&quot;,&quot;created_timestamp&quot;:&quot;0&quot;,&quot;copyright&quot;:&quot;&quot;,&quot;focal_length&quot;:&quot;0&quot;,&quot;iso&quot;:&quot;0&quot;,&quot;shutter_speed&quot;:&quot;0&quot;,&quot;title&quot;:&quot;&quot;,&quot;orientation&quot;:&quot;0&quot;}\" data-image-title=\"19 allanamiento 12 y1\" data-image-description=\"\" data-image-caption=\"\" data-large-file=\"https:\/\/www.hoymercedes.com.ar\/principal\/wp-content\/uploads\/2017\/04\/19-allanamiento-12-y1.jpg\" class=\"aligncenter size-medium wp-image-61823\" src=\"https:\/\/www.hoymercedes.com.ar\/principal\/wp-content\/uploads\/2017\/04\/19-allanamiento-12-y1-630x354.jpg\" alt=\"\" width=\"630\" height=\"354\" srcset=\"https:\/\/www.hoymercedes.com.ar\/principal\/wp-content\/uploads\/2017\/04\/19-allanamiento-12-y1.jpg 630w, https:\/\/www.hoymercedes.com.ar\/principal\/wp-content\/uploads\/2017\/04\/19-allanamiento-12-y1-150x84.jpg 150w\" sizes=\"auto, (max-width: 630px) 100vw, 630px\" \/><\/p>\n<p>En el marco de una conferencia de prensa, el Comisario Gustavo Monta\u00f1\u00e9z, Jefe de la Departamental Mercedes, acompa\u00f1ado por\u00a0 el Jefe de la Polic\u00eda Comunal Sergio Macedo y el Director de Seguridad Municipal Esteban Rossi, explicaron en qu\u00e9 consistieron esos allanamientos.<\/p>\n<p>\u201cA partir de una serie de investigaciones que se iniciaron desde la Jefatura Comunal de la Polic\u00eda, con la intervenci\u00f3n de la UFI N\u00ba 8, por diversos delitos y situaciones complejas que deb\u00edan tener nuestra atenci\u00f3n; se lograron ocho \u00f3rdenes de allanamientos, las cuales se efectivizaron con personal de la Polic\u00eda Comunal, personal del GAD a mis \u00f3rdenes, personal de la Polic\u00eda Local y personal de la Direcci\u00f3n de Lucha contra las drogas il\u00edcitas\u201d, dijo el Comisario a cargo de la Departamental.<\/p>\n<p>Los allanamientos se efectuaron en ocho viviendas de las ciudad ubicadas en calles: 1 y 12, 12 entre 105 y 107, 12 entre 101, 12 bis y v\u00edas; 14 y 101, 101 bis entre 12 y 14, 12 y 102 bis, 14 entre 47 y 49 y en calle 32 y puente 13.<\/p>\n<p>\u201cPara nosotros el resultado ha sido favorable. Hemos secuestrado un arma de fuego, dos motos con pedidos de secuestro, una importante cantidad de armas blancas de confecci\u00f3n casera, dinero que no hay forma de justificar\u00a0y por lo tanto fue secuestrado de forma preventiva, dado que es una suma importante, una balanza de precisi\u00f3n y marihuana\u201d, agreg\u00f3.<\/p>\n<p><img loading=\"lazy\" decoding=\"async\" data-attachment-id=\"61840\" data-permalink=\"https:\/\/www.hoymercedes.com.ar\/principal\/2017\/04\/19\/cinco-aprehendidos-por-ocho-allanamientos-en-mercedes\/operativo-aerea-2\/#main\" data-orig-file=\"https:\/\/www.hoymercedes.com.ar\/principal\/wp-content\/uploads\/2017\/04\/operativo-aerea-1.jpg\" data-orig-size=\"1600,900\" data-comments-opened=\"0\" data-image-meta=\"{&quot;aperture&quot;:&quot;0&quot;,&quot;credit&quot;:&quot;&quot;,&quot;camera&quot;:&quot;&quot;,&quot;caption&quot;:&quot;&quot;,&quot;created_timestamp&quot;:&quot;0&quot;,&quot;copyright&quot;:&quot;&quot;,&quot;focal_length&quot;:&quot;0&quot;,&quot;iso&quot;:&quot;0&quot;,&quot;shutter_speed&quot;:&quot;0&quot;,&quot;title&quot;:&quot;&quot;,&quot;orientation&quot;:&quot;0&quot;}\" data-image-title=\"operativo-aerea\" data-image-description=\"\" data-image-caption=\"\" data-large-file=\"https:\/\/www.hoymercedes.com.ar\/principal\/wp-content\/uploads\/2017\/04\/operativo-aerea-1-1024x576.jpg\" class=\"aligncenter size-medium wp-image-61840\" src=\"https:\/\/www.hoymercedes.com.ar\/principal\/wp-content\/uploads\/2017\/04\/operativo-aerea-1-630x354.jpg\" alt=\"\" width=\"630\" height=\"354\" srcset=\"https:\/\/www.hoymercedes.com.ar\/principal\/wp-content\/uploads\/2017\/04\/operativo-aerea-1-630x354.jpg 630w, https:\/\/www.hoymercedes.com.ar\/principal\/wp-content\/uploads\/2017\/04\/operativo-aerea-1-150x84.jpg 150w, https:\/\/www.hoymercedes.com.ar\/principal\/wp-content\/uploads\/2017\/04\/operativo-aerea-1-1024x576.jpg 1024w, https:\/\/www.hoymercedes.com.ar\/principal\/wp-content\/uploads\/2017\/04\/operativo-aerea-1.jpg 1600w\" sizes=\"auto, (max-width: 630px) 100vw, 630px\" \/><\/p>\n<p>En cuanto a la informaci\u00f3n sobre las personas aprehendidas, se expres\u00f3 que fueron cinco los detenidos, cuatro de los cuales son mayores y uno menor.\u00a0A la vez que se notific\u00f3 de la formaci\u00f3n de causa a otro menor; y se destac\u00f3 que una de las detenciones se realiz\u00f3 por resistencia a la autoridad. Los detenidos mayores de edad fueron identificados como: Gerardo Contreras, C\u00e9sar Cerd\u00e1, \u00a0Nicol\u00e1s Pazos\u00a0y otro sujeto de apellido Ortubia. Todos los involucrados son oriundos de Mercedes y varios de ellos cuentan con\u00a0antecedentes.<\/p>\n<p>Por su parte, el Comisario Macedo dio cuenta de los or\u00edgenes de la investigaci\u00f3n marcando el inicio como \u201cincidentes menores\u201d que se originan en la intersecci\u00f3n de Avenida 1 y calle 12. \u201cEn principio estos incidentes de mayor gravedad se dieron en el marco de molestias, reuniones, agresiones a vecinos, pero la situaci\u00f3n se fue agravando hasta tal punto que a trav\u00e9s de las c\u00e1maras de seguridad del Centro de Monitoreo se vio a los menores portando armas de fuego, entre otras cosas. Es seguido que los m\u00f3viles acudan a ese lugar por distintos eventos como peleas, amenazas, por ingesta de alcohol o porque amenacen a la gente que ocasionalmente pasan por all\u00ed. \u201d, cont\u00f3 el Jefe de la Polic\u00eda Comunal.<\/p>\n<p>Todo el operativo se desarroll\u00f3 con apoyo de Nacotr\u00e1fico Mercedes, GAD Departamental, personal policial en apoyo de Luj\u00e1n y Navarro y Polic\u00eda Local en apoyo en la cobertura de per\u00edmetro<\/p>\n<p><img loading=\"lazy\" decoding=\"async\" data-attachment-id=\"61818\" data-permalink=\"https:\/\/www.hoymercedes.com.ar\/principal\/2017\/04\/19\/cinco-aprehendidos-por-ocho-allanamientos-en-mercedes\/19-allanmiento-2\/#main\" data-orig-file=\"https:\/\/www.hoymercedes.com.ar\/principal\/wp-content\/uploads\/2017\/04\/19-allanmiento-2.jpg\" data-orig-size=\"630,420\" data-comments-opened=\"0\" data-image-meta=\"{&quot;aperture&quot;:&quot;3.5&quot;,&quot;credit&quot;:&quot;&quot;,&quot;camera&quot;:&quot;NIKON D3100&quot;,&quot;caption&quot;:&quot;&quot;,&quot;created_timestamp&quot;:&quot;1492606335&quot;,&quot;copyright&quot;:&quot;&quot;,&quot;focal_length&quot;:&quot;20&quot;,&quot;iso&quot;:&quot;3200&quot;,&quot;shutter_speed&quot;:&quot;0.016666666666667&quot;,&quot;title&quot;:&quot;&quot;,&quot;orientation&quot;:&quot;1&quot;}\" data-image-title=\"19 allanmiento 2\" data-image-description=\"\" data-image-caption=\"\" data-large-file=\"https:\/\/www.hoymercedes.com.ar\/principal\/wp-content\/uploads\/2017\/04\/19-allanmiento-2.jpg\" class=\"aligncenter size-medium wp-image-61818\" src=\"https:\/\/www.hoymercedes.com.ar\/principal\/wp-content\/uploads\/2017\/04\/19-allanmiento-2-630x420.jpg\" alt=\"\" width=\"630\" height=\"420\" srcset=\"https:\/\/www.hoymercedes.com.ar\/principal\/wp-content\/uploads\/2017\/04\/19-allanmiento-2.jpg 630w, https:\/\/www.hoymercedes.com.ar\/principal\/wp-content\/uploads\/2017\/04\/19-allanmiento-2-150x100.jpg 150w, https:\/\/www.hoymercedes.com.ar\/principal\/wp-content\/uploads\/2017\/04\/19-allanmiento-2-300x200.jpg 300w\" sizes=\"auto, (max-width: 630px) 100vw, 630px\" \/><\/p>\n<p>&nbsp;<\/p>\n","protected":false},"excerpt":{"rendered":"<p>En la ma\u00f1ana de este mi\u00e9rcoles, de manera simult\u00e1nea, se llevaron adelante ocho\u00a0allanamientos en domicilios particulares de la ciudad de &#8230; <a title=\"Cinco aprehendidos por ocho allanamientos en Mercedes\" class=\"read-more\" href=\"https:\/\/www.hoymercedes.com.ar\/principal\/2017\/04\/19\/cinco-aprehendidos-por-ocho-allanamientos-en-mercedes\/\" aria-label=\"Leer m\u00e1s sobre Cinco aprehendidos por ocho allanamientos en Mercedes\">Leer m\u00e1s<\/a><\/p>\n","protected":false},"author":1,"featured_media":61823,"comment_status":"closed","ping_status":"open","sticky":false,"template":"","format":"standard","meta":{"_monsterinsights_skip_tracking":false,"_monsterinsights_sitenote_active":false,"_monsterinsights_sitenote_note":"","_monsterinsights_sitenote_category":0,"jetpack_post_was_ever_published":false,"_jetpack_newsletter_access":"","_jetpack_dont_email_post_to_subs":true,"_jetpack_newsletter_tier_id":0,"_jetpack_memberships_contains_paywalled_content":false,"_jetpack_memberships_contains_paid_content":false,"footnotes":"","jetpack_publicize_message":"","jetpack_publicize_feature_enabled":true,"jetpack_social_post_already_shared":true,"jetpack_social_options":{"image_generator_settings":{"template":"highway","default_image_id":0,"font":"","enabled":false},"version":2},"_wpas_customize_per_network":false},"categories":[85],"tags":[7125,10943,10352,27,83,96],"class_list":["post-61830","post","type-post","status-publish","format-standard","has-post-thumbnail","hentry","category-policial","tag-allanamientos","tag-armas-de-fuego","tag-detencion","tag-drogas","tag-policia","tag-policial-2","generate-columns","tablet-grid-50","mobile-grid-100","grid-parent","grid-50"],"jetpack_publicize_connections":[],"jetpack_featured_media_url":"https:\/\/www.hoymercedes.com.ar\/principal\/wp-content\/uploads\/2017\/04\/19-allanamiento-12-y1.jpg","wps_subtitle":"En la ma\u00f1ana del mi\u00e9rcoles","jetpack_sharing_enabled":true,"_links":{"self":[{"href":"https:\/\/www.hoymercedes.com.ar\/principal\/wp-json\/wp\/v2\/posts\/61830","targetHints":{"allow":["GET"]}}],"collection":[{"href":"https:\/\/www.hoymercedes.com.ar\/principal\/wp-json\/wp\/v2\/posts"}],"about":[{"href":"https:\/\/www.hoymercedes.com.ar\/principal\/wp-json\/wp\/v2\/types\/post"}],"author":[{"embeddable":true,"href":"https:\/\/www.hoymercedes.com.ar\/principal\/wp-json\/wp\/v2\/users\/1"}],"replies":[{"embeddable":true,"href":"https:\/\/www.hoymercedes.com.ar\/principal\/wp-json\/wp\/v2\/comments?post=61830"}],"version-history":[{"count":0,"href":"https:\/\/www.hoymercedes.com.ar\/principal\/wp-json\/wp\/v2\/posts\/61830\/revisions"}],"wp:featuredmedia":[{"embeddable":true,"href":"https:\/\/www.hoymercedes.com.ar\/principal\/wp-json\/wp\/v2\/media\/61823"}],"wp:attachment":[{"href":"https:\/\/www.hoymercedes.com.ar\/principal\/wp-json\/wp\/v2\/media?parent=61830"}],"wp:term":[{"taxonomy":"category","embeddable":true,"href":"https:\/\/www.hoymercedes.com.ar\/principal\/wp-json\/wp\/v2\/categories?post=61830"},{"taxonomy":"post_tag","embeddable":true,"href":"https:\/\/www.hoymercedes.com.ar\/principal\/wp-json\/wp\/v2\/tags?post=61830"}],"curies":[{"name":"wp","href":"https:\/\/api.w.org\/{rel}","templated":true}]}}