{"id":61837,"date":"2017-04-20T08:26:06","date_gmt":"2017-04-20T11:26:06","guid":{"rendered":"http:\/\/www.hoymercedes.com.ar\/principal\/?p=61837"},"modified":"2017-04-20T09:58:33","modified_gmt":"2017-04-20T12:58:33","slug":"esta-fallado-el-sentido-comun-en-ciertas-posiciones","status":"publish","type":"post","link":"https:\/\/www.hoymercedes.com.ar\/principal\/2017\/04\/20\/esta-fallado-el-sentido-comun-en-ciertas-posiciones\/","title":{"rendered":"\u201cEst\u00e1 fallado el sentido com\u00fan en ciertas  posiciones\u201d"},"content":{"rendered":"<p>El crimen de Micaela Garc\u00eda a manos de Sebasti\u00e1n Wagner quien hab\u00eda cumplido condena por dos casos de violaciones previos y que se encontraba en libertad a causa de una autorizaci\u00f3n judicial, gener\u00f3 indignaci\u00f3n. Y es que a los ojos de la sociedad pudo haber sido un hecho evitable.<\/p>\n<p>El fiscal de Ejecuci\u00f3n Penal del Departamento Judicial de Mercedes, Horacio Chiminelli en di\u00e1logo con <em>Descarrillados <\/em>(FM Mercedes) sostuvo que la justicia deber\u00eda tener \u201cm\u00e1s sentido com\u00fan\u201d a la hora de aplicar las leyes.<\/p>\n<p>Chiminelli se\u00f1al\u00f3 que podr\u00eda \u201crealizar una declaraci\u00f3n hipot\u00e9tica sobre lo que ocurri\u00f3 por un lado porque no me corresponde y por el otro porque no intervine\u201d.<\/p>\n<p>Sobre la liberaci\u00f3n de Wagner, se\u00f1al\u00f3: \u201cEl caso lo he seguido a trav\u00e9s de los medios por lo que no puedo realizar aseveraciones porque son circunstancias que desconozco. Sabemos que Wagner hab\u00eda sido condenado a 9 a\u00f1os de prisi\u00f3n por dos violaciones. Y esa situaci\u00f3n genera un poco de ruido, porque para dos violaciones es muy poca pena. Habr\u00eda que partir del principio del caso, que fue por juicio abreviado. Sabemos que muchas veces, porque he investigado y he sido fiscal de juicio en hechos de estas caracter\u00edsticas, las v\u00edctimas de violaci\u00f3n no quieren ir a los debates con total justeza. No quieren pasar ese mal momento. Y es por eso que los fiscales tenemos obst\u00e1culos a la hora de pedir pena. Y en los juicios abreviados se logra una pena mucho menor de la que se podr\u00eda lograr en un juicio oral\u201d y agreg\u00f3 que \u201cpero muchas veces estos estadios son muy r\u00e1pidos y a mitad de condena ya pueden salir con salidas transitorias. El condenado tiene much\u00edsimos beneficios previo a cumplir la totalidad de la pena, de hecho ve visto muy pocos casos en que se agota la pena en un penal. Siempre salen antes\u201d, sostuvo.<\/p>\n<p>\u201cY muchas veces algunos jueces los dejan en libertad con posiciones de gabinetes interdisciplinarios que atienden el caso. Y si tenemos un profesional que da cuenta de que va a reincidir porque es asocial o como surgiera la evaluaci\u00f3n no puede volver a la calle\u201d, enfatiz\u00f3.<\/p>\n<p>En cuanto al caso del juez Rossi \u2013quien le otorg\u00f3 la libertad a Wagner \u2013se\u00f1al\u00f3: \u201cEl art\u00edculo 58\u00b0 de la Constituci\u00f3n Provincial responsabiliza con el patrimonio individual a empleados y funcionarios que en el ejercicio de sus funciones haya cometido alg\u00fan da\u00f1o. En este caso, eso es lo que hace el juez porque tiene un dictamen negativo del gabinete criminol\u00f3gico, que si bien no es condicionante le est\u00e1 diciendo que es prematuro que lo pongan en libertad porque no se adapt\u00f3\u00a0 al sistema; un fiscal est\u00e1 planteando que por otros motivos tampoco es recomendable hacerlo y en un acto individual del juez sin basamento f\u00e1ctico ni t\u00e9cnico lo puso en libertad. Es una responsabilidad individual. Como es sabido en estas funciones tenemos cierta inmunidad y solamente a trav\u00e9s de un juicio pol\u00edtico \u2013 no jur\u00eddico \u2013 puede quedar sometido a un proceso penal\u201d.<\/p>\n<p>&nbsp;<\/p>\n<p><strong>Penas y libertades<\/strong><\/p>\n<p>Para el funcionario judicial, \u201csi no hay autocr\u00edtica del prisionado no podemos decir que se cumpli\u00f3 la resocializaci\u00f3n. Una persona sometida a un proceso penal, donde no se han violado las garant\u00edas constitucionales del debido proceso, que fue encontrado culpable y condenado, no puede decir \u2018yo no fui\u2019. Tendr\u00eda que reconocerlo y plantear c\u00f3mo puede cambiar su posici\u00f3n frente a la vida y frente a la comunidad. Eso deber\u00eda ser el fin de la pena: poner los canales para que esa persona sea una persona de bien al salir y que no entienda que lo normal es estar violando la ley\u201d.<\/p>\n<p>Pero no solo eso, sino que adem\u00e1s se refiri\u00f3 a dificultades que existen a la hora de dar cumplimiento a las leyes mediante el proceso penal. \u201cLa C\u00e1mara de Casaci\u00f3n Penal Nacional ha dicho que es sumamente peligroso adoptar un criterio mecanicista de liberar gente. A veces se llega a las dos terceras partes y ya creen que tienen el beneficio concedido. Y a veces no es as\u00ed, hay que evaluar un mont\u00f3n de aspectos, c\u00f3mo es su posici\u00f3n frente al hecho que cometi\u00f3 y si no hizo un proceso reflexivo de su accionar espiritual no se lo puede dejar salir cuando todav\u00eda le falta un cuarto de la pena\u201d, remarc\u00f3.<\/p>\n<p>Y adem\u00e1s, sostuvo que ocurren situaciones en las que se omiten situaciones que terminan siendo perjudiciales. \u201cEn principio hay varias leyes que est\u00e1n interviniendo de forma vigente. La provincia de Buenos Aires tiene una ley vigente, que es la 12.256 (con algunas modificaciones) que choca con la 24.660 que es una ley nacional complementaria del C\u00f3digo Penal y tiene vigencia. Siempre se aplica la ley que es m\u00e1s ben\u00e9vola. Pero el art\u00edculo 28\u00b0 de la ley nacional dice que a la hora de dar la libertad condicional el juez tiene que notificar a la v\u00edctima o a su representante legal, que ser\u00e1 escuchada si desea hacer alguna manifestaci\u00f3n. En este caso, este juez no cumpli\u00f3 con esta normativa b\u00e1sica\u201d.<\/p>\n<p>\u201cCreo que lo que est\u00e1 pasando es que est\u00e1 fallado el sentido com\u00fan en ciertas posiciones que existen en la justicia\u201d, expres\u00f3.<\/p>\n<p>&nbsp;<\/p>\n<p><strong>Un delito aberrante<\/strong><\/p>\n<p>Chiminelli sostuvo: \u201cJam\u00e1s vi a un violador reconocer el acto. El violador no goza del acto sexual sino del sometimiento a la v\u00edctima. Para mi es el delito m\u00e1s aberrante del cat\u00e1logo del C\u00f3digo Penal\u201d y remarc\u00f3 que \u201clos jueces no solo tienen que mirar al preso sino tambi\u00e9n a la v\u00edctima. Entiendo que el violador no es como los que cometen cualquier otro delito sino que tienen un componente psiqui\u00e1trico severo que tiene que ser tratado\u201d.<\/p>\n<p>Por otro lado, manifest\u00f3: \u201cme ha tocado asistir a v\u00edctimas de la violaci\u00f3n y les he insistido en hacerse presentes no solo para declarar ante el juez sino como una forma de cerrar un mal cap\u00edtulo en su vida. Y gracias a ello hemos logrado condenas de veinte a\u00f1os. Para m\u00ed no deber\u00edan ir a juicio abreviado los que cometen estos delitos\u201d.<\/p>\n","protected":false},"excerpt":{"rendered":"<p>El crimen de Micaela Garc\u00eda a manos de Sebasti\u00e1n Wagner quien hab\u00eda cumplido condena por dos casos de violaciones previos &#8230; <a title=\"\u201cEst\u00e1 fallado el sentido com\u00fan en ciertas  posiciones\u201d\" class=\"read-more\" href=\"https:\/\/www.hoymercedes.com.ar\/principal\/2017\/04\/20\/esta-fallado-el-sentido-comun-en-ciertas-posiciones\/\" aria-label=\"Leer m\u00e1s sobre \u201cEst\u00e1 fallado el sentido com\u00fan en ciertas  posiciones\u201d\">Leer m\u00e1s<\/a><\/p>\n","protected":false},"author":1,"featured_media":0,"comment_status":"closed","ping_status":"open","sticky":false,"template":"","format":"standard","meta":{"_monsterinsights_skip_tracking":false,"_monsterinsights_sitenote_active":false,"_monsterinsights_sitenote_note":"","_monsterinsights_sitenote_category":0,"jetpack_post_was_ever_published":false,"_jetpack_newsletter_access":"","_jetpack_dont_email_post_to_subs":true,"_jetpack_newsletter_tier_id":0,"_jetpack_memberships_contains_paywalled_content":false,"_jetpack_memberships_contains_paid_content":false,"footnotes":"","jetpack_publicize_message":"","jetpack_publicize_feature_enabled":true,"jetpack_social_post_already_shared":true,"jetpack_social_options":{"image_generator_settings":{"template":"highway","default_image_id":0,"font":"","enabled":false},"version":2},"_wpas_customize_per_network":false},"categories":[1],"tags":[10942,8697,10284,8748,8985,7802],"class_list":["post-61837","post","type-post","status-publish","format-standard","hentry","category-opinion","tag-chiminelli","tag-comunidad","tag-fiscal","tag-opinion","tag-sistema-judicial","tag-sociedad","generate-columns","tablet-grid-50","mobile-grid-100","grid-parent","grid-50"],"jetpack_publicize_connections":[],"jetpack_featured_media_url":"","wps_subtitle":"Opini\u00f3n","jetpack_sharing_enabled":true,"_links":{"self":[{"href":"https:\/\/www.hoymercedes.com.ar\/principal\/wp-json\/wp\/v2\/posts\/61837","targetHints":{"allow":["GET"]}}],"collection":[{"href":"https:\/\/www.hoymercedes.com.ar\/principal\/wp-json\/wp\/v2\/posts"}],"about":[{"href":"https:\/\/www.hoymercedes.com.ar\/principal\/wp-json\/wp\/v2\/types\/post"}],"author":[{"embeddable":true,"href":"https:\/\/www.hoymercedes.com.ar\/principal\/wp-json\/wp\/v2\/users\/1"}],"replies":[{"embeddable":true,"href":"https:\/\/www.hoymercedes.com.ar\/principal\/wp-json\/wp\/v2\/comments?post=61837"}],"version-history":[{"count":0,"href":"https:\/\/www.hoymercedes.com.ar\/principal\/wp-json\/wp\/v2\/posts\/61837\/revisions"}],"wp:attachment":[{"href":"https:\/\/www.hoymercedes.com.ar\/principal\/wp-json\/wp\/v2\/media?parent=61837"}],"wp:term":[{"taxonomy":"category","embeddable":true,"href":"https:\/\/www.hoymercedes.com.ar\/principal\/wp-json\/wp\/v2\/categories?post=61837"},{"taxonomy":"post_tag","embeddable":true,"href":"https:\/\/www.hoymercedes.com.ar\/principal\/wp-json\/wp\/v2\/tags?post=61837"}],"curies":[{"name":"wp","href":"https:\/\/api.w.org\/{rel}","templated":true}]}}