{"id":61849,"date":"2017-04-20T13:43:35","date_gmt":"2017-04-20T16:43:35","guid":{"rendered":"http:\/\/www.hoymercedes.com.ar\/principal\/?p=61849"},"modified":"2017-04-20T17:49:09","modified_gmt":"2017-04-20T20:49:09","slug":"partido-vecinal-mic-pide-bapro-y-mas-maquinas","status":"publish","type":"post","link":"https:\/\/www.hoymercedes.com.ar\/principal\/2017\/04\/20\/partido-vecinal-mic-pide-bapro-y-mas-maquinas\/","title":{"rendered":"Partido Vecinal MIC pide BAPRO y m\u00e1s m\u00e1quinas"},"content":{"rendered":"<p>Por medio de un proyecto de resoluci\u00f3n presentado al Honorable Concejo Deliberante, el Partido Vecinal MIC solicita colocar una boca de pagos BAPRO y m\u00e1s m\u00e1quinas para tramitar los diferentes documentos en el Registro Civil Mercedes.<\/p>\n<p>\u00abEn la delegaci\u00f3n del Registro Nacional de las personas de nuestra ciudad se pueden tramitar documentos de identidad (DNI), partidas de nacimiento, actas de matrimonio y cambios de domicilio. Hoy en d\u00eda se dispone de poca tecnolog\u00eda y esto hace que se generen largas colas de vecinos esperando ser atendidos\u00bb, expresan desde el MIC, Hugo Valenzuela.<\/p>\n<p>\u201cDialogamos con los vecinos que han tramitado alg\u00fan tipo de documentaci\u00f3n en el registro y piden con urgencia que se coloquen mas maquinas para realizar DNI, es por eso que la soluci\u00f3n ser\u00eda disponer de m\u00e1s tecnolog\u00eda ante tanta demanda\u201d agreg\u00f3 el autor del proyecto.<\/p>\n<p>Otro de los puntos que destaca el proyecto es sobre el pago que debe realizar cada persona en una boca de BAPRO. \u00abHoy en d\u00eda el \u00fanico lugar que cuenta con el sistema de pago BAPRO es en Tribunales, calle 26 esquina 27. No podemos hacer recorrer a los abuelos y a mam\u00e1s con sus nenes en brazos tantas cuadras para abonar el canon de renovaci\u00f3n de DNI o actas de nacimientos, es por eso que pedimos que se instale un BAPRO en el Registro Civil o en su defecto en la sede Regional de ANSES\u201d concluy\u00f3 Valenzuela dando cuenta del proyecto presentado ante el Concejo Deliberante para que se haga efectiva la solicitud formal.<\/p>\n<p>&nbsp;<\/p>\n<p>Fuente: Prensa MIC<\/p>\n","protected":false},"excerpt":{"rendered":"<p>Por medio de un proyecto de resoluci\u00f3n presentado al Honorable Concejo Deliberante, el Partido Vecinal MIC solicita colocar una boca &#8230; <a title=\"Partido Vecinal MIC pide BAPRO y m\u00e1s m\u00e1quinas\" class=\"read-more\" href=\"https:\/\/www.hoymercedes.com.ar\/principal\/2017\/04\/20\/partido-vecinal-mic-pide-bapro-y-mas-maquinas\/\" aria-label=\"Leer m\u00e1s sobre Partido Vecinal MIC pide BAPRO y m\u00e1s m\u00e1quinas\">Leer m\u00e1s<\/a><\/p>\n","protected":false},"author":1,"featured_media":55546,"comment_status":"closed","ping_status":"open","sticky":false,"template":"","format":"standard","meta":{"_monsterinsights_skip_tracking":false,"_monsterinsights_sitenote_active":false,"_monsterinsights_sitenote_note":"","_monsterinsights_sitenote_category":0,"jetpack_post_was_ever_published":false,"_jetpack_newsletter_access":"","_jetpack_dont_email_post_to_subs":true,"_jetpack_newsletter_tier_id":0,"_jetpack_memberships_contains_paywalled_content":false,"_jetpack_memberships_contains_paid_content":false,"footnotes":"","jetpack_publicize_message":"","jetpack_publicize_feature_enabled":true,"jetpack_social_post_already_shared":true,"jetpack_social_options":{"image_generator_settings":{"template":"highway","default_image_id":0,"font":"","enabled":false},"version":2},"_wpas_customize_per_network":false},"categories":[5],"tags":[4979,344,10053,1972,5319,8666,10946],"class_list":["post-61849","post","type-post","status-publish","format-standard","has-post-thumbnail","hentry","category-politica","tag-bapro","tag-cajeros","tag-hugo-valenzuela","tag-mic","tag-politica-2","tag-proyecto","tag-registro-civil","generate-columns","tablet-grid-50","mobile-grid-100","grid-parent","grid-50"],"jetpack_publicize_connections":[],"jetpack_featured_media_url":"https:\/\/www.hoymercedes.com.ar\/principal\/wp-content\/uploads\/2016\/10\/05-valenzuela-Mic.jpg","wps_subtitle":"Para el Registro Civil","jetpack_sharing_enabled":true,"jetpack-related-posts":[{"id":55543,"url":"https:\/\/www.hoymercedes.com.ar\/principal\/2016\/10\/05\/el-partido-vecinal-mic-propone-crear-registro-municipal-de-cultos\/","url_meta":{"origin":61849,"position":0},"title":"El Partido Vecinal MIC propone crear Registro Municipal de Cultos","author":"hoymercedes","date":"5 octubre, 2016","format":false,"excerpt":"El Partido Vecinal MIC present\u00f3 recientemente una propuesta ante el Concejo Deliberante de Mercedes con el fin de realizar un registro de la instituciones religiosas existentes en la comunidad.\u00a0El proyecto apunta a prevenir el avance de las sectas y de todas aquellas organizaciones truchas que puedan instalarse en nuestra ciudad.\u2026","rel":"","context":"En \u00abPol\u00edtica\u00bb","block_context":{"text":"Pol\u00edtica","link":"https:\/\/www.hoymercedes.com.ar\/principal\/category\/politica\/"},"img":{"alt_text":"","src":"https:\/\/i0.wp.com\/www.hoymercedes.com.ar\/principal\/wp-content\/uploads\/2016\/10\/05-valenzuela-Mic.jpg?resize=350%2C200&ssl=1","width":350,"height":200},"classes":[]},{"id":97924,"url":"https:\/\/www.hoymercedes.com.ar\/principal\/2019\/08\/08\/hugo-valenzuela-el-mic-no-apoya-a-ningun-candidato\/","url_meta":{"origin":61849,"position":1},"title":"Hugo Valenzuela: \u00abEl MIC no apoya a ning\u00fan candidato\u00bb","author":"hoymercedes","date":"8 agosto, 2019","format":false,"excerpt":"A ra\u00edz de la nota publicada en la tarde de ayer, Hugo Valenzuela, referente del partido vecinal MIC y ex candidato a concejal, as\u00ed como Vicepresidente del partido, enfatiz\u00f3 en que el partido como tal, \"no apoya a ning\u00fan candidato\". \"Como referente del partido vecinal MIC y ex candidato a\u2026","rel":"","context":"En \u00abPol\u00edtica\u00bb","block_context":{"text":"Pol\u00edtica","link":"https:\/\/www.hoymercedes.com.ar\/principal\/category\/politica\/"},"img":{"alt_text":"","src":"https:\/\/i0.wp.com\/www.hoymercedes.com.ar\/principal\/wp-content\/uploads\/2019\/08\/08-Hugo-Valenzuela.jpg?resize=350%2C200&ssl=1","width":350,"height":200,"srcset":"https:\/\/i0.wp.com\/www.hoymercedes.com.ar\/principal\/wp-content\/uploads\/2019\/08\/08-Hugo-Valenzuela.jpg?resize=350%2C200&ssl=1 1x, https:\/\/i0.wp.com\/www.hoymercedes.com.ar\/principal\/wp-content\/uploads\/2019\/08\/08-Hugo-Valenzuela.jpg?resize=525%2C300&ssl=1 1.5x, https:\/\/i0.wp.com\/www.hoymercedes.com.ar\/principal\/wp-content\/uploads\/2019\/08\/08-Hugo-Valenzuela.jpg?resize=700%2C400&ssl=1 2x"},"classes":[]},{"id":12325,"url":"https:\/\/www.hoymercedes.com.ar\/principal\/2012\/04\/19\/solicitan-equipamiento-para-el-registro-civil-mercedes\/","url_meta":{"origin":61849,"position":2},"title":"Solicitan equipamiento para el Registro Civil Mercedes","author":"hoymercedes","date":"19 abril, 2012","format":false,"excerpt":"Tal vez uno de los espacios pol\u00edticos m\u00e1s activos y prol\u00edferos en cuanto a su participaci\u00f3n en el Concejo Deliberante en este 2012 que legislativamente empiez\u00f3 hace muy poco. El MIC Mercedes contin\u00faa aportando proyectos. En este caso en relaci\u00f3n al Registro Civil de nuestra ciudad. El proyecto presentado por\u2026","rel":"","context":"En \u00abPol\u00edtica\u00bb","block_context":{"text":"Pol\u00edtica","link":"https:\/\/www.hoymercedes.com.ar\/principal\/category\/politica\/"},"img":{"alt_text":"","src":"","width":0,"height":0},"classes":[]},{"id":58255,"url":"https:\/\/www.hoymercedes.com.ar\/principal\/2016\/12\/21\/el-partido-vecinal-pide-que-evaluen-el-estado-del-fonavi\/","url_meta":{"origin":61849,"position":3},"title":"El Partido Vecinal pide que eval\u00faen el estado del FONAVI","author":"hoymercedes","date":"21 diciembre, 2016","format":false,"excerpt":"El referente del Partido Vecinal MIC Hugo Valenzuela solicita que el Ministerio de Infraestructura y Servicios P\u00fablicos de la Provincia de Buenos Aires env\u00ede personal capacitado para evaluar el estado edilicio que presentan algunas de las torres del complejo habitacional FONAVI (Modelo) ubicado en calle 17 y 102. \u201cVecinos del\u2026","rel":"","context":"En \u00abPol\u00edtica\u00bb","block_context":{"text":"Pol\u00edtica","link":"https:\/\/www.hoymercedes.com.ar\/principal\/category\/politica\/"},"img":{"alt_text":"","src":"https:\/\/i0.wp.com\/www.hoymercedes.com.ar\/principal\/wp-content\/uploads\/2016\/12\/21-MIC-Fonavi.jpg?resize=350%2C200&ssl=1","width":350,"height":200},"classes":[]},{"id":57430,"url":"https:\/\/www.hoymercedes.com.ar\/principal\/2016\/11\/24\/desde-el-partido-vecinal-piden-mas-seguridad-en-los-barrios\/","url_meta":{"origin":61849,"position":4},"title":"Desde el Partido Vecinal piden m\u00e1s seguridad en los barrios","author":"hoymercedes","date":"24 noviembre, 2016","format":false,"excerpt":"En las recorridas que realiza el Partido Vecinal MIC por distintos barrios de la ciudad existe un reclamo en com\u00fan que le manifiestan los vecinos y es la inseguridad. La mayor\u00eda de los hechos y actos de vandalismo ocurren en la madrugada, desde roturas de juegos en las plazas, robos\u2026","rel":"","context":"En \u00abPol\u00edtica\u00bb","block_context":{"text":"Pol\u00edtica","link":"https:\/\/www.hoymercedes.com.ar\/principal\/category\/politica\/"},"img":{"alt_text":"","src":"https:\/\/i0.wp.com\/www.hoymercedes.com.ar\/principal\/wp-content\/uploads\/2016\/08\/23-Valenzuela-MIC.jpg?resize=350%2C200&ssl=1","width":350,"height":200},"classes":[]},{"id":61486,"url":"https:\/\/www.hoymercedes.com.ar\/principal\/2017\/04\/07\/el-mic-pide-informes-por-fletes-municipales\/","url_meta":{"origin":61849,"position":5},"title":"El MIC pide informes por \u00abfletes municipales\u00bb","author":"hoymercedes","date":"7 abril, 2017","format":false,"excerpt":"El Partido Vecinal MIC solicita informes al Ejecutivo Municipal luego la denuncia de vecinos tras ver un cami\u00f3n del corral\u00f3n municipal patente AA 642 OD realizando fletes en un domicilio particular ubicado en 102 y 13 en la ma\u00f1ana del 25 de marzo. \u201cLo que le pedimos al intendente es\u2026","rel":"","context":"En \u00abPol\u00edtica\u00bb","block_context":{"text":"Pol\u00edtica","link":"https:\/\/www.hoymercedes.com.ar\/principal\/category\/politica\/"},"img":{"alt_text":"","src":"https:\/\/i0.wp.com\/www.hoymercedes.com.ar\/principal\/wp-content\/uploads\/2017\/04\/07-Mic-camion.jpg?resize=350%2C200&ssl=1","width":350,"height":200,"srcset":"https:\/\/i0.wp.com\/www.hoymercedes.com.ar\/principal\/wp-content\/uploads\/2017\/04\/07-Mic-camion.jpg?resize=350%2C200&ssl=1 1x, https:\/\/i0.wp.com\/www.hoymercedes.com.ar\/principal\/wp-content\/uploads\/2017\/04\/07-Mic-camion.jpg?resize=525%2C300&ssl=1 1.5x"},"classes":[]}],"_links":{"self":[{"href":"https:\/\/www.hoymercedes.com.ar\/principal\/wp-json\/wp\/v2\/posts\/61849","targetHints":{"allow":["GET"]}}],"collection":[{"href":"https:\/\/www.hoymercedes.com.ar\/principal\/wp-json\/wp\/v2\/posts"}],"about":[{"href":"https:\/\/www.hoymercedes.com.ar\/principal\/wp-json\/wp\/v2\/types\/post"}],"author":[{"embeddable":true,"href":"https:\/\/www.hoymercedes.com.ar\/principal\/wp-json\/wp\/v2\/users\/1"}],"replies":[{"embeddable":true,"href":"https:\/\/www.hoymercedes.com.ar\/principal\/wp-json\/wp\/v2\/comments?post=61849"}],"version-history":[{"count":0,"href":"https:\/\/www.hoymercedes.com.ar\/principal\/wp-json\/wp\/v2\/posts\/61849\/revisions"}],"wp:featuredmedia":[{"embeddable":true,"href":"https:\/\/www.hoymercedes.com.ar\/principal\/wp-json\/wp\/v2\/media\/55546"}],"wp:attachment":[{"href":"https:\/\/www.hoymercedes.com.ar\/principal\/wp-json\/wp\/v2\/media?parent=61849"}],"wp:term":[{"taxonomy":"category","embeddable":true,"href":"https:\/\/www.hoymercedes.com.ar\/principal\/wp-json\/wp\/v2\/categories?post=61849"},{"taxonomy":"post_tag","embeddable":true,"href":"https:\/\/www.hoymercedes.com.ar\/principal\/wp-json\/wp\/v2\/tags?post=61849"}],"curies":[{"name":"wp","href":"https:\/\/api.w.org\/{rel}","templated":true}]}}