{"id":61859,"date":"2017-04-20T17:40:52","date_gmt":"2017-04-20T20:40:52","guid":{"rendered":"http:\/\/www.hoymercedes.com.ar\/principal\/?p=61859"},"modified":"2017-04-20T17:40:52","modified_gmt":"2017-04-20T20:40:52","slug":"la-fiesta-de-la-torta-frita-de-interes-legislativo-y-provincial-en-un-proyecto-presentado-por-diputado-mercedino","status":"publish","type":"post","link":"https:\/\/www.hoymercedes.com.ar\/principal\/2017\/04\/20\/la-fiesta-de-la-torta-frita-de-interes-legislativo-y-provincial-en-un-proyecto-presentado-por-diputado-mercedino\/","title":{"rendered":"La Fiesta de la Torta Frita, \u201cde inter\u00e9s legislativo y provincial\u201d en un proyecto presentado por diputado mercedino"},"content":{"rendered":"<p>La Fiesta de la Torta Frita, cuya 18va edici\u00f3n se desarrollar\u00e1 este fin de semana en el Parque municipal, ser\u00e1 declarada \u201cde inter\u00e9s legislativo y provincial\u201d por la C\u00e1mara de Diputados bonaerenses y la gobernaci\u00f3n, seg\u00fan un proyecto presentado por el mercedino Santiago R\u00e9vora y que espera por su aprobaci\u00f3n.<br \/>\n\u201cPara Mercedes, y del mismo modo que sucede con el Salame Quintero y el Durazno, la fiesta de la Torta Frita constituye una oportunidad en much\u00edsimos sentidos y afianza la idea de pertenencia e identidad para todos los vecinos, por eso presentamos este proyecto tanto en el Legislativo provincial como en el Ejecutivo, para darle la relevancia que merece\u201d, explic\u00f3 el diputado mercedino.<br \/>\n\u201cLa organizaci\u00f3n de fiestas populares es una tradici\u00f3n en todo el territorio bonaerense y esta no es la excepci\u00f3n -agreg\u00f3 &#8216;Lalo&#8217; R\u00e9vora-. Hay que apoyar con todas las herramientas disponibles el empuje que ponen las agrupaciones gauchas para llevar adelante, junto con el municipio y voluntariamente, esta iniciativa tan valiosa\u201d.<br \/>\nLa 18va edici\u00f3n de la Fiesta Provincial de la Torta Frita estaba prevista para los pasados 8 y 9 de abril, pero por cuestiones climatol\u00f3gicas se posterg\u00f3 para este fin de semana en el mismo escenario: el Parque Municipal Independencia.<br \/>\nSeg\u00fan R\u00e9vora, \u201cla fiesta no es solo una oportunidad de rescatar la memoria colectiva de un pueblo, sus costumbres, su identidad y su cultura; no es solo un lugar de encuentro para miles de vecinos; sino que tambi\u00e9n significa abrirle la puerta al turismo regional, un motor ineludible para la concreci\u00f3n de proyectos productivos\u201d.<br \/>\nLa celebraci\u00f3n propicia la participaci\u00f3n de artistas locales \u2013una excelente vidriera para difundirlos-, regionales y nacionales; exhibe el trabajo de decenas de artesanos de la zona; y promueve la elecci\u00f3n de \u201cmejor tortero\/a del a\u00f1o\u201d, menos una competencia que una exhibici\u00f3n en la que todos los participantes se divierten y comparten sus \u201csecretos familiares\u201d en la producci\u00f3n de la torta frita.<br \/>\nLa Fiesta se cierra con otra atracci\u00f3n: la cocci\u00f3n de la \u201ctorta frita m\u00e1s grande del mundo\u201d, r\u00e9cord que cada a\u00f1o se va superando y en el que Mercedes \u201ccompite\u201d con la localidad uruguaya de Durazno. En 2016 fue de cinco metros de di\u00e1metro.<br \/>\n\u201cLa declaraci\u00f3n de inter\u00e9s legislativo y provincial permitir\u00e1 el crecimiento sostenido de esta fiesta tradicional y ayudar\u00e1 inestimablemente, ahora y en lo sucesivo, en su difusi\u00f3n\u201d, concluy\u00f3 el legislador de nuestra ciudad.<\/p>\n","protected":false},"excerpt":{"rendered":"<p>La Fiesta de la Torta Frita, cuya 18va edici\u00f3n se desarrollar\u00e1 este fin de semana en el Parque municipal, ser\u00e1 &#8230; <a title=\"La Fiesta de la Torta Frita, \u201cde inter\u00e9s legislativo y provincial\u201d en un proyecto presentado por diputado mercedino\" class=\"read-more\" href=\"https:\/\/www.hoymercedes.com.ar\/principal\/2017\/04\/20\/la-fiesta-de-la-torta-frita-de-interes-legislativo-y-provincial-en-un-proyecto-presentado-por-diputado-mercedino\/\" aria-label=\"Leer m\u00e1s sobre La Fiesta de la Torta Frita, \u201cde inter\u00e9s legislativo y provincial\u201d en un proyecto presentado por diputado mercedino\">Leer m\u00e1s<\/a><\/p>\n","protected":false},"author":1,"featured_media":50236,"comment_status":"closed","ping_status":"open","sticky":false,"template":"","format":"standard","meta":{"_monsterinsights_skip_tracking":false,"_monsterinsights_sitenote_active":false,"_monsterinsights_sitenote_note":"","_monsterinsights_sitenote_category":0,"jetpack_post_was_ever_published":false,"_jetpack_newsletter_access":"","_jetpack_dont_email_post_to_subs":false,"_jetpack_newsletter_tier_id":0,"_jetpack_memberships_contains_paywalled_content":false,"_jetpack_memberships_contains_paid_content":false,"footnotes":"","jetpack_publicize_message":"","jetpack_publicize_feature_enabled":true,"jetpack_social_post_already_shared":true,"jetpack_social_options":{"image_generator_settings":{"template":"highway","default_image_id":0,"font":"","enabled":false},"version":2},"_wpas_customize_per_network":false},"categories":[5],"tags":[2057,3558],"class_list":["post-61859","post","type-post","status-publish","format-standard","has-post-thumbnail","hentry","category-politica","tag-fiesta-de-la-torta-frita","tag-lalo-revora","generate-columns","tablet-grid-50","mobile-grid-100","grid-parent","grid-50"],"jetpack_publicize_connections":[],"jetpack_featured_media_url":"https:\/\/www.hoymercedes.com.ar\/principal\/wp-content\/uploads\/2016\/05\/22-torta-frita-2-6.jpg","wps_subtitle":"Fiestas Populares","jetpack_sharing_enabled":true,"jetpack-related-posts":[{"id":174597,"url":"https:\/\/www.hoymercedes.com.ar\/principal\/2024\/04\/07\/exitosa-primera-jornada-de-la-24-fiesta-nacional-de-la-torta-frita\/","url_meta":{"origin":61859,"position":0},"title":"Exitosa primera jornada de la 24\u00b0 Fiesta Nacional de la Torta Frita","author":"hoymercedes","date":"7 abril, 2024","format":false,"excerpt":"Con la elaboraci\u00f3n de la torta frita m\u00e1s grande del mundo, shows en vivo, artesanos, gastronom\u00eda, mercado sustentable, paseo del jacarand\u00e1, estaci\u00f3n juego y las grandes estrellas, las mejores torteras del pa\u00eds, se vivi\u00f3 la primera jornada de la Fiesta Nacional de la Torta Frita con un excelente marco de\u2026","rel":"","context":"En \u00abCultura\u00bb","block_context":{"text":"Cultura","link":"https:\/\/www.hoymercedes.com.ar\/principal\/category\/cultura\/"},"img":{"alt_text":"","src":"https:\/\/i0.wp.com\/www.hoymercedes.com.ar\/principal\/wp-content\/uploads\/2024\/04\/GKgxRbUWMAAe5yH.jpeg?resize=350%2C200&ssl=1","width":350,"height":200,"srcset":"https:\/\/i0.wp.com\/www.hoymercedes.com.ar\/principal\/wp-content\/uploads\/2024\/04\/GKgxRbUWMAAe5yH.jpeg?resize=350%2C200&ssl=1 1x, https:\/\/i0.wp.com\/www.hoymercedes.com.ar\/principal\/wp-content\/uploads\/2024\/04\/GKgxRbUWMAAe5yH.jpeg?resize=525%2C300&ssl=1 1.5x, https:\/\/i0.wp.com\/www.hoymercedes.com.ar\/principal\/wp-content\/uploads\/2024\/04\/GKgxRbUWMAAe5yH.jpeg?resize=700%2C400&ssl=1 2x"},"classes":[]},{"id":160974,"url":"https:\/\/www.hoymercedes.com.ar\/principal\/2023\/04\/16\/pami-y-una-amplia-delegacion-a-la-fiesta-de-la-torta-frita\/","url_meta":{"origin":61859,"position":1},"title":"PAMI y una amplia delegaci\u00f3n a la fiesta de la torta frita\u00a0","author":"hoymercedes","date":"16 abril, 2023","format":false,"excerpt":"El PAMI a nivel regional moviliz\u00f3 una importante cantidad de adultos mayores afiliados a la agencia para que sean parte de las actividades gastron\u00f3micas, recreativas y de bienestar que lleva adelante, en esta ocasi\u00f3n, aprovechando la Fiesta Nacional de la Torta Frita. Delegaciones de Navarro, Gar\u00edn, Baradero, Z\u00e1rate, Escobar, Maquinista\u2026","rel":"","context":"En \u00abNaci\u00f3n\u00bb","block_context":{"text":"Naci\u00f3n","link":"https:\/\/www.hoymercedes.com.ar\/principal\/category\/nacion\/"},"img":{"alt_text":"","src":"https:\/\/i0.wp.com\/www.hoymercedes.com.ar\/principal\/wp-content\/uploads\/2023\/04\/PAMI-2.jpeg?resize=350%2C200&ssl=1","width":350,"height":200,"srcset":"https:\/\/i0.wp.com\/www.hoymercedes.com.ar\/principal\/wp-content\/uploads\/2023\/04\/PAMI-2.jpeg?resize=350%2C200&ssl=1 1x, https:\/\/i0.wp.com\/www.hoymercedes.com.ar\/principal\/wp-content\/uploads\/2023\/04\/PAMI-2.jpeg?resize=525%2C300&ssl=1 1.5x, https:\/\/i0.wp.com\/www.hoymercedes.com.ar\/principal\/wp-content\/uploads\/2023\/04\/PAMI-2.jpeg?resize=700%2C400&ssl=1 2x, https:\/\/i0.wp.com\/www.hoymercedes.com.ar\/principal\/wp-content\/uploads\/2023\/04\/PAMI-2.jpeg?resize=1050%2C600&ssl=1 3x, https:\/\/i0.wp.com\/www.hoymercedes.com.ar\/principal\/wp-content\/uploads\/2023\/04\/PAMI-2.jpeg?resize=1400%2C800&ssl=1 4x"},"classes":[]},{"id":90893,"url":"https:\/\/www.hoymercedes.com.ar\/principal\/2019\/04\/06\/dio-inicio-la-20-fiesta-provincial-de-la-torta-frita\/","url_meta":{"origin":61859,"position":2},"title":"Dio inicio la 20\u00b0 Fiesta Provincial de la Torta Frita","author":"hoymercedes","date":"6 abril, 2019","format":false,"excerpt":"https:\/\/youtu.be\/uVfUF6D3lPc Video oficial fin de la primera jornada Con un buen marco de p\u00fablico, torteras, artistas, cantina, cervecer\u00eda artesanal, patio de juegos y la torta frita m\u00e1s grande del mundo arranc\u00f3 la 20\u00b0 edici\u00f3n de la Fiesta Provincial de la Trota Frita, organizada por la Municipalidad de Mercedes y las\u2026","rel":"","context":"En \u00abCultura\u00bb","block_context":{"text":"Cultura","link":"https:\/\/www.hoymercedes.com.ar\/principal\/category\/cultura\/"},"img":{"alt_text":"","src":"https:\/\/i0.wp.com\/www.hoymercedes.com.ar\/principal\/wp-content\/uploads\/2019\/04\/TortaFrita.201920190406_173717.jpg?resize=350%2C200&ssl=1","width":350,"height":200,"srcset":"https:\/\/i0.wp.com\/www.hoymercedes.com.ar\/principal\/wp-content\/uploads\/2019\/04\/TortaFrita.201920190406_173717.jpg?resize=350%2C200&ssl=1 1x, https:\/\/i0.wp.com\/www.hoymercedes.com.ar\/principal\/wp-content\/uploads\/2019\/04\/TortaFrita.201920190406_173717.jpg?resize=525%2C300&ssl=1 1.5x, https:\/\/i0.wp.com\/www.hoymercedes.com.ar\/principal\/wp-content\/uploads\/2019\/04\/TortaFrita.201920190406_173717.jpg?resize=700%2C400&ssl=1 2x"},"classes":[]},{"id":160965,"url":"https:\/\/www.hoymercedes.com.ar\/principal\/2023\/04\/15\/gran-marco-en-la-jornada-del-sabado-de-la-fiesta-nacional-de-la-torta-frita\/","url_meta":{"origin":61859,"position":3},"title":"Gran marco en la jornada del s\u00e1bado de la Fiesta Nacional de la Torta Frita","author":"hoymercedes","date":"15 abril, 2023","format":false,"excerpt":"Con un excelente marco de p\u00fablico se vivi\u00f3 la primera jornada de la Fiesta Nacional de la Torta Frita. Shows en vivo, artesanos, mercado sustentable, espacios infantiles y la elaboraci\u00f3n de la torta frita m\u00e1s grande del mundo. \u201cMuchas gracias a quienes nos visitaron y regalaron este gran marco de\u2026","rel":"","context":"En \u00abMunicipio\u00bb","block_context":{"text":"Municipio","link":"https:\/\/www.hoymercedes.com.ar\/principal\/category\/municipio\/"},"img":{"alt_text":"","src":"https:\/\/i0.wp.com\/www.hoymercedes.com.ar\/principal\/wp-content\/uploads\/2023\/04\/SJA_3381.jpg?resize=350%2C200&ssl=1","width":350,"height":200,"srcset":"https:\/\/i0.wp.com\/www.hoymercedes.com.ar\/principal\/wp-content\/uploads\/2023\/04\/SJA_3381.jpg?resize=350%2C200&ssl=1 1x, https:\/\/i0.wp.com\/www.hoymercedes.com.ar\/principal\/wp-content\/uploads\/2023\/04\/SJA_3381.jpg?resize=525%2C300&ssl=1 1.5x, https:\/\/i0.wp.com\/www.hoymercedes.com.ar\/principal\/wp-content\/uploads\/2023\/04\/SJA_3381.jpg?resize=700%2C400&ssl=1 2x, https:\/\/i0.wp.com\/www.hoymercedes.com.ar\/principal\/wp-content\/uploads\/2023\/04\/SJA_3381.jpg?resize=1050%2C600&ssl=1 3x"},"classes":[]},{"id":146371,"url":"https:\/\/www.hoymercedes.com.ar\/principal\/2022\/04\/06\/torta-frita-la-ocupacion-hotelera-completa\/","url_meta":{"origin":61859,"position":4},"title":"Torta Frita: la ocupaci\u00f3n hotelera completa","author":"hoymercedes","date":"6 abril, 2022","format":false,"excerpt":"A pocos d\u00edas de una nueva edici\u00f3n de la Fiesta Provincial de la Torta Frita, el Municipio de Mercedes inform\u00f3 que \"las reservas est\u00e1n en un excelente momento\". Desde la Direcci\u00f3n de Turismo Municipal comentaron que \"muchos turistas y productores nacionales que vendr\u00e1n a cubrir la fiesta est\u00e1n buscando alojamientos\u2026","rel":"","context":"En \u00abMunicipio\u00bb","block_context":{"text":"Municipio","link":"https:\/\/www.hoymercedes.com.ar\/principal\/category\/municipio\/"},"img":{"alt_text":"","src":"https:\/\/i0.wp.com\/www.hoymercedes.com.ar\/principal\/wp-content\/uploads\/2022\/04\/SJA_4496.jpg?resize=350%2C200&ssl=1","width":350,"height":200,"srcset":"https:\/\/i0.wp.com\/www.hoymercedes.com.ar\/principal\/wp-content\/uploads\/2022\/04\/SJA_4496.jpg?resize=350%2C200&ssl=1 1x, https:\/\/i0.wp.com\/www.hoymercedes.com.ar\/principal\/wp-content\/uploads\/2022\/04\/SJA_4496.jpg?resize=525%2C300&ssl=1 1.5x, https:\/\/i0.wp.com\/www.hoymercedes.com.ar\/principal\/wp-content\/uploads\/2022\/04\/SJA_4496.jpg?resize=700%2C400&ssl=1 2x"},"classes":[]},{"id":160933,"url":"https:\/\/www.hoymercedes.com.ar\/principal\/2023\/04\/14\/este-fin-de-semana-se-vivira-la-fiesta-nacional-de-la-torta-frita\/","url_meta":{"origin":61859,"position":5},"title":"Este fin de semana se vivir\u00e1 la Fiesta Nacional de la Torta Frita","author":"hoymercedes","date":"14 abril, 2023","format":false,"excerpt":"Este fin de semana sellevar\u00e1 a cabo la Fiesta Nacional de la Torta Frita. Ser\u00e1 en el Parque Municipal. Habr\u00e1 espect\u00e1culos, artesanos, gastronom\u00eda y la gran estrella: la torta frita m\u00e1s grande del mundo.\u00a0 \u201cEstamos muy felices de volver a encontrarnos con esta fiesta que creci\u00f3, se instal\u00f3 y desde\u2026","rel":"","context":"En \u00abCultura\u00bb","block_context":{"text":"Cultura","link":"https:\/\/www.hoymercedes.com.ar\/principal\/category\/cultura\/"},"img":{"alt_text":"","src":"https:\/\/i0.wp.com\/www.hoymercedes.com.ar\/principal\/wp-content\/uploads\/2023\/04\/DSC09459.jpg?resize=350%2C200&ssl=1","width":350,"height":200,"srcset":"https:\/\/i0.wp.com\/www.hoymercedes.com.ar\/principal\/wp-content\/uploads\/2023\/04\/DSC09459.jpg?resize=350%2C200&ssl=1 1x, https:\/\/i0.wp.com\/www.hoymercedes.com.ar\/principal\/wp-content\/uploads\/2023\/04\/DSC09459.jpg?resize=525%2C300&ssl=1 1.5x, https:\/\/i0.wp.com\/www.hoymercedes.com.ar\/principal\/wp-content\/uploads\/2023\/04\/DSC09459.jpg?resize=700%2C400&ssl=1 2x, https:\/\/i0.wp.com\/www.hoymercedes.com.ar\/principal\/wp-content\/uploads\/2023\/04\/DSC09459.jpg?resize=1050%2C600&ssl=1 3x"},"classes":[]}],"_links":{"self":[{"href":"https:\/\/www.hoymercedes.com.ar\/principal\/wp-json\/wp\/v2\/posts\/61859","targetHints":{"allow":["GET"]}}],"collection":[{"href":"https:\/\/www.hoymercedes.com.ar\/principal\/wp-json\/wp\/v2\/posts"}],"about":[{"href":"https:\/\/www.hoymercedes.com.ar\/principal\/wp-json\/wp\/v2\/types\/post"}],"author":[{"embeddable":true,"href":"https:\/\/www.hoymercedes.com.ar\/principal\/wp-json\/wp\/v2\/users\/1"}],"replies":[{"embeddable":true,"href":"https:\/\/www.hoymercedes.com.ar\/principal\/wp-json\/wp\/v2\/comments?post=61859"}],"version-history":[{"count":0,"href":"https:\/\/www.hoymercedes.com.ar\/principal\/wp-json\/wp\/v2\/posts\/61859\/revisions"}],"wp:featuredmedia":[{"embeddable":true,"href":"https:\/\/www.hoymercedes.com.ar\/principal\/wp-json\/wp\/v2\/media\/50236"}],"wp:attachment":[{"href":"https:\/\/www.hoymercedes.com.ar\/principal\/wp-json\/wp\/v2\/media?parent=61859"}],"wp:term":[{"taxonomy":"category","embeddable":true,"href":"https:\/\/www.hoymercedes.com.ar\/principal\/wp-json\/wp\/v2\/categories?post=61859"},{"taxonomy":"post_tag","embeddable":true,"href":"https:\/\/www.hoymercedes.com.ar\/principal\/wp-json\/wp\/v2\/tags?post=61859"}],"curies":[{"name":"wp","href":"https:\/\/api.w.org\/{rel}","templated":true}]}}