{"id":61901,"date":"2017-04-22T14:23:46","date_gmt":"2017-04-22T17:23:46","guid":{"rendered":"http:\/\/www.hoymercedes.com.ar\/principal\/?p=61901"},"modified":"2017-04-21T23:29:18","modified_gmt":"2017-04-22T02:29:18","slug":"selva-en-la-radio-de-la-biblioteca-del-congreso-de-la-nacion","status":"publish","type":"post","link":"https:\/\/www.hoymercedes.com.ar\/principal\/2017\/04\/22\/selva-en-la-radio-de-la-biblioteca-del-congreso-de-la-nacion\/","title":{"rendered":"Selva en la Radio de la Biblioteca del Congreso de la Naci\u00f3n"},"content":{"rendered":"<p>El diputado nacional Carlos Selva estuvo presente en la BCN Radio, que es la emisora de la Biblioteca del Congreso de la Naci\u00f3n, Argentina. Se trata de un \u00f3rgano de difusi\u00f3n federal que se propone llevar a oyentes de todo el pa\u00eds programas sobre arte y expresiones culturales afianzando la funci\u00f3n que la biblioteca desarroll\u00f3 en estos \u00faltimos a\u00f1os con la llegada del Bibliom\u00f3vil a todo el pa\u00eds.<\/p>\n<p>El diputado Selva fue entrevistado este jueves y cont\u00f3 detalles de su labor parlamentaria y su rol en las distintas comisiones que integra:\u00a0de Comercio, Defensa Nacional, Econom\u00eda y Desarrollo Regional, Asuntos Municipales, Deportes, Mercosur, e Intereses Pluviales como parte de \u00a0la C\u00e1mara de Diputados.<\/p>\n<p><img loading=\"lazy\" decoding=\"async\" data-attachment-id=\"61904\" data-permalink=\"https:\/\/www.hoymercedes.com.ar\/principal\/2017\/04\/22\/selva-en-la-radio-de-la-biblioteca-del-congreso-de-la-nacion\/22-carlos-radio-biblioteca\/#main\" data-orig-file=\"https:\/\/www.hoymercedes.com.ar\/principal\/wp-content\/uploads\/2017\/04\/22-carlos-radio-biblioteca.jpg\" data-orig-size=\"630,428\" data-comments-opened=\"0\" data-image-meta=\"{&quot;aperture&quot;:&quot;5.6&quot;,&quot;credit&quot;:&quot;??????????????????????????????????????????????&quot;,&quot;camera&quot;:&quot;Canon EOS 7D&quot;,&quot;caption&quot;:&quot;&quot;,&quot;created_timestamp&quot;:&quot;1492696781&quot;,&quot;copyright&quot;:&quot;Bibioteca del Congreso de la Nacion Argentina&quot;,&quot;focal_length&quot;:&quot;11&quot;,&quot;iso&quot;:&quot;1250&quot;,&quot;shutter_speed&quot;:&quot;0.016666666666667&quot;,&quot;title&quot;:&quot;&quot;,&quot;orientation&quot;:&quot;1&quot;}\" data-image-title=\"22 carlos radio biblioteca\" data-image-description=\"\" data-image-caption=\"\" data-large-file=\"https:\/\/www.hoymercedes.com.ar\/principal\/wp-content\/uploads\/2017\/04\/22-carlos-radio-biblioteca.jpg\" class=\"aligncenter size-medium wp-image-61904\" src=\"https:\/\/www.hoymercedes.com.ar\/principal\/wp-content\/uploads\/2017\/04\/22-carlos-radio-biblioteca-630x428.jpg\" alt=\"\" width=\"630\" height=\"428\" srcset=\"https:\/\/www.hoymercedes.com.ar\/principal\/wp-content\/uploads\/2017\/04\/22-carlos-radio-biblioteca.jpg 630w, https:\/\/www.hoymercedes.com.ar\/principal\/wp-content\/uploads\/2017\/04\/22-carlos-radio-biblioteca-150x102.jpg 150w\" sizes=\"auto, (max-width: 630px) 100vw, 630px\" \/><\/p>\n<p>El estudio se encuentra ubicado en el cuarto piso del edificio de la calle Adolfo Alsina 1835 y lleva el nombre de Emilio J. Corbi\u00e9re, escritor, periodista, intelectual socialista y recordado jefe de prensa de la BCN.<\/p>\n<p>La emisora intenta expresar las tradiciones y las culturas originarias de las diferentes regiones del pa\u00eds, motivo por el que cuenta con una programaci\u00f3n variada sobre esta tem\u00e1tica.<\/p>\n<p>La radio de la Biblioteca del Congreso es \u00a0un medio de comunicaci\u00f3n con identidad propia que divulga las actividades de la BCN y promueve la lectura, la educaci\u00f3n, la formaci\u00f3n, la informaci\u00f3n y el entretenimiento.<\/p>\n<p>&nbsp;<\/p>\n<p>Fuente: Sitio Web Carlos Selva<\/p>\n","protected":false},"excerpt":{"rendered":"<p>El diputado nacional Carlos Selva estuvo presente en la BCN Radio, que es la emisora de la Biblioteca del Congreso &#8230; <a title=\"Selva en la Radio de la Biblioteca del Congreso de la Naci\u00f3n\" class=\"read-more\" href=\"https:\/\/www.hoymercedes.com.ar\/principal\/2017\/04\/22\/selva-en-la-radio-de-la-biblioteca-del-congreso-de-la-nacion\/\" aria-label=\"Leer m\u00e1s sobre Selva en la Radio de la Biblioteca del Congreso de la Naci\u00f3n\">Leer m\u00e1s<\/a><\/p>\n","protected":false},"author":1,"featured_media":61903,"comment_status":"closed","ping_status":"open","sticky":false,"template":"","format":"standard","meta":{"_monsterinsights_skip_tracking":false,"_monsterinsights_sitenote_active":false,"_monsterinsights_sitenote_note":"","_monsterinsights_sitenote_category":0,"jetpack_post_was_ever_published":false,"_jetpack_newsletter_access":"","_jetpack_dont_email_post_to_subs":false,"_jetpack_newsletter_tier_id":0,"_jetpack_memberships_contains_paywalled_content":false,"_jetpack_memberships_contains_paid_content":false,"footnotes":"","jetpack_publicize_message":"","jetpack_publicize_feature_enabled":true,"jetpack_social_post_already_shared":true,"jetpack_social_options":{"image_generator_settings":{"template":"highway","default_image_id":0,"font":"","enabled":false},"version":2},"_wpas_customize_per_network":false},"categories":[5210],"tags":[10953,39,7500,9219],"class_list":["post-61901","post","type-post","status-publish","format-standard","has-post-thumbnail","hentry","category-politica-nacional","tag-biblioteca-del-congreso-nacional","tag-carlos-selva","tag-diputado-nacional","tag-radio","generate-columns","tablet-grid-50","mobile-grid-100","grid-parent","grid-50"],"jetpack_publicize_connections":[],"jetpack_featured_media_url":"https:\/\/www.hoymercedes.com.ar\/principal\/wp-content\/uploads\/2017\/04\/22-carlos-radio-biblioteca-1.jpg","wps_subtitle":"El jueves pasado","jetpack_sharing_enabled":true,"_links":{"self":[{"href":"https:\/\/www.hoymercedes.com.ar\/principal\/wp-json\/wp\/v2\/posts\/61901","targetHints":{"allow":["GET"]}}],"collection":[{"href":"https:\/\/www.hoymercedes.com.ar\/principal\/wp-json\/wp\/v2\/posts"}],"about":[{"href":"https:\/\/www.hoymercedes.com.ar\/principal\/wp-json\/wp\/v2\/types\/post"}],"author":[{"embeddable":true,"href":"https:\/\/www.hoymercedes.com.ar\/principal\/wp-json\/wp\/v2\/users\/1"}],"replies":[{"embeddable":true,"href":"https:\/\/www.hoymercedes.com.ar\/principal\/wp-json\/wp\/v2\/comments?post=61901"}],"version-history":[{"count":0,"href":"https:\/\/www.hoymercedes.com.ar\/principal\/wp-json\/wp\/v2\/posts\/61901\/revisions"}],"wp:featuredmedia":[{"embeddable":true,"href":"https:\/\/www.hoymercedes.com.ar\/principal\/wp-json\/wp\/v2\/media\/61903"}],"wp:attachment":[{"href":"https:\/\/www.hoymercedes.com.ar\/principal\/wp-json\/wp\/v2\/media?parent=61901"}],"wp:term":[{"taxonomy":"category","embeddable":true,"href":"https:\/\/www.hoymercedes.com.ar\/principal\/wp-json\/wp\/v2\/categories?post=61901"},{"taxonomy":"post_tag","embeddable":true,"href":"https:\/\/www.hoymercedes.com.ar\/principal\/wp-json\/wp\/v2\/tags?post=61901"}],"curies":[{"name":"wp","href":"https:\/\/api.w.org\/{rel}","templated":true}]}}