{"id":61915,"date":"2017-04-22T10:35:16","date_gmt":"2017-04-22T13:35:16","guid":{"rendered":"http:\/\/www.hoymercedes.com.ar\/principal\/?p=61915"},"modified":"2017-04-22T10:33:24","modified_gmt":"2017-04-22T13:33:24","slug":"la-unidad-5-inauguro-su-oficina-de-deportes","status":"publish","type":"post","link":"https:\/\/www.hoymercedes.com.ar\/principal\/2017\/04\/22\/la-unidad-5-inauguro-su-oficina-de-deportes\/","title":{"rendered":"La Unidad 5 inaugur\u00f3 su oficina de deportes"},"content":{"rendered":"<p>Este viernes, la Unidad Penitenciaria N\u00ba 5 con asiento en Mercedes inaugur\u00f3 una oficina destinada para los profesores de Educaci\u00f3n F\u00edsica y del \u00e1rea de Deportes que trabajan con los internos e internas de la c\u00e1rcel. Un espacio acondicionado para que los docentes realicen sus tareas administrativas, pero tambi\u00e9n que guarden los elementos educativos y deportivos.<\/p>\n<p><img loading=\"lazy\" decoding=\"async\" data-attachment-id=\"61916\" data-permalink=\"https:\/\/www.hoymercedes.com.ar\/principal\/2017\/04\/22\/la-unidad-5-inauguro-su-oficina-de-deportes\/23-deportes-carcel\/#main\" data-orig-file=\"https:\/\/www.hoymercedes.com.ar\/principal\/wp-content\/uploads\/2017\/04\/23-deportes-carcel.jpg\" data-orig-size=\"630,354\" data-comments-opened=\"0\" data-image-meta=\"{&quot;aperture&quot;:&quot;2.2&quot;,&quot;credit&quot;:&quot;&quot;,&quot;camera&quot;:&quot;SM-J200M&quot;,&quot;caption&quot;:&quot;&quot;,&quot;created_timestamp&quot;:&quot;1492769596&quot;,&quot;copyright&quot;:&quot;&quot;,&quot;focal_length&quot;:&quot;3.3&quot;,&quot;iso&quot;:&quot;100&quot;,&quot;shutter_speed&quot;:&quot;0.125&quot;,&quot;title&quot;:&quot;&quot;,&quot;orientation&quot;:&quot;1&quot;}\" data-image-title=\"23 deportes carcel\" data-image-description=\"\" data-image-caption=\"\" data-large-file=\"https:\/\/www.hoymercedes.com.ar\/principal\/wp-content\/uploads\/2017\/04\/23-deportes-carcel.jpg\" class=\"aligncenter size-medium wp-image-61916\" src=\"https:\/\/www.hoymercedes.com.ar\/principal\/wp-content\/uploads\/2017\/04\/23-deportes-carcel-630x354.jpg\" alt=\"\" width=\"630\" height=\"354\" srcset=\"https:\/\/www.hoymercedes.com.ar\/principal\/wp-content\/uploads\/2017\/04\/23-deportes-carcel.jpg 630w, https:\/\/www.hoymercedes.com.ar\/principal\/wp-content\/uploads\/2017\/04\/23-deportes-carcel-150x84.jpg 150w\" sizes=\"auto, (max-width: 630px) 100vw, 630px\" \/><\/p>\n<p>Para acompa\u00f1ar en este momento y ver las actividades que se llevan adelante se hicieron presentes\u00a0las autoridades de la rama, el Jefe del Departamento de Deportes, de la Subdirecci\u00f3n General de Educaci\u00f3n del Servicio Penitenciario Bonaerense el Profesor Walter Bertolotto, que es oriundo de Mercedes; el Coordinador de Deportes del Complejo Penitenciario Norte Juan Jos\u00e9 Paz, que junto al Director de Unidad Penitenciaria N\u00ba 5 Ricardo Mendez, y los profesores con los cuenta la Unidad Ramiro C\u00e1rdenas, \u00a0Diego Mole y Martin Borzalino, se reunieron y realizaron el encuentro de trabajo. Se encontraban tambi\u00e9n del Departamento de Jefatura la profesora Fabiana Migliore y Luis Baldano y como invitado el recientemente retirado Sergio Mosca.<\/p>\n<p>Visitaron el patio donde se llevaba a cabo un partido de f\u00fatbol, perteneciente a la 3\u00b0 ronda del Torneo Anual entre pabellones, y conversaron con los internos y observaron el buen estado de la cancha.<\/p>\n<p>Fuente: Prensa Unidad 5<\/p>\n<p>&nbsp;<\/p>\n","protected":false},"excerpt":{"rendered":"<p>Este viernes, la Unidad Penitenciaria N\u00ba 5 con asiento en Mercedes inaugur\u00f3 una oficina destinada para los profesores de Educaci\u00f3n &#8230; <a title=\"La Unidad 5 inaugur\u00f3 su oficina de deportes\" class=\"read-more\" href=\"https:\/\/www.hoymercedes.com.ar\/principal\/2017\/04\/22\/la-unidad-5-inauguro-su-oficina-de-deportes\/\" aria-label=\"Leer m\u00e1s sobre La Unidad 5 inaugur\u00f3 su oficina de deportes\">Leer m\u00e1s<\/a><\/p>\n","protected":false},"author":1,"featured_media":61916,"comment_status":"closed","ping_status":"open","sticky":false,"template":"","format":"standard","meta":{"_monsterinsights_skip_tracking":false,"_monsterinsights_sitenote_active":false,"_monsterinsights_sitenote_note":"","_monsterinsights_sitenote_category":0,"jetpack_post_was_ever_published":false,"_jetpack_newsletter_access":"","_jetpack_dont_email_post_to_subs":false,"_jetpack_newsletter_tier_id":0,"_jetpack_memberships_contains_paywalled_content":false,"_jetpack_memberships_contains_paid_content":false,"footnotes":"","jetpack_publicize_message":"","jetpack_publicize_feature_enabled":true,"jetpack_social_post_already_shared":true,"jetpack_social_options":{"image_generator_settings":{"template":"highway","default_image_id":0,"font":"","enabled":false},"version":2},"_wpas_customize_per_network":false},"categories":[21,8],"tags":[1011,204,113],"class_list":["post-61915","post","type-post","status-publish","format-standard","has-post-thumbnail","hentry","category-deportes","category-sociedad","tag-carcel","tag-deportes-2","tag-unidad-5","generate-columns","tablet-grid-50","mobile-grid-100","grid-parent","grid-50"],"jetpack_publicize_connections":[],"jetpack_featured_media_url":"https:\/\/www.hoymercedes.com.ar\/principal\/wp-content\/uploads\/2017\/04\/23-deportes-carcel.jpg","wps_subtitle":"Educaci\u00f3n F\u00edsica en la c\u00e1rcel","jetpack_sharing_enabled":true,"_links":{"self":[{"href":"https:\/\/www.hoymercedes.com.ar\/principal\/wp-json\/wp\/v2\/posts\/61915","targetHints":{"allow":["GET"]}}],"collection":[{"href":"https:\/\/www.hoymercedes.com.ar\/principal\/wp-json\/wp\/v2\/posts"}],"about":[{"href":"https:\/\/www.hoymercedes.com.ar\/principal\/wp-json\/wp\/v2\/types\/post"}],"author":[{"embeddable":true,"href":"https:\/\/www.hoymercedes.com.ar\/principal\/wp-json\/wp\/v2\/users\/1"}],"replies":[{"embeddable":true,"href":"https:\/\/www.hoymercedes.com.ar\/principal\/wp-json\/wp\/v2\/comments?post=61915"}],"version-history":[{"count":0,"href":"https:\/\/www.hoymercedes.com.ar\/principal\/wp-json\/wp\/v2\/posts\/61915\/revisions"}],"wp:featuredmedia":[{"embeddable":true,"href":"https:\/\/www.hoymercedes.com.ar\/principal\/wp-json\/wp\/v2\/media\/61916"}],"wp:attachment":[{"href":"https:\/\/www.hoymercedes.com.ar\/principal\/wp-json\/wp\/v2\/media?parent=61915"}],"wp:term":[{"taxonomy":"category","embeddable":true,"href":"https:\/\/www.hoymercedes.com.ar\/principal\/wp-json\/wp\/v2\/categories?post=61915"},{"taxonomy":"post_tag","embeddable":true,"href":"https:\/\/www.hoymercedes.com.ar\/principal\/wp-json\/wp\/v2\/tags?post=61915"}],"curies":[{"name":"wp","href":"https:\/\/api.w.org\/{rel}","templated":true}]}}