{"id":61918,"date":"2017-04-22T21:49:12","date_gmt":"2017-04-23T00:49:12","guid":{"rendered":"http:\/\/www.hoymercedes.com.ar\/principal\/?p=61918"},"modified":"2017-04-22T21:40:17","modified_gmt":"2017-04-23T00:40:17","slug":"cestari-presenta-proyectos-por-edificios-historicos-de-la-ciudad","status":"publish","type":"post","link":"https:\/\/www.hoymercedes.com.ar\/principal\/2017\/04\/22\/cestari-presenta-proyectos-por-edificios-historicos-de-la-ciudad\/","title":{"rendered":"Cestari presenta proyectos por edificios hist\u00f3ricos de la ciudad"},"content":{"rendered":"<p>El venidero lunes 24 de abril se llevar\u00e1 adelante una nueva sesi\u00f3n del Concejo Deliberante de Mercedes. Son varios los proyectos que estar\u00e1n present\u00e1ndose. El Concejal Vecinalista Jos\u00e9 Cestari elev\u00f3 dos proyectos que sobresalen en el orden del d\u00eda por su relaci\u00f3n con edificios hist\u00f3ricos de la ciudad. Uno es sobre la Bas\u00edlica Catedral y el otro sobre la Escuela Normal de Mercedes que est\u00e1 pronta a cumplir 130 a\u00f1os desde su creaci\u00f3n.<\/p>\n<p>Uno de ellos se\u00a0dirige a la Direcci\u00f3n de Arquitectura del Ministerio del Interior y Obras P\u00fablicas de la Naci\u00f3n para solicitarle informaci\u00f3n respecto a la Catedral Bas\u00edlica \u00abNuestra Se\u00f1ora de las Mercedes\u00bb, cabeza de la Arquidi\u00f3cesis de Mercedes-Luj\u00e1n. La consultas que realiza el concejal se centran en conocer si existe asignaci\u00f3n presupuestaria para la restauraci\u00f3n, conservaci\u00f3n y mejoramiento, buscando conocer los detalles de las mismas y conocer \u00a0si existe presupuesto a trav\u00e9s del Programa para Restaurar Bas\u00edlicas.<\/p>\n<p>El segundo proyecto\u00a0prppone\u00a0declarar de inter\u00e9s legislativo el 130\u00b0 Aniversario de la Escuela Normal Superior \u201cCapit\u00e1n General Justo Jos\u00e9 de Urquiza\u201d de Mercedes Provincia de Buenos Aires, y entregar una placa en conmemoraci\u00f3n de dicho acontecimiento. El acto aniversario de la centenaria instituci\u00f3n educativa ser\u00e1 el 16 de mayo pr\u00f3ximo.<\/p>\n<p>&nbsp;<\/p>\n<p>Fuente: Prensa Jos\u00e9 Cestari<\/p>\n<p>&nbsp;<\/p>\n","protected":false},"excerpt":{"rendered":"<p>El venidero lunes 24 de abril se llevar\u00e1 adelante una nueva sesi\u00f3n del Concejo Deliberante de Mercedes. Son varios los &#8230; <a title=\"Cestari presenta proyectos por edificios hist\u00f3ricos de la ciudad\" class=\"read-more\" href=\"https:\/\/www.hoymercedes.com.ar\/principal\/2017\/04\/22\/cestari-presenta-proyectos-por-edificios-historicos-de-la-ciudad\/\" aria-label=\"Leer m\u00e1s sobre Cestari presenta proyectos por edificios hist\u00f3ricos de la ciudad\">Leer m\u00e1s<\/a><\/p>\n","protected":false},"author":1,"featured_media":55044,"comment_status":"closed","ping_status":"open","sticky":false,"template":"","format":"standard","meta":{"_monsterinsights_skip_tracking":false,"_monsterinsights_sitenote_active":false,"_monsterinsights_sitenote_note":"","_monsterinsights_sitenote_category":0,"jetpack_post_was_ever_published":false,"_jetpack_newsletter_access":"","_jetpack_dont_email_post_to_subs":false,"_jetpack_newsletter_tier_id":0,"_jetpack_memberships_contains_paywalled_content":false,"_jetpack_memberships_contains_paid_content":false,"footnotes":"","jetpack_publicize_message":"","jetpack_publicize_feature_enabled":true,"jetpack_social_post_already_shared":true,"jetpack_social_options":{"image_generator_settings":{"template":"highway","default_image_id":0,"font":"","enabled":false},"version":2},"_wpas_customize_per_network":false},"categories":[5],"tags":[4311,2266,15,321,5319,8980,9095],"class_list":["post-61918","post","type-post","status-publish","format-standard","has-post-thumbnail","hentry","category-politica","tag-basilica-catedral","tag-escuela-normal","tag-hcd","tag-jose-cestari","tag-politica-2","tag-proyectos","tag-sesion","generate-columns","tablet-grid-50","mobile-grid-100","grid-parent","grid-50"],"jetpack_publicize_connections":[],"jetpack_featured_media_url":"https:\/\/www.hoymercedes.com.ar\/principal\/wp-content\/uploads\/2016\/09\/23-cestari.jpg","wps_subtitle":"Para la sesi\u00f3n del lunes","jetpack_sharing_enabled":true,"jetpack-related-posts":[{"id":107224,"url":"https:\/\/www.hoymercedes.com.ar\/principal\/2020\/03\/09\/preparan-via-crucis-de-catedral-e-invitan-a-sumarse\/","url_meta":{"origin":61918,"position":0},"title":"Preparan V\u00eda Crucis de Catedral e invitan a sumarse","author":"hoymercedes","date":"9 marzo, 2020","format":false,"excerpt":"En estos d\u00edas, se ha notado el movimiento de j\u00f3venes y voluntarios, en el atrio de la Catedral Bas\u00edlica Ntra. Sra. de las Mercedes y es por que han comenzado con los ensayos del tradicional V\u00eda Crucis, que en esta oportunidad se estar\u00e1 concretando el d\u00eda viernes 10 de Abril,\u2026","rel":"","context":"En \u00abSociedad\u00bb","block_context":{"text":"Sociedad","link":"https:\/\/www.hoymercedes.com.ar\/principal\/category\/sociedad\/"},"img":{"alt_text":"","src":"https:\/\/i0.wp.com\/www.hoymercedes.com.ar\/principal\/wp-content\/uploads\/2020\/03\/ViaCrucis-2020-b.jpg?resize=350%2C200&ssl=1","width":350,"height":200,"srcset":"https:\/\/i0.wp.com\/www.hoymercedes.com.ar\/principal\/wp-content\/uploads\/2020\/03\/ViaCrucis-2020-b.jpg?resize=350%2C200&ssl=1 1x, https:\/\/i0.wp.com\/www.hoymercedes.com.ar\/principal\/wp-content\/uploads\/2020\/03\/ViaCrucis-2020-b.jpg?resize=525%2C300&ssl=1 1.5x, https:\/\/i0.wp.com\/www.hoymercedes.com.ar\/principal\/wp-content\/uploads\/2020\/03\/ViaCrucis-2020-b.jpg?resize=700%2C400&ssl=1 2x"},"classes":[]},{"id":127847,"url":"https:\/\/www.hoymercedes.com.ar\/principal\/2021\/04\/09\/el-miguez-prepara-muestra-por-los-100-anos-de-la-basilica-catedral\/","url_meta":{"origin":61918,"position":1},"title":"El M\u00edguez prepara muestra por los 100 a\u00f1os de la Bas\u00edlica Catedral","author":"hoymercedes","date":"9 abril, 2021","format":false,"excerpt":"\u201cBas\u00edlica Catedral, un siglo de historias\u201d\u00a0es el t\u00edtulo de la exposici\u00f3n que abrir\u00e1 sus puertas en el Museo Hist\u00f3rico V\u00edctor M\u00edguez a partir del viernes 16 de abril, 20 horas. La muestra de objetos de valor patrimonial y de relevancia hist\u00f3rica para la ciudad se presenta en el marco del\u2026","rel":"","context":"En \u00abCultura\u00bb","block_context":{"text":"Cultura","link":"https:\/\/www.hoymercedes.com.ar\/principal\/category\/cultura\/"},"img":{"alt_text":"","src":"https:\/\/i0.wp.com\/www.hoymercedes.com.ar\/principal\/wp-content\/uploads\/2021\/04\/El-proyecto-del-nuevo-templo-comenzoa-a-gestarse-en-1903.jpg?resize=350%2C200&ssl=1","width":350,"height":200,"srcset":"https:\/\/i0.wp.com\/www.hoymercedes.com.ar\/principal\/wp-content\/uploads\/2021\/04\/El-proyecto-del-nuevo-templo-comenzoa-a-gestarse-en-1903.jpg?resize=350%2C200&ssl=1 1x, https:\/\/i0.wp.com\/www.hoymercedes.com.ar\/principal\/wp-content\/uploads\/2021\/04\/El-proyecto-del-nuevo-templo-comenzoa-a-gestarse-en-1903.jpg?resize=525%2C300&ssl=1 1.5x, https:\/\/i0.wp.com\/www.hoymercedes.com.ar\/principal\/wp-content\/uploads\/2021\/04\/El-proyecto-del-nuevo-templo-comenzoa-a-gestarse-en-1903.jpg?resize=700%2C400&ssl=1 2x"},"classes":[]},{"id":192326,"url":"https:\/\/www.hoymercedes.com.ar\/principal\/2026\/02\/20\/asume-nuevo-parroco-en-catedral-basilica\/","url_meta":{"origin":61918,"position":2},"title":"Asume nuevo p\u00e1rroco en Catedral Bas\u00edlica","author":"hoymercedes","date":"20 febrero, 2026","format":false,"excerpt":"Tras la despedida del padre Juan Carlos Bouzeau, quien contin\u00faa su labor religiosa en la congregaci\u00f3n de Luj\u00e1n y Carlos Keen, se invit\u00f3 a la comunidad a la misa de asunci\u00f3n del Padre Emiliano. Catedral Bas\u00edlica Mercedes, Buenos Aires La invitaci\u00f3n es para toda la comunidad, siendo una misa a\u2026","rel":"","context":"En \u00abSociedad\u00bb","block_context":{"text":"Sociedad","link":"https:\/\/www.hoymercedes.com.ar\/principal\/category\/sin-categoria\/"},"img":{"alt_text":"Catedral Bas\u00edlica Mercedes, Buenos Aires","src":"https:\/\/i0.wp.com\/www.hoymercedes.com.ar\/principal\/wp-content\/uploads\/2025\/05\/CatedralBasilica.jpg?resize=350%2C200&ssl=1","width":350,"height":200,"srcset":"https:\/\/i0.wp.com\/www.hoymercedes.com.ar\/principal\/wp-content\/uploads\/2025\/05\/CatedralBasilica.jpg?resize=350%2C200&ssl=1 1x, https:\/\/i0.wp.com\/www.hoymercedes.com.ar\/principal\/wp-content\/uploads\/2025\/05\/CatedralBasilica.jpg?resize=525%2C300&ssl=1 1.5x, https:\/\/i0.wp.com\/www.hoymercedes.com.ar\/principal\/wp-content\/uploads\/2025\/05\/CatedralBasilica.jpg?resize=700%2C400&ssl=1 2x, https:\/\/i0.wp.com\/www.hoymercedes.com.ar\/principal\/wp-content\/uploads\/2025\/05\/CatedralBasilica.jpg?resize=1050%2C600&ssl=1 3x"},"classes":[]},{"id":162166,"url":"https:\/\/www.hoymercedes.com.ar\/principal\/2023\/05\/14\/presentaron-revista-por-el-centenario-de-la-basilica-catedral\/","url_meta":{"origin":61918,"position":3},"title":"Presentaron revista por el Centenario de la Bas\u00edlica Catedral","author":"hoymercedes","date":"14 mayo, 2023","format":false,"excerpt":"En el a\u00f1o 2021, la Iglesia Catedral Metropolitana Bas\u00edlica Nuestra Se\u00f1ora de las Mercedes cumpli\u00f3 100 a\u00f1os. El \u00faltimo viernes se present\u00f3 la revista que recuerda la historia del templo. Participaron del evento el abogado Carlos Gonz\u00e1lez que coordin\u00f3 el proyecto; el fot\u00f3grafo Mariano F\u00faaz, autor de las im\u00e1genes elegidas\u2026","rel":"","context":"En \u00abCultura\u00bb","block_context":{"text":"Cultura","link":"https:\/\/www.hoymercedes.com.ar\/principal\/category\/cultura\/"},"img":{"alt_text":"","src":"https:\/\/i0.wp.com\/www.hoymercedes.com.ar\/principal\/wp-content\/uploads\/2023\/05\/catedral-revista-4.jpg?resize=350%2C200&ssl=1","width":350,"height":200,"srcset":"https:\/\/i0.wp.com\/www.hoymercedes.com.ar\/principal\/wp-content\/uploads\/2023\/05\/catedral-revista-4.jpg?resize=350%2C200&ssl=1 1x, https:\/\/i0.wp.com\/www.hoymercedes.com.ar\/principal\/wp-content\/uploads\/2023\/05\/catedral-revista-4.jpg?resize=525%2C300&ssl=1 1.5x, https:\/\/i0.wp.com\/www.hoymercedes.com.ar\/principal\/wp-content\/uploads\/2023\/05\/catedral-revista-4.jpg?resize=700%2C400&ssl=1 2x"},"classes":[]},{"id":103483,"url":"https:\/\/www.hoymercedes.com.ar\/principal\/2019\/12\/05\/tres-coros-se-unen-para-la-misa-criolla-y-navidad-nuestra\/","url_meta":{"origin":61918,"position":4},"title":"Tres Coros se unen para la \u201cMisa Criolla\u201d y \u201cNavidad Nuestra\u201d","author":"hoymercedes","date":"5 diciembre, 2019","format":false,"excerpt":"Los coros \u201cEnsamble Ars Pulchra\u201d, \u201cCoral Suipacha\u201d y el Coro Municipal de C\u00e1mara \u201cErnesto Storani\u201d de Luj\u00e1n se re\u00fanen para interpretar las obras de Ariel Ram\u00edrez y F\u00e9lix Luna. El viernes 6, 21 horas, actuar\u00e1n con entrada libre y gratuita en la Bas\u00edlica Catedral. Como hecho art\u00edstico de trascendencia de\u2026","rel":"","context":"En \u00abCultura\u00bb","block_context":{"text":"Cultura","link":"https:\/\/www.hoymercedes.com.ar\/principal\/category\/cultura\/"},"img":{"alt_text":"","src":"https:\/\/i0.wp.com\/www.hoymercedes.com.ar\/principal\/wp-content\/uploads\/2019\/12\/05-Misa-criolla.jpg?resize=350%2C200&ssl=1","width":350,"height":200,"srcset":"https:\/\/i0.wp.com\/www.hoymercedes.com.ar\/principal\/wp-content\/uploads\/2019\/12\/05-Misa-criolla.jpg?resize=350%2C200&ssl=1 1x, https:\/\/i0.wp.com\/www.hoymercedes.com.ar\/principal\/wp-content\/uploads\/2019\/12\/05-Misa-criolla.jpg?resize=525%2C300&ssl=1 1.5x, https:\/\/i0.wp.com\/www.hoymercedes.com.ar\/principal\/wp-content\/uploads\/2019\/12\/05-Misa-criolla.jpg?resize=700%2C400&ssl=1 2x"},"classes":[]},{"id":63871,"url":"https:\/\/www.hoymercedes.com.ar\/principal\/2017\/06\/16\/suman-a-la-plaza-san-martin-la-catedral-y-el-tito-federal-en-el-patrimonio-municipal\/","url_meta":{"origin":61918,"position":5},"title":"Suman a la Plaza San Mart\u00edn, la Catedral y el Tiro Federal en el Patrimonio Municipal","author":"hoymercedes","date":"16 junio, 2017","format":false,"excerpt":"En el marco de la sesi\u00f3n del lunes pasado se aprobaron los proyectos para declarar de inter\u00e9s patrimonial tres lugares hist\u00f3ricos de la ciudad. Se trata de la Plaza San Mart\u00edn, la Bas\u00edlica Catedral y el predio del Tiro Federal. Estas ordenanzas individuales explicitan la protecci\u00f3n, cobertura y cuidado en\u2026","rel":"","context":"En \u00abMunicipio\u00bb","block_context":{"text":"Municipio","link":"https:\/\/www.hoymercedes.com.ar\/principal\/category\/municipio\/"},"img":{"alt_text":"","src":"https:\/\/i0.wp.com\/www.hoymercedes.com.ar\/principal\/wp-content\/uploads\/2017\/06\/15-basilica-catedral.jpg?resize=350%2C200&ssl=1","width":350,"height":200,"srcset":"https:\/\/i0.wp.com\/www.hoymercedes.com.ar\/principal\/wp-content\/uploads\/2017\/06\/15-basilica-catedral.jpg?resize=350%2C200&ssl=1 1x, https:\/\/i0.wp.com\/www.hoymercedes.com.ar\/principal\/wp-content\/uploads\/2017\/06\/15-basilica-catedral.jpg?resize=525%2C300&ssl=1 1.5x, https:\/\/i0.wp.com\/www.hoymercedes.com.ar\/principal\/wp-content\/uploads\/2017\/06\/15-basilica-catedral.jpg?resize=700%2C400&ssl=1 2x"},"classes":[]}],"_links":{"self":[{"href":"https:\/\/www.hoymercedes.com.ar\/principal\/wp-json\/wp\/v2\/posts\/61918","targetHints":{"allow":["GET"]}}],"collection":[{"href":"https:\/\/www.hoymercedes.com.ar\/principal\/wp-json\/wp\/v2\/posts"}],"about":[{"href":"https:\/\/www.hoymercedes.com.ar\/principal\/wp-json\/wp\/v2\/types\/post"}],"author":[{"embeddable":true,"href":"https:\/\/www.hoymercedes.com.ar\/principal\/wp-json\/wp\/v2\/users\/1"}],"replies":[{"embeddable":true,"href":"https:\/\/www.hoymercedes.com.ar\/principal\/wp-json\/wp\/v2\/comments?post=61918"}],"version-history":[{"count":0,"href":"https:\/\/www.hoymercedes.com.ar\/principal\/wp-json\/wp\/v2\/posts\/61918\/revisions"}],"wp:featuredmedia":[{"embeddable":true,"href":"https:\/\/www.hoymercedes.com.ar\/principal\/wp-json\/wp\/v2\/media\/55044"}],"wp:attachment":[{"href":"https:\/\/www.hoymercedes.com.ar\/principal\/wp-json\/wp\/v2\/media?parent=61918"}],"wp:term":[{"taxonomy":"category","embeddable":true,"href":"https:\/\/www.hoymercedes.com.ar\/principal\/wp-json\/wp\/v2\/categories?post=61918"},{"taxonomy":"post_tag","embeddable":true,"href":"https:\/\/www.hoymercedes.com.ar\/principal\/wp-json\/wp\/v2\/tags?post=61918"}],"curies":[{"name":"wp","href":"https:\/\/api.w.org\/{rel}","templated":true}]}}