{"id":61921,"date":"2017-04-22T00:37:16","date_gmt":"2017-04-22T03:37:16","guid":{"rendered":"http:\/\/www.hoymercedes.com.ar\/principal\/?p=61921"},"modified":"2017-04-22T00:37:16","modified_gmt":"2017-04-22T03:37:16","slug":"ustarroz-inauguro-la-repavimentacion-en-hormigon-y-puesta-en-valor-en-av-29-y-av-40","status":"publish","type":"post","link":"https:\/\/www.hoymercedes.com.ar\/principal\/2017\/04\/22\/ustarroz-inauguro-la-repavimentacion-en-hormigon-y-puesta-en-valor-en-av-29-y-av-40\/","title":{"rendered":"Ustarroz inaugur\u00f3 la repavimentaci\u00f3n en hormig\u00f3n y puesta en valor en Av.29 y Av.40"},"content":{"rendered":"<figure id=\"attachment_61922\" aria-describedby=\"caption-attachment-61922\" style=\"width: 620px\" class=\"wp-caption aligncenter\"><img loading=\"lazy\" decoding=\"async\" data-attachment-id=\"61922\" data-permalink=\"https:\/\/www.hoymercedes.com.ar\/principal\/2017\/04\/22\/ustarroz-inauguro-la-repavimentacion-en-hormigon-y-puesta-en-valor-en-av-29-y-av-40\/inauguracion-29-1\/#main\" data-orig-file=\"https:\/\/www.hoymercedes.com.ar\/principal\/wp-content\/uploads\/2017\/04\/inauguracion-29-1.jpg\" data-orig-size=\"630,353\" data-comments-opened=\"0\" data-image-meta=\"{&quot;aperture&quot;:&quot;0&quot;,&quot;credit&quot;:&quot;&quot;,&quot;camera&quot;:&quot;&quot;,&quot;caption&quot;:&quot;&quot;,&quot;created_timestamp&quot;:&quot;0&quot;,&quot;copyright&quot;:&quot;&quot;,&quot;focal_length&quot;:&quot;0&quot;,&quot;iso&quot;:&quot;0&quot;,&quot;shutter_speed&quot;:&quot;0&quot;,&quot;title&quot;:&quot;&quot;,&quot;orientation&quot;:&quot;0&quot;}\" data-image-title=\"inauguracion-29-1\" data-image-description=\"\" data-image-caption=\"\" data-large-file=\"https:\/\/www.hoymercedes.com.ar\/principal\/wp-content\/uploads\/2017\/04\/inauguracion-29-1.jpg\" class=\"wp-image-61922 size-medium\" src=\"https:\/\/www.hoymercedes.com.ar\/principal\/wp-content\/uploads\/2017\/04\/inauguracion-29-1-630x353.jpg\" alt=\"\" width=\"630\" height=\"353\" srcset=\"https:\/\/www.hoymercedes.com.ar\/principal\/wp-content\/uploads\/2017\/04\/inauguracion-29-1.jpg 630w, https:\/\/www.hoymercedes.com.ar\/principal\/wp-content\/uploads\/2017\/04\/inauguracion-29-1-150x84.jpg 150w\" sizes=\"auto, (max-width: 630px) 100vw, 630px\" \/><figcaption id=\"caption-attachment-61922\" class=\"wp-caption-text\">Nueva obra vista desde el aire<\/figcaption><\/figure>\n<p>Tras un proceso que implic\u00f3 una inversi\u00f3n de m\u00e1s de tres millones de pesos se inaugur\u00f3 durante la tarde de esta viernes la repavimentaci\u00f3n de la avenida 29 entre 40 y 42 realizando una obra totalmente en hormig\u00f3n que implic\u00f3 la remoci\u00f3n del suelo, tareas anexas, puesta en valor, re iluminaci\u00f3n y hasta una posta de la polic\u00eda local.<\/p>\n<p>Tras a\u00f1os que ven\u00eda padeciendo roturas y hundimientos se produjo la necesaria y requerida mejora sustancial del espacio p\u00fablico. Se concret\u00f3 la correspondiente preparaci\u00f3n del suelo, adem\u00e1s de una puesta en valor de toda la zona, con parquizaci\u00f3n, pintura, iluminaci\u00f3n, faroles, iluminaci\u00f3n led y la novedad de colocar una posta de Polic\u00eda Local en la ex garita del guardabarrera.<\/p>\n<p>La obra se concret\u00f3 con una licitaci\u00f3n p\u00fablica en la cual 10 empresas compraron el pliego siendo luego 7 las presentadas logrando el municipio un excelente precio de realizaci\u00f3n del paquete que signific\u00f3 la avenida 29 y el cruce de la calle 33 que ya desde hac\u00eda algunos meses era utilizado por los vecinos.<\/p>\n<figure id=\"attachment_61924\" aria-describedby=\"caption-attachment-61924\" style=\"width: 620px\" class=\"wp-caption aligncenter\"><img loading=\"lazy\" decoding=\"async\" data-attachment-id=\"61924\" data-permalink=\"https:\/\/www.hoymercedes.com.ar\/principal\/2017\/04\/22\/ustarroz-inauguro-la-repavimentacion-en-hormigon-y-puesta-en-valor-en-av-29-y-av-40\/inauguracion-29-3\/#main\" data-orig-file=\"https:\/\/www.hoymercedes.com.ar\/principal\/wp-content\/uploads\/2017\/04\/inauguracion-29-3.jpg\" data-orig-size=\"630,356\" data-comments-opened=\"0\" data-image-meta=\"{&quot;aperture&quot;:&quot;0&quot;,&quot;credit&quot;:&quot;&quot;,&quot;camera&quot;:&quot;&quot;,&quot;caption&quot;:&quot;&quot;,&quot;created_timestamp&quot;:&quot;0&quot;,&quot;copyright&quot;:&quot;&quot;,&quot;focal_length&quot;:&quot;0&quot;,&quot;iso&quot;:&quot;0&quot;,&quot;shutter_speed&quot;:&quot;0&quot;,&quot;title&quot;:&quot;&quot;,&quot;orientation&quot;:&quot;0&quot;}\" data-image-title=\"inauguracion-29-3\" data-image-description=\"\" data-image-caption=\"\" data-large-file=\"https:\/\/www.hoymercedes.com.ar\/principal\/wp-content\/uploads\/2017\/04\/inauguracion-29-3.jpg\" class=\"wp-image-61924 size-medium\" src=\"https:\/\/www.hoymercedes.com.ar\/principal\/wp-content\/uploads\/2017\/04\/inauguracion-29-3-630x356.jpg\" alt=\"\" width=\"630\" height=\"356\" srcset=\"https:\/\/www.hoymercedes.com.ar\/principal\/wp-content\/uploads\/2017\/04\/inauguracion-29-3.jpg 630w, https:\/\/www.hoymercedes.com.ar\/principal\/wp-content\/uploads\/2017\/04\/inauguracion-29-3-150x85.jpg 150w\" sizes=\"auto, (max-width: 630px) 100vw, 630px\" \/><figcaption id=\"caption-attachment-61924\" class=\"wp-caption-text\">Sector nuevo con garita policial incorporada<\/figcaption><\/figure>\n<p>&nbsp;<\/p>\n<p>Desde la Secretar\u00eda de Obras comentaron que se trata de \u201cun paquete estructural de hormig\u00f3n de alta resistencia, conocido como H30 y que tuvo un plazo de 60 d\u00edas de obras m\u00e1s el plado de fraguado. El monto de la misma fue de $3.070.189,20\u201d.<\/p>\n<p>Tambi\u00e9n se dej\u00f3 en claro que todo fue aprobado por organismos nacionales y provinciales mejorando el precio final de la obra y que adem\u00e1s la Secretaria de Obras firm\u00f3 convenio con Vialidad para supervisar la ejecuci\u00f3n de la misma quedando la calidad final que es claramente constatable y que gener\u00f3 la satisfacci\u00f3n de los vecinos.<img loading=\"lazy\" decoding=\"async\" data-attachment-id=\"61923\" data-permalink=\"https:\/\/www.hoymercedes.com.ar\/principal\/2017\/04\/22\/ustarroz-inauguro-la-repavimentacion-en-hormigon-y-puesta-en-valor-en-av-29-y-av-40\/inauguracion-29-2\/#main\" data-orig-file=\"https:\/\/www.hoymercedes.com.ar\/principal\/wp-content\/uploads\/2017\/04\/inauguracion-29-2.jpg\" data-orig-size=\"630,352\" data-comments-opened=\"0\" data-image-meta=\"{&quot;aperture&quot;:&quot;0&quot;,&quot;credit&quot;:&quot;&quot;,&quot;camera&quot;:&quot;&quot;,&quot;caption&quot;:&quot;&quot;,&quot;created_timestamp&quot;:&quot;0&quot;,&quot;copyright&quot;:&quot;&quot;,&quot;focal_length&quot;:&quot;0&quot;,&quot;iso&quot;:&quot;0&quot;,&quot;shutter_speed&quot;:&quot;0&quot;,&quot;title&quot;:&quot;&quot;,&quot;orientation&quot;:&quot;0&quot;}\" data-image-title=\"inauguracion-29-2\" data-image-description=\"\" data-image-caption=\"\" data-large-file=\"https:\/\/www.hoymercedes.com.ar\/principal\/wp-content\/uploads\/2017\/04\/inauguracion-29-2.jpg\" class=\"aligncenter size-medium wp-image-61923\" src=\"https:\/\/www.hoymercedes.com.ar\/principal\/wp-content\/uploads\/2017\/04\/inauguracion-29-2-630x352.jpg\" alt=\"\" width=\"630\" height=\"352\" srcset=\"https:\/\/www.hoymercedes.com.ar\/principal\/wp-content\/uploads\/2017\/04\/inauguracion-29-2.jpg 630w, https:\/\/www.hoymercedes.com.ar\/principal\/wp-content\/uploads\/2017\/04\/inauguracion-29-2-150x84.jpg 150w\" sizes=\"auto, (max-width: 630px) 100vw, 630px\" \/><\/p>\n<p>En el acto que fue sencillo y simb\u00f3lico estuvieron presentes vecinos, trabajadores, funcionarios y los medios que registraron la novedad donde Ustarroz expres\u00f3 a la hora de dialogar con la prensa que \u00a0\u201cestamos muy contentos con la finalizaci\u00f3n de la obra que logra los objetivos que nos hab\u00edamos trazado desde el municipio que es la puesta en valor de esta arteria tan transitada e importante de la ciudad que era un lugar donde hab\u00eda pavimento, pero faltaba homig\u00f3n\u201d donde \u201cse efect\u00fao un control muy efectivo para que esta obra dure en el tiempo\u201d sostuvo destacando que \u201cse trabaj\u00f3 desde muchas \u00e1reas del municipio para embellecer el espacio p\u00fablico y en ese sentido se trabaj\u00f3 desde la Direcci\u00f3n de Espacios Verdes, desde Servicios P\u00fablicos, tambi\u00e9n se optimizaron los espacios donde por ejemplo la garita, que era pr\u00e1cticamente un un ba\u00f1o p\u00fablico lo convertimos, tras hablarlo con la Polic\u00eda Local, en un lugar para que tengan una posta, con un reparo, para brindar servicios a la comunidad. Tambi\u00e9n toda la obra de iluminaci\u00f3n en led que optimiza recursos\u201d remarc\u00f3 el primer mandatario local destacando el trabajo en conjunto que efectuaron las distintas \u00e1reas municipales.<\/p>\n<p>M\u00e1s adelante Ustarroz afirm\u00f3 que \u201chubo concejales de todas las fuerzas pol\u00edticas, diputado provincial y la gente muy contenta con una obra que termin\u00f3 como todos quer\u00edamos siendo una obra muy lograda que jerarquiza y valoriza toda la zona y junto al Centro Cultural La Trocha que tambi\u00e9n no hace mucho recuperamos, as\u00ed que estamos muy agradecidos con todos los trabajadores y los vecinos, como Alicia, que es vecina, de ac\u00e1 enfrente, y que contribuy\u00f3 guardando elementos del ferrocarril para que ahora nosotros los restauremos de nuevo en su lugar\u201d, narr\u00f3 el primer mandatario contando que hubo una participaci\u00f3n de todos los sectores para que hoy los mercedinos vivamos una jornada de plena alegr\u00eda.<\/p>\n<figure id=\"attachment_61925\" aria-describedby=\"caption-attachment-61925\" style=\"width: 620px\" class=\"wp-caption aligncenter\"><img loading=\"lazy\" decoding=\"async\" data-attachment-id=\"61925\" data-permalink=\"https:\/\/www.hoymercedes.com.ar\/principal\/2017\/04\/22\/ustarroz-inauguro-la-repavimentacion-en-hormigon-y-puesta-en-valor-en-av-29-y-av-40\/cortedecinta-29y40\/#main\" data-orig-file=\"https:\/\/www.hoymercedes.com.ar\/principal\/wp-content\/uploads\/2017\/04\/cortedecinta-29y40.jpg\" data-orig-size=\"630,420\" data-comments-opened=\"0\" data-image-meta=\"{&quot;aperture&quot;:&quot;10&quot;,&quot;credit&quot;:&quot;&quot;,&quot;camera&quot;:&quot;Canon EOS 60D&quot;,&quot;caption&quot;:&quot;&quot;,&quot;created_timestamp&quot;:&quot;1492797303&quot;,&quot;copyright&quot;:&quot;&quot;,&quot;focal_length&quot;:&quot;29&quot;,&quot;iso&quot;:&quot;250&quot;,&quot;shutter_speed&quot;:&quot;0.01&quot;,&quot;title&quot;:&quot;&quot;,&quot;orientation&quot;:&quot;0&quot;}\" data-image-title=\"cortedecinta-29y40\" data-image-description=\"\" data-image-caption=\"\" data-large-file=\"https:\/\/www.hoymercedes.com.ar\/principal\/wp-content\/uploads\/2017\/04\/cortedecinta-29y40.jpg\" class=\"wp-image-61925 size-medium\" src=\"https:\/\/www.hoymercedes.com.ar\/principal\/wp-content\/uploads\/2017\/04\/cortedecinta-29y40-630x420.jpg\" alt=\"\" width=\"630\" height=\"420\" srcset=\"https:\/\/www.hoymercedes.com.ar\/principal\/wp-content\/uploads\/2017\/04\/cortedecinta-29y40.jpg 630w, https:\/\/www.hoymercedes.com.ar\/principal\/wp-content\/uploads\/2017\/04\/cortedecinta-29y40-150x100.jpg 150w, https:\/\/www.hoymercedes.com.ar\/principal\/wp-content\/uploads\/2017\/04\/cortedecinta-29y40-300x200.jpg 300w\" sizes=\"auto, (max-width: 630px) 100vw, 630px\" \/><figcaption id=\"caption-attachment-61925\" class=\"wp-caption-text\">Tradicional corte de cinta<\/figcaption><\/figure>\n<p>Alicia, la vecina que se mencion\u00f3, vive justo al lado de las v\u00edas del ferrocarril, ha visto sus trenes, su historia, como ella misma dice: \u201chace unos cuantos a\u00f1os los amigos de la rotura arrancaron los molinetes y yo avis\u00e9 al Corral\u00f3n y los guard\u00e9 en el galp\u00f3n de mi casa, pero sobre todo para que nadie hiciera m\u00e1s da\u00f1o\u201d cont\u00f3 y dijo que \u201cyo me animo a hablar en nombre de otros vecinos y estamos realmente muy contentos. Para los que siempre vivimos ac\u00e1 decir La Trocha es decir una cosa muy importante. Para algunos fue adultez, para m\u00ed fue infancia. He visto pasar trenes, he visto mucho, que ahora est\u00e9 lindo, renovado, que est\u00e9 como est\u00e1 y como lo han renovado es una alegr\u00eda y satisfacci\u00f3n hermosa\u201d, coment\u00f3 Alicia. \u201cAdem\u00e1s de la alegr\u00eda pido que cuidemos todo porque esta calle ni los molinetes son m\u00edos, tuyos ni del intendente, es algo de todos\u201d sostuvo la vecina.<\/p>\n<p>Por su parte Navarrete mencion\u00f3 que \u201clo hicimos transparencia y eficiencia en los precios lo que permiti\u00f3 una gran licitaci\u00f3n con empresas que tienen jerarqu\u00eda y cotizan a nivel provincial y nacional as\u00ed que para nosotros es muy importante. Estamos viendo los resultados con el paquete estructural fuerte que se hizo donde al principio los vecinos ve\u00edan el pozo, reclamaban y le explic\u00e1bamos que ten\u00edamos que hacer algo bien y ac\u00e1 est\u00e1. Una obra finalizada, con complementos, seguridad y jerarquizada\u201d mencion\u00f3 el Secretario de Obras P\u00fablicas de la Municipalidad de Mercedes.<\/p>\n<p>Las tareas permitieron la realizaci\u00f3n de 1690 metros cuadrados de obra en hormig\u00f3n.<\/p>\n<p>Por su parte, la Secretaria de Seguridad, Josefina Kelly, destac\u00f3 que la colocaci\u00f3n de una posta de la Polic\u00eda Local en el lugar \u201cdar\u00e1 un gran beneficio a los vecinos, a toda la zona, permitir\u00e1 que en una de las arterias m\u00e1s transitadas podamos tener un servicio m\u00e1s a la comunidad como es la seguridad. Algo que trabajamos mucho desde la prevenci\u00f3n, desde lo inter institucional y entend\u00edamos esta obra y esta jerarquizaci\u00f3n del espacio p\u00fablico permit\u00eda iniciar este camino de postas\u201d.<\/p>\n<p>Por \u00faltimo, el intendente Ustarroz remarc\u00f3 que la obra \u201cse complementa con la de calle 33 que se finaliz\u00f3 y estas mejoras para nosotros representan un orgullo, una alegr\u00eda, una avance porque salir de la l\u00f3gica del parque y entrar en la l\u00f3gica de planificaci\u00f3n y las obras que perduras y jerarquizan a la ciudad es como dec\u00eda la vecina es para todos y entre todos hacemos esta ciudad. Pedimos mucho el cuidado y que preservemos este espacio como todos los de la ciudad\u201d<\/p>\n<p><span style=\"color: #999999;\">Fuente: Prensa Municipio<\/span><\/p>\n","protected":false},"excerpt":{"rendered":"<p>Tras un proceso que implic\u00f3 una inversi\u00f3n de m\u00e1s de tres millones de pesos se inaugur\u00f3 durante la tarde de &#8230; <a title=\"Ustarroz inaugur\u00f3 la repavimentaci\u00f3n en hormig\u00f3n y puesta en valor en Av.29 y Av.40\" class=\"read-more\" href=\"https:\/\/www.hoymercedes.com.ar\/principal\/2017\/04\/22\/ustarroz-inauguro-la-repavimentacion-en-hormigon-y-puesta-en-valor-en-av-29-y-av-40\/\" aria-label=\"Leer m\u00e1s sobre Ustarroz inaugur\u00f3 la repavimentaci\u00f3n en hormig\u00f3n y puesta en valor en Av.29 y Av.40\">Leer m\u00e1s<\/a><\/p>\n","protected":false},"author":1,"featured_media":61923,"comment_status":"closed","ping_status":"open","sticky":false,"template":"","format":"standard","meta":{"_monsterinsights_skip_tracking":false,"_monsterinsights_sitenote_active":false,"_monsterinsights_sitenote_note":"","_monsterinsights_sitenote_category":0,"jetpack_post_was_ever_published":false,"_jetpack_newsletter_access":"","_jetpack_dont_email_post_to_subs":false,"_jetpack_newsletter_tier_id":0,"_jetpack_memberships_contains_paywalled_content":false,"_jetpack_memberships_contains_paid_content":false,"footnotes":"","jetpack_publicize_message":"","jetpack_publicize_feature_enabled":true,"jetpack_social_post_already_shared":true,"jetpack_social_options":{"image_generator_settings":{"template":"highway","default_image_id":0,"font":"","enabled":false},"version":2},"_wpas_customize_per_network":false},"categories":[30],"tags":[8320,585,225,230],"class_list":["post-61921","post","type-post","status-publish","format-standard","has-post-thumbnail","hentry","category-municipio","tag-intendente-ustarroz","tag-juan-ustarroz","tag-obras-mercedes","tag-pavimento-mercedes","generate-columns","tablet-grid-50","mobile-grid-100","grid-parent","grid-50"],"jetpack_publicize_connections":[],"jetpack_featured_media_url":"https:\/\/www.hoymercedes.com.ar\/principal\/wp-content\/uploads\/2017\/04\/inauguracion-29-2.jpg","wps_subtitle":"Inversi\u00f3n de m\u00e1s de 3 millones","jetpack_sharing_enabled":true,"_links":{"self":[{"href":"https:\/\/www.hoymercedes.com.ar\/principal\/wp-json\/wp\/v2\/posts\/61921","targetHints":{"allow":["GET"]}}],"collection":[{"href":"https:\/\/www.hoymercedes.com.ar\/principal\/wp-json\/wp\/v2\/posts"}],"about":[{"href":"https:\/\/www.hoymercedes.com.ar\/principal\/wp-json\/wp\/v2\/types\/post"}],"author":[{"embeddable":true,"href":"https:\/\/www.hoymercedes.com.ar\/principal\/wp-json\/wp\/v2\/users\/1"}],"replies":[{"embeddable":true,"href":"https:\/\/www.hoymercedes.com.ar\/principal\/wp-json\/wp\/v2\/comments?post=61921"}],"version-history":[{"count":0,"href":"https:\/\/www.hoymercedes.com.ar\/principal\/wp-json\/wp\/v2\/posts\/61921\/revisions"}],"wp:featuredmedia":[{"embeddable":true,"href":"https:\/\/www.hoymercedes.com.ar\/principal\/wp-json\/wp\/v2\/media\/61923"}],"wp:attachment":[{"href":"https:\/\/www.hoymercedes.com.ar\/principal\/wp-json\/wp\/v2\/media?parent=61921"}],"wp:term":[{"taxonomy":"category","embeddable":true,"href":"https:\/\/www.hoymercedes.com.ar\/principal\/wp-json\/wp\/v2\/categories?post=61921"},{"taxonomy":"post_tag","embeddable":true,"href":"https:\/\/www.hoymercedes.com.ar\/principal\/wp-json\/wp\/v2\/tags?post=61921"}],"curies":[{"name":"wp","href":"https:\/\/api.w.org\/{rel}","templated":true}]}}