{"id":61936,"date":"2017-04-22T23:33:04","date_gmt":"2017-04-23T02:33:04","guid":{"rendered":"http:\/\/www.hoymercedes.com.ar\/principal\/?p=61936"},"modified":"2017-04-22T23:01:55","modified_gmt":"2017-04-23T02:01:55","slug":"reunion-en-provincia-para-traer-el-same-a-mercedes","status":"publish","type":"post","link":"https:\/\/www.hoymercedes.com.ar\/principal\/2017\/04\/22\/reunion-en-provincia-para-traer-el-same-a-mercedes\/","title":{"rendered":"Reuni\u00f3n en Provincia para traer el SAME a Mercedes"},"content":{"rendered":"<p>En los \u00faltimos d\u00edas, el Intendente Municipal Juan Ignacio Ustarroz particip\u00f3 de un encuentro sanitario con la Ministra de Salud Bonaerense, Zulma Ortiz, y la Regi\u00f3n X. El objetivo del encuentro fue planificar la estructura del SAME en la regi\u00f3n, una instituci\u00f3n que ya comenz\u00f3 a funcionar en algunas localidades del gran Buenos Aires para brindar servicios de emergencia m\u00e9dicas en la v\u00eda p\u00fablica.<\/p>\n<p><img loading=\"lazy\" decoding=\"async\" data-attachment-id=\"61941\" data-permalink=\"https:\/\/www.hoymercedes.com.ar\/principal\/2017\/04\/22\/reunion-en-provincia-para-traer-el-same-a-mercedes\/23-ustarroz-ortiz\/#main\" data-orig-file=\"https:\/\/www.hoymercedes.com.ar\/principal\/wp-content\/uploads\/2017\/04\/23-Ustarroz-Ortiz.jpg\" data-orig-size=\"630,420\" data-comments-opened=\"0\" data-image-meta=\"{&quot;aperture&quot;:&quot;8&quot;,&quot;credit&quot;:&quot;&quot;,&quot;camera&quot;:&quot;NIKON D7000&quot;,&quot;caption&quot;:&quot;&quot;,&quot;created_timestamp&quot;:&quot;1492734070&quot;,&quot;copyright&quot;:&quot;&quot;,&quot;focal_length&quot;:&quot;17&quot;,&quot;iso&quot;:&quot;1250&quot;,&quot;shutter_speed&quot;:&quot;0.016666666666667&quot;,&quot;title&quot;:&quot;&quot;,&quot;orientation&quot;:&quot;1&quot;}\" data-image-title=\"23 Ustarroz-Ortiz\" data-image-description=\"\" data-image-caption=\"\" data-large-file=\"https:\/\/www.hoymercedes.com.ar\/principal\/wp-content\/uploads\/2017\/04\/23-Ustarroz-Ortiz.jpg\" class=\"aligncenter size-medium wp-image-61941\" src=\"https:\/\/www.hoymercedes.com.ar\/principal\/wp-content\/uploads\/2017\/04\/23-Ustarroz-Ortiz-630x420.jpg\" alt=\"\" width=\"630\" height=\"420\" srcset=\"https:\/\/www.hoymercedes.com.ar\/principal\/wp-content\/uploads\/2017\/04\/23-Ustarroz-Ortiz.jpg 630w, https:\/\/www.hoymercedes.com.ar\/principal\/wp-content\/uploads\/2017\/04\/23-Ustarroz-Ortiz-150x100.jpg 150w, https:\/\/www.hoymercedes.com.ar\/principal\/wp-content\/uploads\/2017\/04\/23-Ustarroz-Ortiz-300x200.jpg 300w\" sizes=\"auto, (max-width: 630px) 100vw, 630px\" \/><\/p>\n<p>Junto al Secretario de Salud Municipal\u00a0Pablo Cessiani, el Jefe Comunal estuvo presente en Chivilcoy al igual que otros intendentes de la zona sanitaria X. En ese \u00e1mbito, la Ministra anunci\u00f3 el\u00a0avance en la constituci\u00f3n del servicio \u201cSAME\u201d en las localidades que no integran el conurbano. Entre ellas Bragado, 25 de Mayo, Roque P\u00e9rez, Lobos, Suipacha y Chivilcor.<\/p>\n<p>Luego del encuentro,\u00a0Ustarroz destac\u00f3 el \u00abvalioso\u00bb encuentros donde se plantearon\u00a0\u00a0distintas problem\u00e1ticas, realidades, propuestas y visiones de la realidad de cada una de nuestras ciudades.<\/p>\n<p>&nbsp;<\/p>\n<p>Cabe recordar que el SAME\u00a0\u201ces un Servicio de Atenci\u00f3n M\u00e9dica de Emergencias que funciona en 20 municipios bonaerenses. Brinda atenci\u00f3n primaria en la v\u00eda p\u00fablica y garantiza que los pacientes reciban atenci\u00f3n de calidad a tiempo en casos de incidentes viales, situaciones de violencia o accidentes con m\u00faltiples v\u00edctimas.<\/p>\n<p>&nbsp;<\/p>\n<p>Fuente: Prensa Municipal<\/p>\n<p>&nbsp;<\/p>\n","protected":false},"excerpt":{"rendered":"<p>En los \u00faltimos d\u00edas, el Intendente Municipal Juan Ignacio Ustarroz particip\u00f3 de un encuentro sanitario con la Ministra de Salud &#8230; <a title=\"Reuni\u00f3n en Provincia para traer el SAME a Mercedes\" class=\"read-more\" href=\"https:\/\/www.hoymercedes.com.ar\/principal\/2017\/04\/22\/reunion-en-provincia-para-traer-el-same-a-mercedes\/\" aria-label=\"Leer m\u00e1s sobre Reuni\u00f3n en Provincia para traer el SAME a Mercedes\">Leer m\u00e1s<\/a><\/p>\n","protected":false},"author":1,"featured_media":61941,"comment_status":"closed","ping_status":"open","sticky":false,"template":"","format":"standard","meta":{"_monsterinsights_skip_tracking":false,"_monsterinsights_sitenote_active":false,"_monsterinsights_sitenote_note":"","_monsterinsights_sitenote_category":0,"jetpack_post_was_ever_published":false,"_jetpack_newsletter_access":"","_jetpack_dont_email_post_to_subs":false,"_jetpack_newsletter_tier_id":0,"_jetpack_memberships_contains_paywalled_content":false,"_jetpack_memberships_contains_paid_content":false,"footnotes":"","jetpack_publicize_message":"","jetpack_publicize_feature_enabled":true,"jetpack_social_post_already_shared":true,"jetpack_social_options":{"image_generator_settings":{"template":"highway","default_image_id":0,"font":"","enabled":false},"version":2},"_wpas_customize_per_network":false},"categories":[30,9791],"tags":[8599,244,1803,10956,134,10955,10957,9936],"class_list":["post-61936","post","type-post","status-publish","format-standard","has-post-thumbnail","hentry","category-municipio","category-salud","tag-juan-ignacio-ustarroz","tag-municipio-2","tag-provincia","tag-region-x","tag-salud","tag-same","tag-zona-sanitaria-x","tag-zulma-ortiz","generate-columns","tablet-grid-50","mobile-grid-100","grid-parent","grid-50"],"jetpack_publicize_connections":[],"jetpack_featured_media_url":"https:\/\/www.hoymercedes.com.ar\/principal\/wp-content\/uploads\/2017\/04\/23-Ustarroz-Ortiz.jpg","wps_subtitle":"Encuentro con la Ministra de Salud","jetpack_sharing_enabled":true,"_links":{"self":[{"href":"https:\/\/www.hoymercedes.com.ar\/principal\/wp-json\/wp\/v2\/posts\/61936","targetHints":{"allow":["GET"]}}],"collection":[{"href":"https:\/\/www.hoymercedes.com.ar\/principal\/wp-json\/wp\/v2\/posts"}],"about":[{"href":"https:\/\/www.hoymercedes.com.ar\/principal\/wp-json\/wp\/v2\/types\/post"}],"author":[{"embeddable":true,"href":"https:\/\/www.hoymercedes.com.ar\/principal\/wp-json\/wp\/v2\/users\/1"}],"replies":[{"embeddable":true,"href":"https:\/\/www.hoymercedes.com.ar\/principal\/wp-json\/wp\/v2\/comments?post=61936"}],"version-history":[{"count":0,"href":"https:\/\/www.hoymercedes.com.ar\/principal\/wp-json\/wp\/v2\/posts\/61936\/revisions"}],"wp:featuredmedia":[{"embeddable":true,"href":"https:\/\/www.hoymercedes.com.ar\/principal\/wp-json\/wp\/v2\/media\/61941"}],"wp:attachment":[{"href":"https:\/\/www.hoymercedes.com.ar\/principal\/wp-json\/wp\/v2\/media?parent=61936"}],"wp:term":[{"taxonomy":"category","embeddable":true,"href":"https:\/\/www.hoymercedes.com.ar\/principal\/wp-json\/wp\/v2\/categories?post=61936"},{"taxonomy":"post_tag","embeddable":true,"href":"https:\/\/www.hoymercedes.com.ar\/principal\/wp-json\/wp\/v2\/tags?post=61936"}],"curies":[{"name":"wp","href":"https:\/\/api.w.org\/{rel}","templated":true}]}}