{"id":61961,"date":"2017-04-23T15:03:17","date_gmt":"2017-04-23T18:03:17","guid":{"rendered":"http:\/\/www.hoymercedes.com.ar\/principal\/?p=61961"},"modified":"2017-04-23T18:18:27","modified_gmt":"2017-04-23T21:18:27","slug":"rock-y-letras-de-la-voz-de-los-musicos-y-compositores-mercedinos","status":"publish","type":"post","link":"https:\/\/www.hoymercedes.com.ar\/principal\/2017\/04\/23\/rock-y-letras-de-la-voz-de-los-musicos-y-compositores-mercedinos\/","title":{"rendered":"Rock y letras de la voz de los m\u00fasicos y compositores mercedinos"},"content":{"rendered":"<p>Por TeCleArte &#8211; En la noche de este s\u00e1bado, el rock se dio nuevamente cita en el Museo de Arte \u00abMunicipalidad de Mercedes\u00bb para dar cuenta de su relaci\u00f3n con la literatura y las letras de las canciones, ya que lo hizo en el marco del ciclo Literal MAMMbo.<\/p>\n<p><img loading=\"lazy\" decoding=\"async\" data-attachment-id=\"61943\" data-permalink=\"https:\/\/www.hoymercedes.com.ar\/principal\/2017\/04\/22\/reunion-en-provincia-para-traer-el-same-a-mercedes\/23-literal-mammbo-2\/#main\" data-orig-file=\"https:\/\/www.hoymercedes.com.ar\/principal\/wp-content\/uploads\/2017\/04\/23-literal-MAMMBO-2.jpg\" data-orig-size=\"630,420\" data-comments-opened=\"0\" data-image-meta=\"{&quot;aperture&quot;:&quot;3.5&quot;,&quot;credit&quot;:&quot;&quot;,&quot;camera&quot;:&quot;NIKON D3100&quot;,&quot;caption&quot;:&quot;&quot;,&quot;created_timestamp&quot;:&quot;1492891167&quot;,&quot;copyright&quot;:&quot;&quot;,&quot;focal_length&quot;:&quot;18&quot;,&quot;iso&quot;:&quot;2500&quot;,&quot;shutter_speed&quot;:&quot;0.016666666666667&quot;,&quot;title&quot;:&quot;&quot;,&quot;orientation&quot;:&quot;1&quot;}\" data-image-title=\"23 literal MAMMBO 2\" data-image-description=\"\" data-image-caption=\"\" data-large-file=\"https:\/\/www.hoymercedes.com.ar\/principal\/wp-content\/uploads\/2017\/04\/23-literal-MAMMBO-2.jpg\" class=\"aligncenter size-medium wp-image-61943\" src=\"https:\/\/www.hoymercedes.com.ar\/principal\/wp-content\/uploads\/2017\/04\/23-literal-MAMMBO-2-630x420.jpg\" alt=\"\" width=\"630\" height=\"420\" srcset=\"https:\/\/www.hoymercedes.com.ar\/principal\/wp-content\/uploads\/2017\/04\/23-literal-MAMMBO-2.jpg 630w, https:\/\/www.hoymercedes.com.ar\/principal\/wp-content\/uploads\/2017\/04\/23-literal-MAMMBO-2-150x100.jpg 150w, https:\/\/www.hoymercedes.com.ar\/principal\/wp-content\/uploads\/2017\/04\/23-literal-MAMMBO-2-300x200.jpg 300w\" sizes=\"auto, (max-width: 630px) 100vw, 630px\" \/><\/p>\n<p>\u00abPinta tu Aldea\u00bb fue el t\u00edtulo de la \u00abmesa redonda\u00bb que se llev\u00f3 adelante en la sala B del MAMM. Coordinada por el periodista de rock Marcelo \u00abPeto\u00bb C\u00e1ngaro, de los m\u00fasicos y compositores mercedinos dieron cuenta de c\u00f3mo es el proceso de\u00a0composici\u00f3n de las letras de las canciones que interpretan con sus bandas.<\/p>\n<p>Delante de la instalaci\u00f3n realizada por Luciana Aguiar con letras de los compositores de Mercedes, los m\u00fasicos invitados respondieron las preguntas del periodista y se animaron a tocar en vivo solamente acompa\u00f1ados por una guitarra.<\/p>\n<p>De la \u00abmesa redonda\u00bb participaron Rober Bocacci de <em>Belladonna<\/em>, Rulo Godar de <em>Rulo Godar y La Naci\u00f3n Whipala<\/em>, Sergio Contardi de <em>ONNIX<\/em>, Cristi\u00e1n Melgar de <em>Dos Horas Antes<\/em>, Nicol\u00e1s Legarreta de <em>Las Polillas de Poliester<\/em> y Leandro Del Toro de <em>La Dama Cruel<\/em>.<\/p>\n<p><img loading=\"lazy\" decoding=\"async\" data-attachment-id=\"61937\" data-permalink=\"https:\/\/www.hoymercedes.com.ar\/principal\/2017\/04\/22\/reunion-en-provincia-para-traer-el-same-a-mercedes\/23-literal-mammbo-1\/#main\" data-orig-file=\"https:\/\/www.hoymercedes.com.ar\/principal\/wp-content\/uploads\/2017\/04\/23-literal-MAMMBO-1.jpg\" data-orig-size=\"630,420\" data-comments-opened=\"0\" data-image-meta=\"{&quot;aperture&quot;:&quot;3.5&quot;,&quot;credit&quot;:&quot;&quot;,&quot;camera&quot;:&quot;NIKON D3100&quot;,&quot;caption&quot;:&quot;&quot;,&quot;created_timestamp&quot;:&quot;1492889259&quot;,&quot;copyright&quot;:&quot;&quot;,&quot;focal_length&quot;:&quot;19&quot;,&quot;iso&quot;:&quot;800&quot;,&quot;shutter_speed&quot;:&quot;0.016666666666667&quot;,&quot;title&quot;:&quot;&quot;,&quot;orientation&quot;:&quot;1&quot;}\" data-image-title=\"23 literal MAMMBO 1\" data-image-description=\"\" data-image-caption=\"\" data-large-file=\"https:\/\/www.hoymercedes.com.ar\/principal\/wp-content\/uploads\/2017\/04\/23-literal-MAMMBO-1.jpg\" class=\"aligncenter size-medium wp-image-61937\" src=\"https:\/\/www.hoymercedes.com.ar\/principal\/wp-content\/uploads\/2017\/04\/23-literal-MAMMBO-1-630x420.jpg\" alt=\"\" width=\"630\" height=\"420\" srcset=\"https:\/\/www.hoymercedes.com.ar\/principal\/wp-content\/uploads\/2017\/04\/23-literal-MAMMBO-1.jpg 630w, https:\/\/www.hoymercedes.com.ar\/principal\/wp-content\/uploads\/2017\/04\/23-literal-MAMMBO-1-150x100.jpg 150w, https:\/\/www.hoymercedes.com.ar\/principal\/wp-content\/uploads\/2017\/04\/23-literal-MAMMBO-1-300x200.jpg 300w\" sizes=\"auto, (max-width: 630px) 100vw, 630px\" \/><\/p>\n","protected":false},"excerpt":{"rendered":"<p>Por TeCleArte &#8211; En la noche de este s\u00e1bado, el rock se dio nuevamente cita en el Museo de Arte &#8230; <a title=\"Rock y letras de la voz de los m\u00fasicos y compositores mercedinos\" class=\"read-more\" href=\"https:\/\/www.hoymercedes.com.ar\/principal\/2017\/04\/23\/rock-y-letras-de-la-voz-de-los-musicos-y-compositores-mercedinos\/\" aria-label=\"Leer m\u00e1s sobre Rock y letras de la voz de los m\u00fasicos y compositores mercedinos\">Leer m\u00e1s<\/a><\/p>\n","protected":false},"author":1,"featured_media":61943,"comment_status":"closed","ping_status":"open","sticky":false,"template":"","format":"standard","meta":{"_monsterinsights_skip_tracking":false,"_monsterinsights_sitenote_active":false,"_monsterinsights_sitenote_note":"","_monsterinsights_sitenote_category":0,"jetpack_post_was_ever_published":false,"_jetpack_newsletter_access":"","_jetpack_dont_email_post_to_subs":true,"_jetpack_newsletter_tier_id":0,"_jetpack_memberships_contains_paywalled_content":false,"_jetpack_memberships_contains_paid_content":false,"footnotes":"","jetpack_publicize_message":"","jetpack_publicize_feature_enabled":true,"jetpack_social_post_already_shared":true,"jetpack_social_options":{"image_generator_settings":{"template":"highway","default_image_id":0,"font":"","enabled":false},"version":2},"_wpas_customize_per_network":false},"categories":[104],"tags":[10960,7805,10959,10921,10,265],"class_list":["post-61961","post","type-post","status-publish","format-standard","has-post-thumbnail","hentry","category-cultura","tag-bandas","tag-cultura","tag-letras","tag-literal-mammbo","tag-mercedes","tag-rock","generate-columns","tablet-grid-50","mobile-grid-100","grid-parent","grid-50"],"jetpack_publicize_connections":[],"jetpack_featured_media_url":"https:\/\/www.hoymercedes.com.ar\/principal\/wp-content\/uploads\/2017\/04\/23-literal-MAMMBO-2.jpg","wps_subtitle":"Actividad en el MAMM","jetpack_sharing_enabled":true,"_links":{"self":[{"href":"https:\/\/www.hoymercedes.com.ar\/principal\/wp-json\/wp\/v2\/posts\/61961","targetHints":{"allow":["GET"]}}],"collection":[{"href":"https:\/\/www.hoymercedes.com.ar\/principal\/wp-json\/wp\/v2\/posts"}],"about":[{"href":"https:\/\/www.hoymercedes.com.ar\/principal\/wp-json\/wp\/v2\/types\/post"}],"author":[{"embeddable":true,"href":"https:\/\/www.hoymercedes.com.ar\/principal\/wp-json\/wp\/v2\/users\/1"}],"replies":[{"embeddable":true,"href":"https:\/\/www.hoymercedes.com.ar\/principal\/wp-json\/wp\/v2\/comments?post=61961"}],"version-history":[{"count":0,"href":"https:\/\/www.hoymercedes.com.ar\/principal\/wp-json\/wp\/v2\/posts\/61961\/revisions"}],"wp:featuredmedia":[{"embeddable":true,"href":"https:\/\/www.hoymercedes.com.ar\/principal\/wp-json\/wp\/v2\/media\/61943"}],"wp:attachment":[{"href":"https:\/\/www.hoymercedes.com.ar\/principal\/wp-json\/wp\/v2\/media?parent=61961"}],"wp:term":[{"taxonomy":"category","embeddable":true,"href":"https:\/\/www.hoymercedes.com.ar\/principal\/wp-json\/wp\/v2\/categories?post=61961"},{"taxonomy":"post_tag","embeddable":true,"href":"https:\/\/www.hoymercedes.com.ar\/principal\/wp-json\/wp\/v2\/tags?post=61961"}],"curies":[{"name":"wp","href":"https:\/\/api.w.org\/{rel}","templated":true}]}}