{"id":61963,"date":"2017-04-23T08:48:24","date_gmt":"2017-04-23T11:48:24","guid":{"rendered":"http:\/\/www.hoymercedes.com.ar\/principal\/?p=61963"},"modified":"2017-04-23T12:55:01","modified_gmt":"2017-04-23T15:55:01","slug":"victorias-de-quilmes-en-u13-y-u17-ante-los-millonarios","status":"publish","type":"post","link":"https:\/\/www.hoymercedes.com.ar\/principal\/2017\/04\/23\/victorias-de-quilmes-en-u13-y-u17-ante-los-millonarios\/","title":{"rendered":"Victorias de Quilmes en U13 y U17 ante Los Millonarios"},"content":{"rendered":"<p><strong><em>Quilmes recuper\u00f3 la tercera\u00a0fecha del campeonato de la Asociaci\u00f3n de Basquet de Chivilcoy en sus categor\u00edas formativas, suspendida oportunamente por cuestiones clim\u00e1ticas,\u00a0 recibiendo a Los Millonarios de Bragado. Hubo dos aplastantes victorias en U 19 y \u00a0U13 y derrota ajustada en U15 y m\u00e1s holgada en Mini. La s\u00edntesis de los partidos es la siguiente:\u00a0\u00a0\u00a0\u00a0\u00a0\u00a0<\/em><\/strong><\/p>\n<p><img loading=\"lazy\" decoding=\"async\" data-attachment-id=\"61964\" data-permalink=\"https:\/\/www.hoymercedes.com.ar\/principal\/2017\/04\/23\/victorias-de-quilmes-en-u13-y-u17-ante-los-millonarios\/quilmes-mini2017\/#main\" data-orig-file=\"https:\/\/www.hoymercedes.com.ar\/principal\/wp-content\/uploads\/2017\/04\/Quilmes-Mini2017.jpg\" data-orig-size=\"960,720\" data-comments-opened=\"0\" data-image-meta=\"{&quot;aperture&quot;:&quot;0&quot;,&quot;credit&quot;:&quot;&quot;,&quot;camera&quot;:&quot;&quot;,&quot;caption&quot;:&quot;&quot;,&quot;created_timestamp&quot;:&quot;0&quot;,&quot;copyright&quot;:&quot;&quot;,&quot;focal_length&quot;:&quot;0&quot;,&quot;iso&quot;:&quot;0&quot;,&quot;shutter_speed&quot;:&quot;0&quot;,&quot;title&quot;:&quot;&quot;,&quot;orientation&quot;:&quot;0&quot;}\" data-image-title=\"Quilmes Mini2017\" data-image-description=\"\" data-image-caption=\"\" data-large-file=\"https:\/\/www.hoymercedes.com.ar\/principal\/wp-content\/uploads\/2017\/04\/Quilmes-Mini2017.jpg\" class=\"aligncenter size-medium wp-image-61964\" src=\"https:\/\/www.hoymercedes.com.ar\/principal\/wp-content\/uploads\/2017\/04\/Quilmes-Mini2017-630x473.jpg\" alt=\"\" width=\"630\" height=\"473\" srcset=\"https:\/\/www.hoymercedes.com.ar\/principal\/wp-content\/uploads\/2017\/04\/Quilmes-Mini2017-630x473.jpg 630w, https:\/\/www.hoymercedes.com.ar\/principal\/wp-content\/uploads\/2017\/04\/Quilmes-Mini2017-150x113.jpg 150w, https:\/\/www.hoymercedes.com.ar\/principal\/wp-content\/uploads\/2017\/04\/Quilmes-Mini2017.jpg 960w\" sizes=\"auto, (max-width: 630px) 100vw, 630px\" \/><\/p>\n<p>&nbsp;<\/p>\n<p><strong>MINI:<\/strong><\/p>\n<p>QUILMES (M) 54:\u00a0Bourdieu 17,\u00a0 J. Cabanas 11, T. Bongiorno 10, J.P. Fernandez 6, Cend\u00e1n 3, M. Brilado 2, Almir\u00f3n 2, Ayesa 2, Ponce 1,\u00a0 Acu\u00f1a ,\u00a0 Gal\u00e1n,\u00a0 Bocca, Basualdo, Milesi, Avelar, Bondanza, Pedraza. DT: G. Retegui<\/p>\n<p>LOS MILLONARIOS (B) 71:\u00a0F. Garc\u00eda 14, Silva 14, D. Palacios 12, Farina 8, Catuzzi 7, Lugones 6, Hern\u00e1ndez 4, Figueroa 4, Barreiro 2, G. Garc\u00eda, Marquez, Fracise. DT: M Solana.<\/p>\n<p>&nbsp;<\/p>\n<p><strong>U13:<\/strong><\/p>\n<p>QUILMES (M) 74:\u00a0Bernardo 22, T. Bongiorno 12, Quinteros 7, T. Boragno 6, Bourdieu 6, J. Cabanas 5,\u00a0 Fanucchi 5, J.F. Torres 4, Coronel 4, \u00a0Fabro 3, Gigliotto, Cend\u00e1n. DT: G. Retegui<\/p>\n<p>LOS MILLONARIOS (B)\u00a0 42:\u00a0D. Palacios 11, Silva 10, F. Garc\u00eda 7,\u00a0 Lugones 6, Hernandez 6, Farina 2, Cano (Mujer), Mu\u00f1oz, M. D\u00edaz, Catuzzi. DT: A. Cortez<\/p>\n<p>&nbsp;<\/p>\n<p><strong>U15:<\/strong><\/p>\n<p>QUILMES (M) 65:\u00a0B. Brilado 19, Beyer 18, F. Contardi 12, Carcagno 5, Graziadei 4, Cabana 3,\u00a0 \u00a0Tassara 2,\u00a0 Festugatto 2, Aveiro, Lencioni, Indurain, T. Ram\u00edrez. DT: G. Retegui<\/p>\n<p>LOS MILLONARIOS (B) 72: Zapacosta 22, Ca\u00f1\u00f3n 19, M. Garc\u00eda 14, Pardo 8, Aliano 4, Simionatto 4,\u00a0Mu\u00f1oz 1, T. Zapacosta,\u00a0\u00a0 Ur\u00eda, Cecatto, L. Rodr\u00edguez. DT: A. Cortez<\/p>\n<p>&nbsp;<\/p>\n<p><strong>U17:<\/strong><\/p>\n<p>QUILMES (M) 97:\u00a0T. Vallejos 26, Zunino Sampablo 14, Cosentino 13, Sanchez 8, Bal 8, Taramasco 8, \u00a0Lam\u00f3nica 8, Graziadei 4, G. Valdez 4, Loch 2, F. Contardi 2, Carcagno. DT: J. L.\u00a0 Giallorenzo<\/p>\n<p>&nbsp;<\/p>\n<p>LOS MILLONARIOS (B) 52:\u00a0Narvaiz 21, F. Ladaga 9, I. Zapacosta 7, Crivelli 6, Pardo 4, Juanico 2, Ca\u00f1\u00f3n 2, Simionatto 1, E. Ladaga, Ur\u00eda, M. Garc\u00eda, \u00a0Legnani. DT: A. Cortez<\/p>\n<p>&nbsp;<\/p>\n<p><strong>JUECES:<\/strong> Mainebret &#8211; Piacentini<\/p>\n<p>&nbsp;<\/p>\n<p><strong>PR\u00d3XIMA FECHA:<\/strong> 4\u00ba: Quilmes visita a\u00a0 Sportivo\u00a0 25 de Mayo el d\u00eda s\u00e1bado 29 de abril<\/p>\n<p>&nbsp;<\/p>\n<p><strong>PRIMERA \u2013 U 19.\u00a0<\/strong>No hubo actividad en Primera para Quilmes, quedando libre en esta fecha (3\u00ba), y tampoco en\u00a0 U19 dado que se suspendi\u00f3 partido vs. Argentino (Ch), quedando para este Martes 25 de Abril de visitante.<\/p>\n","protected":false},"excerpt":{"rendered":"<p>Quilmes recuper\u00f3 la tercera\u00a0fecha del campeonato de la Asociaci\u00f3n de Basquet de Chivilcoy en sus categor\u00edas formativas, suspendida oportunamente por &#8230; <a title=\"Victorias de Quilmes en U13 y U17 ante Los Millonarios\" class=\"read-more\" href=\"https:\/\/www.hoymercedes.com.ar\/principal\/2017\/04\/23\/victorias-de-quilmes-en-u13-y-u17-ante-los-millonarios\/\" aria-label=\"Leer m\u00e1s sobre Victorias de Quilmes en U13 y U17 ante Los Millonarios\">Leer m\u00e1s<\/a><\/p>\n","protected":false},"author":1,"featured_media":61964,"comment_status":"closed","ping_status":"open","sticky":false,"template":"","format":"standard","meta":{"_monsterinsights_skip_tracking":false,"_monsterinsights_sitenote_active":false,"_monsterinsights_sitenote_note":"","_monsterinsights_sitenote_category":0,"jetpack_post_was_ever_published":false,"_jetpack_newsletter_access":"","_jetpack_dont_email_post_to_subs":true,"_jetpack_newsletter_tier_id":0,"_jetpack_memberships_contains_paywalled_content":false,"_jetpack_memberships_contains_paid_content":false,"footnotes":"","jetpack_publicize_message":"","jetpack_publicize_feature_enabled":true,"jetpack_social_post_already_shared":true,"jetpack_social_options":{"image_generator_settings":{"template":"highway","default_image_id":0,"font":"","enabled":false},"version":2},"_wpas_customize_per_network":false},"categories":[21],"tags":[1058,204,1413,9579,9387],"class_list":["post-61963","post","type-post","status-publish","format-standard","has-post-thumbnail","hentry","category-deportes","tag-basquet","tag-deportes-2","tag-quilmes","tag-u13","tag-u17","generate-columns","tablet-grid-50","mobile-grid-100","grid-parent","grid-50"],"jetpack_publicize_connections":[],"jetpack_featured_media_url":"https:\/\/www.hoymercedes.com.ar\/principal\/wp-content\/uploads\/2017\/04\/Quilmes-Mini2017.jpg","wps_subtitle":"Basquet","jetpack_sharing_enabled":true,"_links":{"self":[{"href":"https:\/\/www.hoymercedes.com.ar\/principal\/wp-json\/wp\/v2\/posts\/61963","targetHints":{"allow":["GET"]}}],"collection":[{"href":"https:\/\/www.hoymercedes.com.ar\/principal\/wp-json\/wp\/v2\/posts"}],"about":[{"href":"https:\/\/www.hoymercedes.com.ar\/principal\/wp-json\/wp\/v2\/types\/post"}],"author":[{"embeddable":true,"href":"https:\/\/www.hoymercedes.com.ar\/principal\/wp-json\/wp\/v2\/users\/1"}],"replies":[{"embeddable":true,"href":"https:\/\/www.hoymercedes.com.ar\/principal\/wp-json\/wp\/v2\/comments?post=61963"}],"version-history":[{"count":0,"href":"https:\/\/www.hoymercedes.com.ar\/principal\/wp-json\/wp\/v2\/posts\/61963\/revisions"}],"wp:featuredmedia":[{"embeddable":true,"href":"https:\/\/www.hoymercedes.com.ar\/principal\/wp-json\/wp\/v2\/media\/61964"}],"wp:attachment":[{"href":"https:\/\/www.hoymercedes.com.ar\/principal\/wp-json\/wp\/v2\/media?parent=61963"}],"wp:term":[{"taxonomy":"category","embeddable":true,"href":"https:\/\/www.hoymercedes.com.ar\/principal\/wp-json\/wp\/v2\/categories?post=61963"},{"taxonomy":"post_tag","embeddable":true,"href":"https:\/\/www.hoymercedes.com.ar\/principal\/wp-json\/wp\/v2\/tags?post=61963"}],"curies":[{"name":"wp","href":"https:\/\/api.w.org\/{rel}","templated":true}]}}