{"id":6199,"date":"2011-08-10T21:52:38","date_gmt":"2011-08-10T21:52:38","guid":{"rendered":"http:\/\/www.hoymercedes.com.ar\/principal\/?p=6199"},"modified":"2011-08-10T21:52:38","modified_gmt":"2011-08-10T21:52:38","slug":"andrea-del-boca-recorrio-las-calles-junto-a-juan-ustarroz","status":"publish","type":"post","link":"https:\/\/www.hoymercedes.com.ar\/principal\/2011\/08\/10\/andrea-del-boca-recorrio-las-calles-junto-a-juan-ustarroz\/","title":{"rendered":"Andrea del Boca recorri\u00f3  las calles junto a Juan Ustarroz"},"content":{"rendered":"<p><a href=\"https:\/\/www.hoymercedes.com.ar\/principal\/wp-content\/uploads\/2011\/08\/ustarroz-delboca-III.jpg\"><img loading=\"lazy\" decoding=\"async\" data-attachment-id=\"6201\" data-permalink=\"https:\/\/www.hoymercedes.com.ar\/principal\/2011\/08\/10\/andrea-del-boca-recorrio-las-calles-junto-a-juan-ustarroz\/ustarroz-delboca-iii\/#main\" data-orig-file=\"https:\/\/www.hoymercedes.com.ar\/principal\/wp-content\/uploads\/2011\/08\/ustarroz-delboca-III.jpg\" data-orig-size=\"605,417\" data-comments-opened=\"1\" data-image-meta=\"{&quot;aperture&quot;:&quot;3.5&quot;,&quot;credit&quot;:&quot;Moreira Mario Hugo    FOTOGRAFIA&quot;,&quot;camera&quot;:&quot;NIKON D300&quot;,&quot;caption&quot;:&quot;&quot;,&quot;created_timestamp&quot;:&quot;1312977217&quot;,&quot;copyright&quot;:&quot;AW Fotografia   Moreira Mario Hugo&quot;,&quot;focal_length&quot;:&quot;18&quot;,&quot;iso&quot;:&quot;1600&quot;,&quot;shutter_speed&quot;:&quot;0.016666666666667&quot;,&quot;title&quot;:&quot;&quot;}\" data-image-title=\"ustarroz-delboca-III\" data-image-description=\"\" data-image-caption=\"\" data-large-file=\"https:\/\/www.hoymercedes.com.ar\/principal\/wp-content\/uploads\/2011\/08\/ustarroz-delboca-III.jpg\" class=\"aligncenter size-full wp-image-6201\" title=\"ustarroz-delboca-III\" src=\"https:\/\/www.hoymercedes.com.ar\/principal\/wp-content\/uploads\/2011\/08\/ustarroz-delboca-III.jpg\" alt=\"\" width=\"605\" height=\"417\" \/><\/a><\/p>\n<p>El d\u00eda mi\u00e9rcoles el candidato a intendente por el Frente Mercedino para la Victoria recibi\u00f3 las visitas de la actriz Andrea del Boca y de la diputada y candidata a senadora nacional en segundo termino Mar\u00eda Laura Leguizam\u00f3n.<\/p>\n<p>Pasadas las 10 de la ma\u00f1ana del d\u00eda mi\u00e9rcoles llegaron a la ciudad la reconocida actriz Andrea del Boca y la candidata a senadora Mar\u00eda Laura Leguizamon, ellas junto al candidato a intendente Juan Ignacio Ustarroz, el candidato a diputado nacional Wado De Pedro y el candidato a diputado provincial Alberto Cucho Espa\u00f1a ofrecieron una conferencia de prensa en una confiter\u00eda conocida de Mercedes, all\u00ed contaron el motivo de la visita y recibieron a la prensa que pudo hablar con todos ellos.<\/p>\n<p><a href=\"https:\/\/www.hoymercedes.com.ar\/principal\/wp-content\/uploads\/2011\/08\/ustarroz-delboca-II.jpg\"><img loading=\"lazy\" decoding=\"async\" data-attachment-id=\"6202\" data-permalink=\"https:\/\/www.hoymercedes.com.ar\/principal\/2011\/08\/10\/andrea-del-boca-recorrio-las-calles-junto-a-juan-ustarroz\/ustarroz-delboca-ii\/#main\" data-orig-file=\"https:\/\/www.hoymercedes.com.ar\/principal\/wp-content\/uploads\/2011\/08\/ustarroz-delboca-II.jpg\" data-orig-size=\"605,402\" data-comments-opened=\"1\" data-image-meta=\"{&quot;aperture&quot;:&quot;3.8&quot;,&quot;credit&quot;:&quot;Moreira Mario Hugo    FOTOGRAFIA&quot;,&quot;camera&quot;:&quot;NIKON D300&quot;,&quot;caption&quot;:&quot;&quot;,&quot;created_timestamp&quot;:&quot;1312979610&quot;,&quot;copyright&quot;:&quot;AW Fotografia   Moreira Mario Hugo&quot;,&quot;focal_length&quot;:&quot;26&quot;,&quot;iso&quot;:&quot;200&quot;,&quot;shutter_speed&quot;:&quot;0.004&quot;,&quot;title&quot;:&quot;&quot;}\" data-image-title=\"ustarroz-delboca-II\" data-image-description=\"\" data-image-caption=\"\" data-large-file=\"https:\/\/www.hoymercedes.com.ar\/principal\/wp-content\/uploads\/2011\/08\/ustarroz-delboca-II.jpg\" class=\"aligncenter size-full wp-image-6202\" title=\"ustarroz-delboca-II\" src=\"https:\/\/www.hoymercedes.com.ar\/principal\/wp-content\/uploads\/2011\/08\/ustarroz-delboca-II.jpg\" alt=\"\" width=\"605\" height=\"402\" srcset=\"https:\/\/www.hoymercedes.com.ar\/principal\/wp-content\/uploads\/2011\/08\/ustarroz-delboca-II.jpg 605w, https:\/\/www.hoymercedes.com.ar\/principal\/wp-content\/uploads\/2011\/08\/ustarroz-delboca-II-300x199.jpg 300w\" sizes=\"auto, (max-width: 605px) 100vw, 605px\" \/><\/a><\/p>\n<p>La actriz conto que su compromiso con la pol\u00edtica y sobre todo con el modelo de Cristina F. de Kirchner:\u201dDespu\u00e9s del 2008 cuando hubo tanta agresi\u00f3n a nuestra presidenta sent\u00ed la necesidad de participar e involucrarme como artista en la defensa de un proyecto nacional en el que creo y p\u00fablicamente salir a defender las medidas que siento que nos representan y que nos han ayudado a crecer.\u201d<\/p>\n<p>\u201cEn el 2003 N\u00e9stor nos saco de el infierno en que viv\u00edamos empezaron los cambios y la presidenta han profundizado esos cambios y como ciudadana sent\u00ed en acompa\u00f1ar a Cristina y hoy no dude en venir a darle mi apoyo a Juani que es parte de esa juventud que la presidenta reivindica y que quiere seguir transformando el pa\u00eds\u201d.<\/p>\n<p><a href=\"https:\/\/www.hoymercedes.com.ar\/principal\/wp-content\/uploads\/2011\/08\/ustarroz-delboca.jpg\"><img loading=\"lazy\" decoding=\"async\" data-attachment-id=\"6203\" data-permalink=\"https:\/\/www.hoymercedes.com.ar\/principal\/2011\/08\/10\/andrea-del-boca-recorrio-las-calles-junto-a-juan-ustarroz\/ustarroz-delboca\/#main\" data-orig-file=\"https:\/\/www.hoymercedes.com.ar\/principal\/wp-content\/uploads\/2011\/08\/ustarroz-delboca.jpg\" data-orig-size=\"605,402\" data-comments-opened=\"1\" data-image-meta=\"{&quot;aperture&quot;:&quot;4&quot;,&quot;credit&quot;:&quot;Moreira Mario Hugo    FOTOGRAFIA&quot;,&quot;camera&quot;:&quot;NIKON D300&quot;,&quot;caption&quot;:&quot;&quot;,&quot;created_timestamp&quot;:&quot;1312978167&quot;,&quot;copyright&quot;:&quot;AW Fotografia   Moreira Mario Hugo&quot;,&quot;focal_length&quot;:&quot;32&quot;,&quot;iso&quot;:&quot;200&quot;,&quot;shutter_speed&quot;:&quot;0.008&quot;,&quot;title&quot;:&quot;&quot;}\" data-image-title=\"ustarroz-delboca\" data-image-description=\"\" data-image-caption=\"\" data-large-file=\"https:\/\/www.hoymercedes.com.ar\/principal\/wp-content\/uploads\/2011\/08\/ustarroz-delboca.jpg\" class=\"aligncenter size-full wp-image-6203\" title=\"ustarroz-delboca\" src=\"https:\/\/www.hoymercedes.com.ar\/principal\/wp-content\/uploads\/2011\/08\/ustarroz-delboca.jpg\" alt=\"\" width=\"605\" height=\"402\" srcset=\"https:\/\/www.hoymercedes.com.ar\/principal\/wp-content\/uploads\/2011\/08\/ustarroz-delboca.jpg 605w, https:\/\/www.hoymercedes.com.ar\/principal\/wp-content\/uploads\/2011\/08\/ustarroz-delboca-300x199.jpg 300w\" sizes=\"auto, (max-width: 605px) 100vw, 605px\" \/><\/a><\/p>\n<p>Por su parte la diputada y candidata a senadora nacional Maria Laura Leguizam\u00f3n dijo: \u201c Hay muchas cosas por hacer todav\u00eda pero hoy sentimos que debemos acompa\u00f1ar a nuestros candidatos j\u00f3venes que representan un inicio de esta etapa de crecimiento, Mercedes tiene una oportunidad hist\u00f3rica y esta atravesando un momento hist\u00f3rico en este proceso eleccionario y hay que tomar mucha conciencia, Mercedes tiene la oportunidad de llevar un diputado nacional a un lugar estrat\u00e9gico como es Wado que es una persona de excelente formaci\u00f3n y de experiencia en la gesti\u00f3n y que esta muy cerca de la presidenta, tambi\u00e9n lo tienen a Cucho Espa\u00f1a que tiene la posibilidad de arribar a legislatura provincial con lo significa para Mercedes tener un representante directo en el lugar donde se discuten los presupuestos y las leyes que rigen los destinos de esta provincia y la posibilidad de tener a Juani con sus ganas, su juventud para lograr la transformaci\u00f3n de una ciudad y los ciudadanos quieren mas y esta muy bueno que la gente quiera mas\u201d.<\/p>\n<p>Ustarroz agradeci\u00f3 el apoyo y manifest\u00f3 que se sent\u00eda muy contento por la visita de esta representante de la cultura como lo es Andrea del Boca y adem\u00e1s por el compromiso que hab\u00eda asumido ella como tantos otros artistas en defensa del gobierno nacional.<\/p>\n<p>Luego de la conferencia de prensa brindada, se trasladaron hasta el Centro de Jubilados Renacer en calle 31 entre 24 y 26 donde la actriz y los candidatos recibieron un gran apoyo por parte de los presentes y adem\u00e1s pudieron charlar y sacarse fotos con la actriz.<\/p>\n<p>Para terminar salieron a recorrer todos juntos las calles c\u00e9ntricas donde se detuvieron en cada mesa del Frente Mercedino a charlar con la militancia y no falto la entrada de Andrea del Boca en un conocido Supermercado a comprar bebidas y sacarse fotos con los empleados y la gente que se encontraba realizando las compras.<\/p>\n<p><span style=\"color: #888888;\">Fuente: FM<\/span><\/p>\n","protected":false},"excerpt":{"rendered":"<p>El d\u00eda mi\u00e9rcoles el candidato a intendente por el Frente Mercedino para la Victoria recibi\u00f3 las visitas de la actriz &#8230; <a title=\"Andrea del Boca recorri\u00f3  las calles junto a Juan Ustarroz\" class=\"read-more\" href=\"https:\/\/www.hoymercedes.com.ar\/principal\/2011\/08\/10\/andrea-del-boca-recorrio-las-calles-junto-a-juan-ustarroz\/\" aria-label=\"Leer m\u00e1s sobre Andrea del Boca recorri\u00f3  las calles junto a Juan Ustarroz\">Leer m\u00e1s<\/a><\/p>\n","protected":false},"author":1,"featured_media":0,"comment_status":"open","ping_status":"open","sticky":false,"template":"","format":"standard","meta":{"_monsterinsights_skip_tracking":false,"_monsterinsights_sitenote_active":false,"_monsterinsights_sitenote_note":"","_monsterinsights_sitenote_category":0,"jetpack_post_was_ever_published":false,"_jetpack_newsletter_access":"","_jetpack_dont_email_post_to_subs":false,"_jetpack_newsletter_tier_id":0,"_jetpack_memberships_contains_paywalled_content":false,"_jetpack_memberships_contains_paid_content":false,"footnotes":"","jetpack_publicize_message":"","jetpack_publicize_feature_enabled":true,"jetpack_social_post_already_shared":false,"jetpack_social_options":{"image_generator_settings":{"template":"highway","default_image_id":0,"font":"","enabled":false},"version":2},"_wpas_customize_per_network":false},"categories":[5],"tags":[],"class_list":["post-6199","post","type-post","status-publish","format-standard","hentry","category-politica","generate-columns","tablet-grid-50","mobile-grid-100","grid-parent","grid-50"],"jetpack_publicize_connections":[],"jetpack_featured_media_url":"","wps_subtitle":"","jetpack_sharing_enabled":true,"_links":{"self":[{"href":"https:\/\/www.hoymercedes.com.ar\/principal\/wp-json\/wp\/v2\/posts\/6199","targetHints":{"allow":["GET"]}}],"collection":[{"href":"https:\/\/www.hoymercedes.com.ar\/principal\/wp-json\/wp\/v2\/posts"}],"about":[{"href":"https:\/\/www.hoymercedes.com.ar\/principal\/wp-json\/wp\/v2\/types\/post"}],"author":[{"embeddable":true,"href":"https:\/\/www.hoymercedes.com.ar\/principal\/wp-json\/wp\/v2\/users\/1"}],"replies":[{"embeddable":true,"href":"https:\/\/www.hoymercedes.com.ar\/principal\/wp-json\/wp\/v2\/comments?post=6199"}],"version-history":[{"count":0,"href":"https:\/\/www.hoymercedes.com.ar\/principal\/wp-json\/wp\/v2\/posts\/6199\/revisions"}],"wp:attachment":[{"href":"https:\/\/www.hoymercedes.com.ar\/principal\/wp-json\/wp\/v2\/media?parent=6199"}],"wp:term":[{"taxonomy":"category","embeddable":true,"href":"https:\/\/www.hoymercedes.com.ar\/principal\/wp-json\/wp\/v2\/categories?post=6199"},{"taxonomy":"post_tag","embeddable":true,"href":"https:\/\/www.hoymercedes.com.ar\/principal\/wp-json\/wp\/v2\/tags?post=6199"}],"curies":[{"name":"wp","href":"https:\/\/api.w.org\/{rel}","templated":true}]}}