{"id":62068,"date":"2017-04-26T09:45:00","date_gmt":"2017-04-26T12:45:00","guid":{"rendered":"http:\/\/www.hoymercedes.com.ar\/principal\/?p=62068"},"modified":"2017-04-26T12:54:42","modified_gmt":"2017-04-26T15:54:42","slug":"caidim-y-el-municipio-firman-convenio-para-trabajar-en-reciclaje","status":"publish","type":"post","link":"https:\/\/www.hoymercedes.com.ar\/principal\/2017\/04\/26\/caidim-y-el-municipio-firman-convenio-para-trabajar-en-reciclaje\/","title":{"rendered":"CAIDIM y el Municipio firman convenio para trabajar en reciclaje"},"content":{"rendered":"<p>En la ma\u00f1ana del lunes, el Jefe Comunal Juan Ignacio Ustarroz y representantes del Taller Protegido CAIDIM, encabezados por Mar\u00eda Silva, \u00a0firmaron convenio para trabajar en el reciclado y cuidado del medio ambiente. La instituci\u00f3n ser\u00e1 el nexo para desarrollar el punto ver en el galp\u00f3n de 6 y 29.<\/p>\n<p><img loading=\"lazy\" decoding=\"async\" data-attachment-id=\"62061\" data-permalink=\"https:\/\/www.hoymercedes.com.ar\/principal\/2017\/04\/25\/selva-participo-de-reunion-sobre-crisis-en-la-industria-lechera\/26-muni-caidim\/#main\" data-orig-file=\"https:\/\/www.hoymercedes.com.ar\/principal\/wp-content\/uploads\/2017\/04\/26-Muni-Caidim.jpg\" data-orig-size=\"630,420\" data-comments-opened=\"0\" data-image-meta=\"{&quot;aperture&quot;:&quot;4.5&quot;,&quot;credit&quot;:&quot;&quot;,&quot;camera&quot;:&quot;Canon EOS 60D&quot;,&quot;caption&quot;:&quot;&quot;,&quot;created_timestamp&quot;:&quot;1493032711&quot;,&quot;copyright&quot;:&quot;&quot;,&quot;focal_length&quot;:&quot;29&quot;,&quot;iso&quot;:&quot;800&quot;,&quot;shutter_speed&quot;:&quot;0.033333333333333&quot;,&quot;title&quot;:&quot;&quot;,&quot;orientation&quot;:&quot;1&quot;}\" data-image-title=\"26 Muni Caidim\" data-image-description=\"\" data-image-caption=\"\" data-large-file=\"https:\/\/www.hoymercedes.com.ar\/principal\/wp-content\/uploads\/2017\/04\/26-Muni-Caidim.jpg\" class=\"aligncenter size-medium wp-image-62061\" src=\"https:\/\/www.hoymercedes.com.ar\/principal\/wp-content\/uploads\/2017\/04\/26-Muni-Caidim-630x420.jpg\" alt=\"\" width=\"630\" height=\"420\" srcset=\"https:\/\/www.hoymercedes.com.ar\/principal\/wp-content\/uploads\/2017\/04\/26-Muni-Caidim.jpg 630w, https:\/\/www.hoymercedes.com.ar\/principal\/wp-content\/uploads\/2017\/04\/26-Muni-Caidim-150x100.jpg 150w, https:\/\/www.hoymercedes.com.ar\/principal\/wp-content\/uploads\/2017\/04\/26-Muni-Caidim-300x200.jpg 300w\" sizes=\"auto, (max-width: 630px) 100vw, 630px\" \/><\/p>\n<p>A trav\u00e9s de una conferencia de prensa, el Intendente explic\u00f3 los alcances del convenio con CAIDIM.\u00a0\u201cEstamos realizando convenios con las escuelas de nuestra ciudad donde se construye el camino para que las instituciones educativas se vayan transformando en puntos verdes recibiendo materiales como pl\u00e1stico, cart\u00f3n o diario y obteniendo un resultado econ\u00f3mico a beneficio de la instituci\u00f3n educativa\u201d, expres\u00f3.<\/p>\n<p>\u201cEn cuanto a CAIDIM, ellos vienen realizando la actividad de reciclar y tenemos como un desaf\u00edo que nos hemos propuesto de comenzar con el reciclado de vidrios. Es por eso que se va a utilizar un espacio cedido por el Estado Nacional a la Municipalidad. En la esquina de la 29 y 6 vamos a poner uno de los puntos verdes y para tranquilidad de todos los vecinos, ah\u00ed no van a ir residuos s\u00f3lidos urbanos, \u00fanicamente se acopiaran vidrios, diarios y pl\u00e1sticos. Este lugar ser\u00e1 de paso, eso significa que no se acumular\u00e1 gran cantidad y ellos se encargar\u00e1n de reciclarlo\u201d agreg\u00f3\u00a0Ustarroz, junto a\u00a0Alejandra Erreca del \u00e1rea de medio ambiente de la Comuna.<\/p>\n<p>Por su parte, Mar\u00eda Silva, agradeci\u00f3 porque tendr\u00e1 m\u00e1s espacio para\u00a0acopiar los residuos que ellos reciclan y reutilizan. \u00abEste lugar en 29 y 6 lo vamos a utilizar como un centro de acopio temporal y transitorio, todo el material para reciclar lo vamos a seguir recibiendo en la calle 30 y 43 y nosotros nos vamos a ocupar de llevarlo a este nuevo espacio, no se va a recibir material en la 29 y 6. Ese espacio no se va a utilizar para reciclar residuos\u00bb, destac\u00f3.<\/p>\n<p>\u00abAdem\u00e1s a ra\u00edz de la demanda ampliamos nuestro horario de atenci\u00f3n, lo vamos a extender hasta las 20, de lunes a viernes, desde las 8 de la ma\u00f1ana y los s\u00e1bados de 8 a 13 horas para recepcionar todo lo que quiera llevar la gente. La idea es reciclar m\u00e1s y poder vender lo que reciclamos y de esa venta generar un ingreso y sacamos material que el municipio est\u00e1 pagando para llevarlo al CEAMSE\u201d, destac\u00f3 Silva.<\/p>\n<p>&nbsp;<\/p>\n<p>&nbsp;<\/p>\n<p>Fuente: Prensa Municipal<\/p>\n","protected":false},"excerpt":{"rendered":"<p>En la ma\u00f1ana del lunes, el Jefe Comunal Juan Ignacio Ustarroz y representantes del Taller Protegido CAIDIM, encabezados por Mar\u00eda &#8230; <a title=\"CAIDIM y el Municipio firman convenio para trabajar en reciclaje\" class=\"read-more\" href=\"https:\/\/www.hoymercedes.com.ar\/principal\/2017\/04\/26\/caidim-y-el-municipio-firman-convenio-para-trabajar-en-reciclaje\/\" aria-label=\"Leer m\u00e1s sobre CAIDIM y el Municipio firman convenio para trabajar en reciclaje\">Leer m\u00e1s<\/a><\/p>\n","protected":false},"author":1,"featured_media":62061,"comment_status":"closed","ping_status":"open","sticky":false,"template":"","format":"standard","meta":{"_monsterinsights_skip_tracking":false,"_monsterinsights_sitenote_active":false,"_monsterinsights_sitenote_note":"","_monsterinsights_sitenote_category":0,"jetpack_post_was_ever_published":false,"_jetpack_newsletter_access":"","_jetpack_dont_email_post_to_subs":false,"_jetpack_newsletter_tier_id":0,"_jetpack_memberships_contains_paywalled_content":false,"_jetpack_memberships_contains_paid_content":false,"footnotes":"","jetpack_publicize_message":"","jetpack_publicize_feature_enabled":true,"jetpack_social_post_already_shared":false,"jetpack_social_options":{"image_generator_settings":{"template":"highway","default_image_id":0,"font":"","enabled":false},"version":2},"_wpas_customize_per_network":false},"categories":[30],"tags":[2483,43,10,244,10875,1070],"class_list":["post-62068","post","type-post","status-publish","format-standard","has-post-thumbnail","hentry","category-municipio","tag-caidim","tag-medio-ambiente","tag-mercedes","tag-municipio-2","tag-puntos-verdes","tag-reciclado","generate-columns","tablet-grid-50","mobile-grid-100","grid-parent","grid-50"],"jetpack_publicize_connections":[],"jetpack_featured_media_url":"https:\/\/www.hoymercedes.com.ar\/principal\/wp-content\/uploads\/2017\/04\/26-Muni-Caidim.jpg","wps_subtitle":"Puntos verdes para residuos","jetpack_sharing_enabled":true,"_links":{"self":[{"href":"https:\/\/www.hoymercedes.com.ar\/principal\/wp-json\/wp\/v2\/posts\/62068","targetHints":{"allow":["GET"]}}],"collection":[{"href":"https:\/\/www.hoymercedes.com.ar\/principal\/wp-json\/wp\/v2\/posts"}],"about":[{"href":"https:\/\/www.hoymercedes.com.ar\/principal\/wp-json\/wp\/v2\/types\/post"}],"author":[{"embeddable":true,"href":"https:\/\/www.hoymercedes.com.ar\/principal\/wp-json\/wp\/v2\/users\/1"}],"replies":[{"embeddable":true,"href":"https:\/\/www.hoymercedes.com.ar\/principal\/wp-json\/wp\/v2\/comments?post=62068"}],"version-history":[{"count":0,"href":"https:\/\/www.hoymercedes.com.ar\/principal\/wp-json\/wp\/v2\/posts\/62068\/revisions"}],"wp:featuredmedia":[{"embeddable":true,"href":"https:\/\/www.hoymercedes.com.ar\/principal\/wp-json\/wp\/v2\/media\/62061"}],"wp:attachment":[{"href":"https:\/\/www.hoymercedes.com.ar\/principal\/wp-json\/wp\/v2\/media?parent=62068"}],"wp:term":[{"taxonomy":"category","embeddable":true,"href":"https:\/\/www.hoymercedes.com.ar\/principal\/wp-json\/wp\/v2\/categories?post=62068"},{"taxonomy":"post_tag","embeddable":true,"href":"https:\/\/www.hoymercedes.com.ar\/principal\/wp-json\/wp\/v2\/tags?post=62068"}],"curies":[{"name":"wp","href":"https:\/\/api.w.org\/{rel}","templated":true}]}}