{"id":62091,"date":"2017-04-27T06:20:39","date_gmt":"2017-04-27T09:20:39","guid":{"rendered":"http:\/\/www.hoymercedes.com.ar\/principal\/?p=62091"},"modified":"2017-04-26T22:04:23","modified_gmt":"2017-04-27T01:04:23","slug":"concejales-recibieron-al-vecino-que-litiga-terrenos-con-un-club","status":"publish","type":"post","link":"https:\/\/www.hoymercedes.com.ar\/principal\/2017\/04\/27\/concejales-recibieron-al-vecino-que-litiga-terrenos-con-un-club\/","title":{"rendered":"Concejales recibieron al vecino que litiga terrenos con un club"},"content":{"rendered":"<p><em><strong>Los legisladores que buscan \u201cmediar\u201d en el conflicto entre el vecino y el Club escucharon a Jorge Romans que se hizo presente con su abogada. Analizaron algunas de las alternativas. Los concejales organizar\u00edan una reuni\u00f3n con ambas partes.<\/strong><\/em><\/p>\n<p><img loading=\"lazy\" decoding=\"async\" data-attachment-id=\"62092\" data-permalink=\"https:\/\/www.hoymercedes.com.ar\/principal\/2017\/04\/27\/concejales-recibieron-al-vecino-que-litiga-terrenos-con-un-club\/26-plan-romans\/#main\" data-orig-file=\"https:\/\/www.hoymercedes.com.ar\/principal\/wp-content\/uploads\/2017\/04\/26-plan-romans.jpg\" data-orig-size=\"630,354\" data-comments-opened=\"0\" data-image-meta=\"{&quot;aperture&quot;:&quot;0&quot;,&quot;credit&quot;:&quot;&quot;,&quot;camera&quot;:&quot;&quot;,&quot;caption&quot;:&quot;&quot;,&quot;created_timestamp&quot;:&quot;0&quot;,&quot;copyright&quot;:&quot;&quot;,&quot;focal_length&quot;:&quot;0&quot;,&quot;iso&quot;:&quot;0&quot;,&quot;shutter_speed&quot;:&quot;0&quot;,&quot;title&quot;:&quot;&quot;,&quot;orientation&quot;:&quot;0&quot;}\" data-image-title=\"26 plan romans\" data-image-description=\"\" data-image-caption=\"\" data-large-file=\"https:\/\/www.hoymercedes.com.ar\/principal\/wp-content\/uploads\/2017\/04\/26-plan-romans.jpg\" class=\"aligncenter size-medium wp-image-62092\" src=\"https:\/\/www.hoymercedes.com.ar\/principal\/wp-content\/uploads\/2017\/04\/26-plan-romans-630x354.jpg\" alt=\"\" width=\"630\" height=\"354\" srcset=\"https:\/\/www.hoymercedes.com.ar\/principal\/wp-content\/uploads\/2017\/04\/26-plan-romans.jpg 630w, https:\/\/www.hoymercedes.com.ar\/principal\/wp-content\/uploads\/2017\/04\/26-plan-romans-150x84.jpg 150w\" sizes=\"auto, (max-width: 630px) 100vw, 630px\" \/><\/p>\n<p>Tal como lo hicieron el martes de la semana pasada con la comisi\u00f3n directiva del Club Uni\u00f3n, los concejales que integran la Comisi\u00f3n de Planeamiento del Concejo Deliberante recibi\u00f3 el martes pasado al vecino que est\u00e1 en litigio con el Club por unos terrenos en el barrio Santa Teresita.<\/p>\n<p>La comisi\u00f3n que preside Celesta Burone y que integran, entre otros los concejales Oscar Albini, Jos\u00e9 Cestari, Carlos Milhomme, Pety Laporta y Juan Carlos Badano, representando as\u00ed a cada uno de los bloques legislativos, hab\u00edan citado al se\u00f1or Jorge Romans para conocer su perspectiva y postura ante la dispuesta legal que lleva adelante con el Club Uni\u00f3n por unos terrenos que la instituci\u00f3n deportiva y social utiliza para la pr\u00e1ctica de futbol.<\/p>\n<p>\u201cLa Comisi\u00f3n quer\u00eda escuchar a Romans, que fue acompa\u00f1ado por la abogada Elena Spinetta. \u00c9l nos hizo un raconto de c\u00f3mo llega a esa zona y c\u00f3mo fue que adquiri\u00f3 los terrenos. Nos cont\u00f3 la historia suya y nos puso al tanto a los concejales de la comisi\u00f3n sobre cu\u00e1l era la problem\u00e1tica y c\u00f3mo \u00e9l se hab\u00eda relacionado con el Club Uni\u00f3n, as\u00ed como con la Municipalidad. Durante la gesti\u00f3n de Carlos Selva, \u00e9l tambi\u00e9n hab\u00eda tenido un acercamiento y hubo algunas alternativas\u201d, explic\u00f3 la concejala Burone.<\/p>\n<p>Por su parte, Oscar Albini cont\u00f3 que Romans present\u00f3 la documentaci\u00f3n que avala su derecho a los terrenos, \u201ccuestiones que para nosotros lo determinar\u00e1 la justicia\u201d. \u201cNosotros queremos acercar las partes para que haya alg\u00fan tipo de entendimiento m\u00e1s que nada porque es una instituci\u00f3n que recibe quinientos chicos en la pr\u00e1ctica del deporte. Entendemos que es una cuesti\u00f3n privada, pero al tener un aspecto social muy fuerte, intentamos \u2018mediar\u2019 en el caso\u201d, agreg\u00f3 el concejal.<\/p>\n<p>Al t\u00e9rmino de la reuni\u00f3n, los concejales integrantes de la comisi\u00f3n acordar llevar adelante tres acciones. Por un lado, concretar\u00e1n un nuevo encuentro con Romans, e invitar\u00e1n al Departamento Ejecutivo. En esta reuni\u00f3n plantear\u00edan las alternativas posibles para solucionar el conflicto que hoy por hoy est\u00e1 en la justicia. Por otro lado, citar\u00edan nuevamente a los representantes del Club Uni\u00f3n para contarles qu\u00e9 sucedi\u00f3 en la reuni\u00f3n del martes pasado. Finalmente, propondr\u00e1n que representantes ambas partes se encuentren con los legisladores y analizar las alternativas planteadas para \u201cllegar a un acuerdo entre todos\u201d, destac\u00f3 la presidenta de la Comisi\u00f3n de Planeamiento.<\/p>\n<p>&nbsp;<\/p>\n","protected":false},"excerpt":{"rendered":"<p>Los legisladores que buscan \u201cmediar\u201d en el conflicto entre el vecino y el Club escucharon a Jorge Romans que se &#8230; <a title=\"Concejales recibieron al vecino que litiga terrenos con un club\" class=\"read-more\" href=\"https:\/\/www.hoymercedes.com.ar\/principal\/2017\/04\/27\/concejales-recibieron-al-vecino-que-litiga-terrenos-con-un-club\/\" aria-label=\"Leer m\u00e1s sobre Concejales recibieron al vecino que litiga terrenos con un club\">Leer m\u00e1s<\/a><\/p>\n","protected":false},"author":1,"featured_media":62092,"comment_status":"closed","ping_status":"open","sticky":false,"template":"","format":"standard","meta":{"_monsterinsights_skip_tracking":false,"_monsterinsights_sitenote_active":false,"_monsterinsights_sitenote_note":"","_monsterinsights_sitenote_category":0,"jetpack_post_was_ever_published":false,"_jetpack_newsletter_access":"","_jetpack_dont_email_post_to_subs":false,"_jetpack_newsletter_tier_id":0,"_jetpack_memberships_contains_paywalled_content":false,"_jetpack_memberships_contains_paid_content":false,"footnotes":"","jetpack_publicize_message":"","jetpack_publicize_feature_enabled":true,"jetpack_social_post_already_shared":true,"jetpack_social_options":{"image_generator_settings":{"template":"highway","default_image_id":0,"font":"","enabled":false},"version":2},"_wpas_customize_per_network":false},"categories":[5],"tags":[2377,10994,9009,5319,114],"class_list":["post-62091","post","type-post","status-publish","format-standard","has-post-thumbnail","hentry","category-politica","tag-club-union","tag-jorge-romans","tag-planeamiento","tag-politica-2","tag-terrenos","generate-columns","tablet-grid-50","mobile-grid-100","grid-parent","grid-50"],"jetpack_publicize_connections":[],"jetpack_featured_media_url":"https:\/\/www.hoymercedes.com.ar\/principal\/wp-content\/uploads\/2017\/04\/26-plan-romans.jpg","wps_subtitle":"Mediaci\u00f3n entre vecinos","jetpack_sharing_enabled":true,"jetpack-related-posts":[{"id":61855,"url":"https:\/\/www.hoymercedes.com.ar\/principal\/2017\/04\/20\/concejales-buscan-ser-mediadores-en-el-conflicto-por-los-predios-que-utiliza-el-club-union\/","url_meta":{"origin":62091,"position":0},"title":"Concejales buscan ser \u201cmediadores\u201d en el conflicto por los predios que utiliza el Club Uni\u00f3n","author":"hoymercedes","date":"20 abril, 2017","format":false,"excerpt":"En el marco de las reuniones semanales que llevan adelante los concejales de Mercedes en forma de comisiones de trabajo, el martes pasado, la Comisi\u00f3n de Planeamiento mantuvo un encuentro con los responsables del Club Uni\u00f3n y su asesor letrado a partir de la presentaci\u00f3n de una petici\u00f3n particular elevada\u2026","rel":"","context":"En \u00abPol\u00edtica\u00bb","block_context":{"text":"Pol\u00edtica","link":"https:\/\/www.hoymercedes.com.ar\/principal\/category\/politica\/"},"img":{"alt_text":"","src":"https:\/\/i0.wp.com\/www.hoymercedes.com.ar\/principal\/wp-content\/uploads\/2017\/04\/20-HCD-Uni%C3%B3n.jpg?resize=350%2C200&ssl=1","width":350,"height":200,"srcset":"https:\/\/i0.wp.com\/www.hoymercedes.com.ar\/principal\/wp-content\/uploads\/2017\/04\/20-HCD-Uni%C3%B3n.jpg?resize=350%2C200&ssl=1 1x, https:\/\/i0.wp.com\/www.hoymercedes.com.ar\/principal\/wp-content\/uploads\/2017\/04\/20-HCD-Uni%C3%B3n.jpg?resize=525%2C300&ssl=1 1.5x"},"classes":[]},{"id":145700,"url":"https:\/\/www.hoymercedes.com.ar\/principal\/2022\/03\/23\/comenzaron-a-funcionar-las-comisiones-de-trabajo-del-hcd\/","url_meta":{"origin":62091,"position":1},"title":"Comenzaron a funcionar las comisiones de trabajo del HCD","author":"hoymercedes","date":"23 marzo, 2022","format":false,"excerpt":"Tras la primera sesi\u00f3n ordinaria del Concejo Deliberante, los legisladores comenzaron con las reuniones semanales de las comisiones de trabajo. Esta semana, los concejales aprovecharon para reunirse con profesionales de ingenier\u00eda y arquitectura con el fin de trabajar sobre las diferentes propuestas para los terrenos ferroviarios. En el marco de\u2026","rel":"","context":"En \u00abHCD Mercedes\u00bb","block_context":{"text":"HCD Mercedes","link":"https:\/\/www.hoymercedes.com.ar\/principal\/category\/hcd-mercedes\/"},"img":{"alt_text":"","src":"https:\/\/i0.wp.com\/www.hoymercedes.com.ar\/principal\/wp-content\/uploads\/2022\/03\/HCD-comision.jpg?resize=350%2C200&ssl=1","width":350,"height":200,"srcset":"https:\/\/i0.wp.com\/www.hoymercedes.com.ar\/principal\/wp-content\/uploads\/2022\/03\/HCD-comision.jpg?resize=350%2C200&ssl=1 1x, https:\/\/i0.wp.com\/www.hoymercedes.com.ar\/principal\/wp-content\/uploads\/2022\/03\/HCD-comision.jpg?resize=525%2C300&ssl=1 1.5x, https:\/\/i0.wp.com\/www.hoymercedes.com.ar\/principal\/wp-content\/uploads\/2022\/03\/HCD-comision.jpg?resize=700%2C400&ssl=1 2x"},"classes":[]},{"id":159562,"url":"https:\/\/www.hoymercedes.com.ar\/principal\/2023\/03\/15\/concejales-llevaron-adelante-su-primer-sesion-ordinaria-del-ano\/","url_meta":{"origin":62091,"position":2},"title":"Concejales llevaron adelante su primer sesi\u00f3n ordinaria del a\u00f1o","author":"hoymercedes","date":"15 marzo, 2023","format":false,"excerpt":"En la noche del lunes \u00faltimo, los concejales de Mercedes llevaron adelante la primera sesi\u00f3n ordinaria del 2023. En el marco de la reunion de los legisladores se acordaron las comisiones de trabajo durante el a\u00f1o. https:\/\/youtu.be\/PpDZcM5fKN0 La sesi\u00f3n inici\u00f3 oficializando el cambio en la presidencia del Bloque Frente Juntos.\u2026","rel":"","context":"En \u00abHCD Mercedes\u00bb","block_context":{"text":"HCD Mercedes","link":"https:\/\/www.hoymercedes.com.ar\/principal\/category\/hcd-mercedes\/"},"img":{"alt_text":"","src":"https:\/\/i0.wp.com\/www.hoymercedes.com.ar\/principal\/wp-content\/uploads\/2023\/03\/sesion-hcd-13032023.jpg?resize=350%2C200&ssl=1","width":350,"height":200,"srcset":"https:\/\/i0.wp.com\/www.hoymercedes.com.ar\/principal\/wp-content\/uploads\/2023\/03\/sesion-hcd-13032023.jpg?resize=350%2C200&ssl=1 1x, https:\/\/i0.wp.com\/www.hoymercedes.com.ar\/principal\/wp-content\/uploads\/2023\/03\/sesion-hcd-13032023.jpg?resize=525%2C300&ssl=1 1.5x, https:\/\/i0.wp.com\/www.hoymercedes.com.ar\/principal\/wp-content\/uploads\/2023\/03\/sesion-hcd-13032023.jpg?resize=700%2C400&ssl=1 2x"},"classes":[]},{"id":126048,"url":"https:\/\/www.hoymercedes.com.ar\/principal\/2021\/03\/10\/concejales-formaron-comisiones-de-trabajo-para-arrancar-este-miercoles\/","url_meta":{"origin":62091,"position":3},"title":"Concejales formaron comisiones de trabajo para arrancar este mi\u00e9rcoles","author":"hoymercedes","date":"10 marzo, 2021","format":false,"excerpt":"En el marco de la sesi\u00f3n ordinaria del d\u00eda martes, los concejales de Mercedes organizaron las comisiones de trabajos para tratar los diferentes temas y expedientes que surjan a lo largo del a\u00f1o. Estas comisiones comenzaron a trabajar este mi\u00e9rcoles 10. Adem\u00e1s, dispusieron que las sesiones ser\u00e1n los 2\u00b0 y\u2026","rel":"","context":"En \u00abPol\u00edtica\u00bb","block_context":{"text":"Pol\u00edtica","link":"https:\/\/www.hoymercedes.com.ar\/principal\/category\/politica\/"},"img":{"alt_text":"","src":"https:\/\/i0.wp.com\/www.hoymercedes.com.ar\/principal\/wp-content\/uploads\/2021\/03\/10-sesion-hcd.jpeg?resize=350%2C200&ssl=1","width":350,"height":200,"srcset":"https:\/\/i0.wp.com\/www.hoymercedes.com.ar\/principal\/wp-content\/uploads\/2021\/03\/10-sesion-hcd.jpeg?resize=350%2C200&ssl=1 1x, https:\/\/i0.wp.com\/www.hoymercedes.com.ar\/principal\/wp-content\/uploads\/2021\/03\/10-sesion-hcd.jpeg?resize=525%2C300&ssl=1 1.5x, https:\/\/i0.wp.com\/www.hoymercedes.com.ar\/principal\/wp-content\/uploads\/2021\/03\/10-sesion-hcd.jpeg?resize=700%2C400&ssl=1 2x"},"classes":[]},{"id":75017,"url":"https:\/\/www.hoymercedes.com.ar\/principal\/2018\/04\/25\/concejales-realizaron-comision-ampliada-ante-modificaciones-en-zonificacion\/","url_meta":{"origin":62091,"position":4},"title":"Concejales realizaron comisi\u00f3n ampliada ante modificaciones en zonificaci\u00f3n","author":"hoymercedes","date":"25 abril, 2018","format":false,"excerpt":"En el marco de la Comisi\u00f3n de Planeamiento del Concejo Deliberante, ampliada para los legisladores que no la integran, en horas del mediod\u00eda del martes, se llev\u00f3 un encuentro con integrantes de la comisi\u00f3n consultora formada para armar las modificaciones en la Ordenanza de Zonificaci\u00f3n de Mercedes. Reunidos en el\u2026","rel":"","context":"En \u00abPol\u00edtica\u00bb","block_context":{"text":"Pol\u00edtica","link":"https:\/\/www.hoymercedes.com.ar\/principal\/category\/politica\/"},"img":{"alt_text":"","src":"https:\/\/i0.wp.com\/www.hoymercedes.com.ar\/principal\/wp-content\/uploads\/2018\/04\/25-comision-planeamiento.jpg?resize=350%2C200&ssl=1","width":350,"height":200,"srcset":"https:\/\/i0.wp.com\/www.hoymercedes.com.ar\/principal\/wp-content\/uploads\/2018\/04\/25-comision-planeamiento.jpg?resize=350%2C200&ssl=1 1x, https:\/\/i0.wp.com\/www.hoymercedes.com.ar\/principal\/wp-content\/uploads\/2018\/04\/25-comision-planeamiento.jpg?resize=525%2C300&ssl=1 1.5x, https:\/\/i0.wp.com\/www.hoymercedes.com.ar\/principal\/wp-content\/uploads\/2018\/04\/25-comision-planeamiento.jpg?resize=700%2C400&ssl=1 2x"},"classes":[]},{"id":135963,"url":"https:\/\/www.hoymercedes.com.ar\/principal\/2021\/08\/25\/comision-ampliada-para-trabajar-el-proyecto-de-ciclovias-de-avenida-2\/","url_meta":{"origin":62091,"position":5},"title":"Comisi\u00f3n ampliada para trabajar el proyecto de ciclov\u00edas de Avenida 2","author":"hoymercedes","date":"25 agosto, 2021","format":false,"excerpt":"En la ma\u00f1ana de este mi\u00e9rcoles, en el recinto del Concejo Deliberante se llev\u00f3 adelante una reuni\u00f3n de comisi\u00f3n ampliada entre concejales y funcionarios del \u00e1rea de Servicios y Obras P\u00fablicos y Planeamiento. El tema a trabajar fue el expediente elevado por el Ejecutivo para hacer ciclov\u00edas, en primer t\u00e9rmino\u2026","rel":"","context":"En \u00abPol\u00edtica\u00bb","block_context":{"text":"Pol\u00edtica","link":"https:\/\/www.hoymercedes.com.ar\/principal\/category\/politica\/"},"img":{"alt_text":"","src":"https:\/\/i0.wp.com\/www.hoymercedes.com.ar\/principal\/wp-content\/uploads\/2021\/08\/IMG_20210825_112627636.jpg?resize=350%2C200&ssl=1","width":350,"height":200,"srcset":"https:\/\/i0.wp.com\/www.hoymercedes.com.ar\/principal\/wp-content\/uploads\/2021\/08\/IMG_20210825_112627636.jpg?resize=350%2C200&ssl=1 1x, https:\/\/i0.wp.com\/www.hoymercedes.com.ar\/principal\/wp-content\/uploads\/2021\/08\/IMG_20210825_112627636.jpg?resize=525%2C300&ssl=1 1.5x, https:\/\/i0.wp.com\/www.hoymercedes.com.ar\/principal\/wp-content\/uploads\/2021\/08\/IMG_20210825_112627636.jpg?resize=700%2C400&ssl=1 2x"},"classes":[]}],"_links":{"self":[{"href":"https:\/\/www.hoymercedes.com.ar\/principal\/wp-json\/wp\/v2\/posts\/62091","targetHints":{"allow":["GET"]}}],"collection":[{"href":"https:\/\/www.hoymercedes.com.ar\/principal\/wp-json\/wp\/v2\/posts"}],"about":[{"href":"https:\/\/www.hoymercedes.com.ar\/principal\/wp-json\/wp\/v2\/types\/post"}],"author":[{"embeddable":true,"href":"https:\/\/www.hoymercedes.com.ar\/principal\/wp-json\/wp\/v2\/users\/1"}],"replies":[{"embeddable":true,"href":"https:\/\/www.hoymercedes.com.ar\/principal\/wp-json\/wp\/v2\/comments?post=62091"}],"version-history":[{"count":0,"href":"https:\/\/www.hoymercedes.com.ar\/principal\/wp-json\/wp\/v2\/posts\/62091\/revisions"}],"wp:featuredmedia":[{"embeddable":true,"href":"https:\/\/www.hoymercedes.com.ar\/principal\/wp-json\/wp\/v2\/media\/62092"}],"wp:attachment":[{"href":"https:\/\/www.hoymercedes.com.ar\/principal\/wp-json\/wp\/v2\/media?parent=62091"}],"wp:term":[{"taxonomy":"category","embeddable":true,"href":"https:\/\/www.hoymercedes.com.ar\/principal\/wp-json\/wp\/v2\/categories?post=62091"},{"taxonomy":"post_tag","embeddable":true,"href":"https:\/\/www.hoymercedes.com.ar\/principal\/wp-json\/wp\/v2\/tags?post=62091"}],"curies":[{"name":"wp","href":"https:\/\/api.w.org\/{rel}","templated":true}]}}