{"id":62097,"date":"2017-04-27T09:39:03","date_gmt":"2017-04-27T12:39:03","guid":{"rendered":"http:\/\/www.hoymercedes.com.ar\/principal\/?p=62097"},"modified":"2017-04-27T09:39:03","modified_gmt":"2017-04-27T12:39:03","slug":"el-jardin-maternal-municipal-no-2-festejo-su-sexto-aniversario","status":"publish","type":"post","link":"https:\/\/www.hoymercedes.com.ar\/principal\/2017\/04\/27\/el-jardin-maternal-municipal-no-2-festejo-su-sexto-aniversario\/","title":{"rendered":"El Jard\u00edn Maternal Municipal N\u00ba 2 festej\u00f3 su sexto aniversario"},"content":{"rendered":"<p>El mi\u00e9rcoles por la ma\u00f1ana se llev\u00f3 a cabo la celebraci\u00f3n del 6\u00ba aniversario del Jard\u00edn Maternal Municipal N\u00ba 2. El Intendente Municipal Juan Ignacio Ustarroz, junto al Secretario de Gobierno Juan Pablo L\u00f3pez Baggio, estuvieron presentes en el festejo acompa\u00f1ado de los chicos, sus padres y las docentes.<\/p>\n<p><img loading=\"lazy\" decoding=\"async\" data-attachment-id=\"62098\" data-permalink=\"https:\/\/www.hoymercedes.com.ar\/principal\/2017\/04\/27\/el-jardin-maternal-municipal-no-2-festejo-su-sexto-aniversario\/27-maternal-2-1\/#main\" data-orig-file=\"https:\/\/www.hoymercedes.com.ar\/principal\/wp-content\/uploads\/2017\/04\/27-maternal-2-1.jpg\" data-orig-size=\"630,420\" data-comments-opened=\"0\" data-image-meta=\"{&quot;aperture&quot;:&quot;0&quot;,&quot;credit&quot;:&quot;&quot;,&quot;camera&quot;:&quot;&quot;,&quot;caption&quot;:&quot;&quot;,&quot;created_timestamp&quot;:&quot;0&quot;,&quot;copyright&quot;:&quot;&quot;,&quot;focal_length&quot;:&quot;0&quot;,&quot;iso&quot;:&quot;0&quot;,&quot;shutter_speed&quot;:&quot;0&quot;,&quot;title&quot;:&quot;&quot;,&quot;orientation&quot;:&quot;0&quot;}\" data-image-title=\"27 maternal 2 1\" data-image-description=\"\" data-image-caption=\"\" data-large-file=\"https:\/\/www.hoymercedes.com.ar\/principal\/wp-content\/uploads\/2017\/04\/27-maternal-2-1.jpg\" class=\"aligncenter size-medium wp-image-62098\" src=\"https:\/\/www.hoymercedes.com.ar\/principal\/wp-content\/uploads\/2017\/04\/27-maternal-2-1-630x420.jpg\" alt=\"\" width=\"630\" height=\"420\" srcset=\"https:\/\/www.hoymercedes.com.ar\/principal\/wp-content\/uploads\/2017\/04\/27-maternal-2-1.jpg 630w, https:\/\/www.hoymercedes.com.ar\/principal\/wp-content\/uploads\/2017\/04\/27-maternal-2-1-150x100.jpg 150w, https:\/\/www.hoymercedes.com.ar\/principal\/wp-content\/uploads\/2017\/04\/27-maternal-2-1-300x200.jpg 300w\" sizes=\"auto, (max-width: 630px) 100vw, 630px\" \/><\/p>\n<p>\u201cHoy es un nuevo aniversario de nuestro querido Jard\u00edn Maternal Municipal N\u00ba 2, y como es costumbre uno suele hacer un balance de todo lo vivido y lo acontecido en este corto pero muy intenso tramo de vida y si de eso se trata son miles las vivencias compartidas en todo este tiempo que seguramente guardaremos dentro de lo que actualmente o quiz\u00e1s alguna vez formamos parte de esta querida instituci\u00f3n. Como todos sabemos el jard\u00edn es un lugar en el que todos nos reunimos d\u00eda a d\u00eda para conocer y conocerlos. Es el espacio en el que encontramos la felicidad, donde aprendemos, conocemos, compartimos re\u00edmos y lloramos. Todo lo que ocurre en el jard\u00edn deja huellas\u00a0 siendo su sentido transmitir conocimientos y valores considerados como esenciales para la formaci\u00f3n personal y social de los ni\u00f1os. Con todo esto quiero simplificar lo importante que es un a\u00f1o m\u00e1s de canto, de todo lo vivido y lo aprendido\u201d afirm\u00f3 la Directora de la Instituci\u00f3n Paula Ferrandis, luego la misma agradeci\u00f3 a todo el equipo docente por el cuidado y el amor que les brindan a los chicos.<\/p>\n<p>\u201cJunto a Juan Pablo quer\u00edamos estar presente en este nuevo cumplea\u00f1os, porque es una forma de reconocer y valorar el trabajo que todos los que trabajan en el Jard\u00edn realizan a diario, entendemos que tanto este jard\u00edn como todos los Maternales de nuestra ciudad funcionan muy bien, que cumplen un rol muy importante en nuestra sociedad, lo dec\u00eda tambi\u00e9n la Directora, es la primera experiencia que hacen los ni\u00f1os fuera de su hogar y para eso encuentran en estos espacios a personas, no solamente capacitadas sino que tienen vocaci\u00f3n de servicio. Es por eso que quer\u00edamos dejar de pasar y sumarnos por este festejo, para reconocer y felicitar a aquellos que trabajan todos los d\u00edas y van a pasar a ser tan importantes en la vida de sus hijos\u201d finaliz\u00f3 el intendente Juan Ignacio Ustarroz.<\/p>\n<p>Luego del acto protocolar los chicos le cantaron el feliz cumplea\u00f1os a la instituci\u00f3n y cortaron la torta. Adem\u00e1s cada salita estuvo encargada de una actividad, estuvieron plantando flores en el cantero del frente y del patio, pintaron en el piso del patio y los m\u00e1s chiquititos estuvieron decorando los azulejos de las paredes.<\/p>\n<p>Fuente: Prensa Municipal<\/p>\n<p><img loading=\"lazy\" decoding=\"async\" data-attachment-id=\"62099\" data-permalink=\"https:\/\/www.hoymercedes.com.ar\/principal\/2017\/04\/27\/el-jardin-maternal-municipal-no-2-festejo-su-sexto-aniversario\/27-maternal-2-2\/#main\" data-orig-file=\"https:\/\/www.hoymercedes.com.ar\/principal\/wp-content\/uploads\/2017\/04\/27-maternal-2-2.jpg\" data-orig-size=\"630,420\" data-comments-opened=\"0\" data-image-meta=\"{&quot;aperture&quot;:&quot;0&quot;,&quot;credit&quot;:&quot;&quot;,&quot;camera&quot;:&quot;&quot;,&quot;caption&quot;:&quot;&quot;,&quot;created_timestamp&quot;:&quot;0&quot;,&quot;copyright&quot;:&quot;&quot;,&quot;focal_length&quot;:&quot;0&quot;,&quot;iso&quot;:&quot;0&quot;,&quot;shutter_speed&quot;:&quot;0&quot;,&quot;title&quot;:&quot;&quot;,&quot;orientation&quot;:&quot;0&quot;}\" data-image-title=\"27 maternal 2 2\" data-image-description=\"\" data-image-caption=\"\" data-large-file=\"https:\/\/www.hoymercedes.com.ar\/principal\/wp-content\/uploads\/2017\/04\/27-maternal-2-2.jpg\" class=\"aligncenter size-medium wp-image-62099\" src=\"https:\/\/www.hoymercedes.com.ar\/principal\/wp-content\/uploads\/2017\/04\/27-maternal-2-2-630x420.jpg\" alt=\"\" width=\"630\" height=\"420\" srcset=\"https:\/\/www.hoymercedes.com.ar\/principal\/wp-content\/uploads\/2017\/04\/27-maternal-2-2.jpg 630w, https:\/\/www.hoymercedes.com.ar\/principal\/wp-content\/uploads\/2017\/04\/27-maternal-2-2-150x100.jpg 150w, https:\/\/www.hoymercedes.com.ar\/principal\/wp-content\/uploads\/2017\/04\/27-maternal-2-2-300x200.jpg 300w\" sizes=\"auto, (max-width: 630px) 100vw, 630px\" \/><\/p>\n","protected":false},"excerpt":{"rendered":"<p>El mi\u00e9rcoles por la ma\u00f1ana se llev\u00f3 a cabo la celebraci\u00f3n del 6\u00ba aniversario del Jard\u00edn Maternal Municipal N\u00ba 2. &#8230; <a title=\"El Jard\u00edn Maternal Municipal N\u00ba 2 festej\u00f3 su sexto aniversario\" class=\"read-more\" href=\"https:\/\/www.hoymercedes.com.ar\/principal\/2017\/04\/27\/el-jardin-maternal-municipal-no-2-festejo-su-sexto-aniversario\/\" aria-label=\"Leer m\u00e1s sobre El Jard\u00edn Maternal Municipal N\u00ba 2 festej\u00f3 su sexto aniversario\">Leer m\u00e1s<\/a><\/p>\n","protected":false},"author":1,"featured_media":62098,"comment_status":"closed","ping_status":"open","sticky":false,"template":"","format":"standard","meta":{"_monsterinsights_skip_tracking":false,"_monsterinsights_sitenote_active":false,"_monsterinsights_sitenote_note":"","_monsterinsights_sitenote_category":0,"jetpack_post_was_ever_published":false,"_jetpack_newsletter_access":"","_jetpack_dont_email_post_to_subs":false,"_jetpack_newsletter_tier_id":0,"_jetpack_memberships_contains_paywalled_content":false,"_jetpack_memberships_contains_paid_content":false,"footnotes":"","jetpack_publicize_message":"","jetpack_publicize_feature_enabled":true,"jetpack_social_post_already_shared":true,"jetpack_social_options":{"image_generator_settings":{"template":"highway","default_image_id":0,"font":"","enabled":false},"version":2},"_wpas_customize_per_network":false},"categories":[23,30],"tags":[8829,47,10995,244],"class_list":["post-62097","post","type-post","status-publish","format-standard","has-post-thumbnail","hentry","category-educacion","category-municipio","tag-aniversario","tag-educacion-2","tag-jardin-maternal-no-2","tag-municipio-2","generate-columns","tablet-grid-50","mobile-grid-100","grid-parent","grid-50"],"jetpack_publicize_connections":[],"jetpack_featured_media_url":"https:\/\/www.hoymercedes.com.ar\/principal\/wp-content\/uploads\/2017\/04\/27-maternal-2-1.jpg","wps_subtitle":"Mi\u00e9rcoles a la ma\u00f1ana","jetpack_sharing_enabled":true,"_links":{"self":[{"href":"https:\/\/www.hoymercedes.com.ar\/principal\/wp-json\/wp\/v2\/posts\/62097","targetHints":{"allow":["GET"]}}],"collection":[{"href":"https:\/\/www.hoymercedes.com.ar\/principal\/wp-json\/wp\/v2\/posts"}],"about":[{"href":"https:\/\/www.hoymercedes.com.ar\/principal\/wp-json\/wp\/v2\/types\/post"}],"author":[{"embeddable":true,"href":"https:\/\/www.hoymercedes.com.ar\/principal\/wp-json\/wp\/v2\/users\/1"}],"replies":[{"embeddable":true,"href":"https:\/\/www.hoymercedes.com.ar\/principal\/wp-json\/wp\/v2\/comments?post=62097"}],"version-history":[{"count":0,"href":"https:\/\/www.hoymercedes.com.ar\/principal\/wp-json\/wp\/v2\/posts\/62097\/revisions"}],"wp:featuredmedia":[{"embeddable":true,"href":"https:\/\/www.hoymercedes.com.ar\/principal\/wp-json\/wp\/v2\/media\/62098"}],"wp:attachment":[{"href":"https:\/\/www.hoymercedes.com.ar\/principal\/wp-json\/wp\/v2\/media?parent=62097"}],"wp:term":[{"taxonomy":"category","embeddable":true,"href":"https:\/\/www.hoymercedes.com.ar\/principal\/wp-json\/wp\/v2\/categories?post=62097"},{"taxonomy":"post_tag","embeddable":true,"href":"https:\/\/www.hoymercedes.com.ar\/principal\/wp-json\/wp\/v2\/tags?post=62097"}],"curies":[{"name":"wp","href":"https:\/\/api.w.org\/{rel}","templated":true}]}}