{"id":62130,"date":"2017-04-28T08:45:05","date_gmt":"2017-04-28T11:45:05","guid":{"rendered":"http:\/\/www.hoymercedes.com.ar\/principal\/?p=62130"},"modified":"2017-04-28T09:53:07","modified_gmt":"2017-04-28T12:53:07","slug":"nueva-mesa-interinstitucional-sobre-violencia-de-genero","status":"publish","type":"post","link":"https:\/\/www.hoymercedes.com.ar\/principal\/2017\/04\/28\/nueva-mesa-interinstitucional-sobre-violencia-de-genero\/","title":{"rendered":"Nueva mesa Interinstitucional sobre violencia de g\u00e9nero"},"content":{"rendered":"<p>En el transcurso de la semana \u00faltimo \u00a0se llev\u00f3 a cabo una nueva reuni\u00f3n de la Mesa InterInstitucional de la Mujer y tal como viene desarroll\u00e1ndose cada mes a partir del a\u00f1o pasado. \u00a0Cada mes los encuentros se producen en el SUM del Centro de D\u00eda de la Mujer que funciona en Desarrollo Social Municipal (ex Instituto Unzue).\u00a0En esta oportunidad la mesa fue coordinada por la Lic. Celeste Burone.<\/p>\n<p>De la Mesa participan distintas Instituciones locales involucradas en la cuesti\u00f3n de g\u00e9nero y, claramente en la prevenci\u00f3n de todos los tipos de violencia.\u00a0En el \u00faltimo encuentro participaron\u00a0 Instituciones como \u00a0CAVAJ, Oficina de Prevenci\u00f3n de Violencia Local, Comisaria de la Mujer, Tejiendo Puentes, Concejo Deliberante, Desarrollo Social Municipal.<\/p>\n<p>Desde la Secretar\u00eda de Control Urbano la abogada Josefina Kelly y desde Desarrollo Social Municipal a cargo de \u00a0Jorgelina Silva vienen trabajando mancomunadamente en el impulso de nuevos dispositivos y estrategias para fortalecer el trabajo preventivo y asistencial a las v\u00edctimas.<\/p>\n<p>Las Mesas son convocadas con la finalidad de fortalecer el trabajo en conjunto, el intercambio de herramientas en el abordaje, la orientaci\u00f3n en las distintas problem\u00e1ticas y, sobre todo, la articulaci\u00f3n Institucional con miras a agilizar y mejorar las pr\u00e1cticas con perspectiva de g\u00e9nero.<\/p>\n<p>La acci\u00f3n es sumamente valiosa dado que es un aporte real para el trabajo en red fundamental que requiere la actuaci\u00f3n en torno a la violencia de g\u00e9nero, un tema m\u00e1s que preocupante para los mercedinos y la sociedad en general, destac\u00f3 quien coordin\u00f3 el encuentro, la Lic. Burone.<\/p>\n<p>La pr\u00f3xima reuni\u00f3n ser\u00e1 el 18 de mayo, con presencia confirmada de representantes judiciales, a pedido de las instituciones participantes.<br \/>\nFuente: Prensa Municipal<\/p>\n","protected":false},"excerpt":{"rendered":"<p>En el transcurso de la semana \u00faltimo \u00a0se llev\u00f3 a cabo una nueva reuni\u00f3n de la Mesa InterInstitucional de la &#8230; <a title=\"Nueva mesa Interinstitucional sobre violencia de g\u00e9nero\" class=\"read-more\" href=\"https:\/\/www.hoymercedes.com.ar\/principal\/2017\/04\/28\/nueva-mesa-interinstitucional-sobre-violencia-de-genero\/\" aria-label=\"Leer m\u00e1s sobre Nueva mesa Interinstitucional sobre violencia de g\u00e9nero\">Leer m\u00e1s<\/a><\/p>\n","protected":false},"author":1,"featured_media":62132,"comment_status":"closed","ping_status":"open","sticky":false,"template":"","format":"standard","meta":{"_monsterinsights_skip_tracking":false,"_monsterinsights_sitenote_active":false,"_monsterinsights_sitenote_note":"","_monsterinsights_sitenote_category":0,"jetpack_post_was_ever_published":false,"_jetpack_newsletter_access":"","_jetpack_dont_email_post_to_subs":true,"_jetpack_newsletter_tier_id":0,"_jetpack_memberships_contains_paywalled_content":false,"_jetpack_memberships_contains_paid_content":false,"footnotes":"","jetpack_publicize_message":"","jetpack_publicize_feature_enabled":true,"jetpack_social_post_already_shared":true,"jetpack_social_options":{"image_generator_settings":{"template":"highway","default_image_id":0,"font":"","enabled":false},"version":2},"_wpas_customize_per_network":false},"categories":[30],"tags":[870,11002,244,1475],"class_list":["post-62130","post","type-post","status-publish","format-standard","has-post-thumbnail","hentry","category-municipio","tag-desarrollo-social","tag-mesa-interinstitucional","tag-municipio-2","tag-violencia-de-genero","generate-columns","tablet-grid-50","mobile-grid-100","grid-parent","grid-50"],"jetpack_publicize_connections":[],"jetpack_featured_media_url":"https:\/\/www.hoymercedes.com.ar\/principal\/wp-content\/uploads\/2017\/04\/28-celeste-burone.jpg","wps_subtitle":"La semana pasada","jetpack_sharing_enabled":true,"_links":{"self":[{"href":"https:\/\/www.hoymercedes.com.ar\/principal\/wp-json\/wp\/v2\/posts\/62130","targetHints":{"allow":["GET"]}}],"collection":[{"href":"https:\/\/www.hoymercedes.com.ar\/principal\/wp-json\/wp\/v2\/posts"}],"about":[{"href":"https:\/\/www.hoymercedes.com.ar\/principal\/wp-json\/wp\/v2\/types\/post"}],"author":[{"embeddable":true,"href":"https:\/\/www.hoymercedes.com.ar\/principal\/wp-json\/wp\/v2\/users\/1"}],"replies":[{"embeddable":true,"href":"https:\/\/www.hoymercedes.com.ar\/principal\/wp-json\/wp\/v2\/comments?post=62130"}],"version-history":[{"count":0,"href":"https:\/\/www.hoymercedes.com.ar\/principal\/wp-json\/wp\/v2\/posts\/62130\/revisions"}],"wp:featuredmedia":[{"embeddable":true,"href":"https:\/\/www.hoymercedes.com.ar\/principal\/wp-json\/wp\/v2\/media\/62132"}],"wp:attachment":[{"href":"https:\/\/www.hoymercedes.com.ar\/principal\/wp-json\/wp\/v2\/media?parent=62130"}],"wp:term":[{"taxonomy":"category","embeddable":true,"href":"https:\/\/www.hoymercedes.com.ar\/principal\/wp-json\/wp\/v2\/categories?post=62130"},{"taxonomy":"post_tag","embeddable":true,"href":"https:\/\/www.hoymercedes.com.ar\/principal\/wp-json\/wp\/v2\/tags?post=62130"}],"curies":[{"name":"wp","href":"https:\/\/api.w.org\/{rel}","templated":true}]}}