{"id":62147,"date":"2017-04-28T17:10:32","date_gmt":"2017-04-28T20:10:32","guid":{"rendered":"http:\/\/www.hoymercedes.com.ar\/principal\/?p=62147"},"modified":"2017-04-28T21:35:38","modified_gmt":"2017-04-29T00:35:38","slug":"se-lanzo-en-mercedes-el-nuevo-corolla","status":"publish","type":"post","link":"https:\/\/www.hoymercedes.com.ar\/principal\/2017\/04\/28\/se-lanzo-en-mercedes-el-nuevo-corolla\/","title":{"rendered":"Se lanz\u00f3 en Mercedes el nuevo Corolla"},"content":{"rendered":"<p><img loading=\"lazy\" decoding=\"async\" data-attachment-id=\"62148\" data-permalink=\"https:\/\/www.hoymercedes.com.ar\/principal\/2017\/04\/28\/se-lanzo-en-mercedes-el-nuevo-corolla\/toyo\/#main\" data-orig-file=\"https:\/\/www.hoymercedes.com.ar\/principal\/wp-content\/uploads\/2017\/04\/toyo.jpg\" data-orig-size=\"640,426\" data-comments-opened=\"0\" data-image-meta=\"{&quot;aperture&quot;:&quot;3.5&quot;,&quot;credit&quot;:&quot;&quot;,&quot;camera&quot;:&quot;NIKON D3100&quot;,&quot;caption&quot;:&quot;&quot;,&quot;created_timestamp&quot;:&quot;1492714309&quot;,&quot;copyright&quot;:&quot;&quot;,&quot;focal_length&quot;:&quot;20&quot;,&quot;iso&quot;:&quot;900&quot;,&quot;shutter_speed&quot;:&quot;0.016666666666667&quot;,&quot;title&quot;:&quot;&quot;,&quot;orientation&quot;:&quot;1&quot;}\" data-image-title=\"toyo\" data-image-description=\"\" data-image-caption=\"\" data-large-file=\"https:\/\/www.hoymercedes.com.ar\/principal\/wp-content\/uploads\/2017\/04\/toyo.jpg\" class=\"aligncenter size-medium wp-image-62148\" src=\"https:\/\/www.hoymercedes.com.ar\/principal\/wp-content\/uploads\/2017\/04\/toyo-630x419.jpg\" alt=\"\" width=\"630\" height=\"419\" srcset=\"https:\/\/www.hoymercedes.com.ar\/principal\/wp-content\/uploads\/2017\/04\/toyo-630x419.jpg 630w, https:\/\/www.hoymercedes.com.ar\/principal\/wp-content\/uploads\/2017\/04\/toyo-150x100.jpg 150w, https:\/\/www.hoymercedes.com.ar\/principal\/wp-content\/uploads\/2017\/04\/toyo-300x200.jpg 300w, https:\/\/www.hoymercedes.com.ar\/principal\/wp-content\/uploads\/2017\/04\/toyo.jpg 640w\" sizes=\"auto, (max-width: 630px) 100vw, 630px\" \/>El jueves 20, en la concesionaria oficial Toyota Gustavo Ricciardi SA, se llev\u00f3 a cabo la presentaci\u00f3n oficial del nuevo Corolla, como ocurri\u00f3 en los concesionarios m\u00e1s importantes del pa\u00eds.<\/p>\n<p>El nuevo Corolla cuenta con un dise\u00f1o actualizado, pero principalmente m\u00e1s tecnolog\u00eda y mayor seguridad y confort. La renovaci\u00f3n del veh\u00edculo m\u00e1s vendido a nivel mundial y el sed\u00e1n mediano m\u00e1s elegido en la Argentina desde hace 5 a\u00f1os, ahora incorpora, de serie en toda la gama, 7 airbags y control de estabilidad.<\/p>\n<p>El evento cont\u00f3 con la presencia de la coordinadora comercial de Toyota en Argentina, Mizuki Murakami, el gerente de Producto de Toyota Argentina, Juan Alvarado, el concesionario anfitri\u00f3n Gustavo Ricciardi, clientes e invitados especiales.<\/p>\n<p>El evento se desarroll\u00f3 en el sal\u00f3n de ventas, ubicado en ruta nacional N\u00b0 5 a la altura del kil\u00f3metro 97.5 y todos los que se acercaron pudieron conocer las novedades de la firma que fueron expuestas.<\/p>\n<p>Adem\u00e1s, se llev\u00f3 a cabo la presentaci\u00f3n oficial y se dieron a conocer las principales caracter\u00edsticas de la vedette del d\u00eda: el nuevo Corolla.<\/p>\n<p>Entre las caracter\u00edsticas espec\u00edficas del nuevo modelo se\u00f1alaron: \u201cen lo referente al dise\u00f1o exterior, lo que podr\u00e1n notar a primera vista, es el gran cambio en el frente del veh\u00edculo. Se estilizaron las \u00f3pticas delanteras, as\u00ed como la parrilla, y se incorpora iluminaci\u00f3n Bi-LED para las versiones XEi y SEG, d\u00e1ndole una apariencia moderna y sofisticada. Los nuevos paragolpes le otorgan mayor personalidad, transmitiendo una imagen de mayor solidez\u201d y agreg\u00f3 que \u201cse incorporan nuevas llantas de aleaci\u00f3n de 17 pulgadas para la versi\u00f3n SEG y nuevos dise\u00f1os en el resto de las versiones.<\/p>\n<p>Estos cambios, le dan al Corolla 2018 una imagen din\u00e1mica y moderna, sin perder la sofisticaci\u00f3n y distinci\u00f3n que lo caracteriza\u201d.<\/p>\n<p>\u201cSe renov\u00f3 el tablero,\u00a0 buscando transmitir una imagen de mayor calidad y sofisticaci\u00f3n, a trav\u00e9s de un dise\u00f1o simple pero avanzado,\u00a0 incorporando un nuevo y sofisticado interior negro en la versi\u00f3n SEG. Se redise\u00f1o del climatizador del veh\u00edculo, incorporando climatizador bi-zona en la versi\u00f3n SEG\u201d, indicaron.<\/p>\n<p>Durante la presentaci\u00f3n, tambi\u00e9n se refirieron al Etios 2018 que comenz\u00f3 a comercializarse a partir de 6 de abril y del Yaris que fue recientemente incorporado y que junto a Corolla y Etios conforman el line up de veh\u00edculos de pasajeros de Toyota Argentina.<\/p>\n","protected":false},"excerpt":{"rendered":"<p>El jueves 20, en la concesionaria oficial Toyota Gustavo Ricciardi SA, se llev\u00f3 a cabo la presentaci\u00f3n oficial del nuevo &#8230; <a title=\"Se lanz\u00f3 en Mercedes el nuevo Corolla\" class=\"read-more\" href=\"https:\/\/www.hoymercedes.com.ar\/principal\/2017\/04\/28\/se-lanzo-en-mercedes-el-nuevo-corolla\/\" aria-label=\"Leer m\u00e1s sobre Se lanz\u00f3 en Mercedes el nuevo Corolla\">Leer m\u00e1s<\/a><\/p>\n","protected":false},"author":1,"featured_media":62148,"comment_status":"closed","ping_status":"open","sticky":false,"template":"","format":"standard","meta":{"_monsterinsights_skip_tracking":false,"_monsterinsights_sitenote_active":false,"_monsterinsights_sitenote_note":"","_monsterinsights_sitenote_category":0,"jetpack_post_was_ever_published":false,"_jetpack_newsletter_access":"","_jetpack_dont_email_post_to_subs":true,"_jetpack_newsletter_tier_id":0,"_jetpack_memberships_contains_paywalled_content":false,"_jetpack_memberships_contains_paid_content":false,"footnotes":"","jetpack_publicize_message":"","jetpack_publicize_feature_enabled":true,"jetpack_social_post_already_shared":true,"jetpack_social_options":{"image_generator_settings":{"template":"highway","default_image_id":0,"font":"","enabled":false},"version":2},"_wpas_customize_per_network":false},"categories":[8],"tags":[11007,10246,11009,7802,11006],"class_list":["post-62147","post","type-post","status-publish","format-standard","has-post-thumbnail","hentry","category-sociedad","tag-corolla","tag-promocion","tag-ricciardi","tag-sociedad","tag-toyota","generate-columns","tablet-grid-50","mobile-grid-100","grid-parent","grid-50"],"jetpack_publicize_connections":[],"jetpack_featured_media_url":"https:\/\/www.hoymercedes.com.ar\/principal\/wp-content\/uploads\/2017\/04\/toyo.jpg","wps_subtitle":"En la concesionaria oficial de Gustavo Ricciardi","jetpack_sharing_enabled":true,"_links":{"self":[{"href":"https:\/\/www.hoymercedes.com.ar\/principal\/wp-json\/wp\/v2\/posts\/62147","targetHints":{"allow":["GET"]}}],"collection":[{"href":"https:\/\/www.hoymercedes.com.ar\/principal\/wp-json\/wp\/v2\/posts"}],"about":[{"href":"https:\/\/www.hoymercedes.com.ar\/principal\/wp-json\/wp\/v2\/types\/post"}],"author":[{"embeddable":true,"href":"https:\/\/www.hoymercedes.com.ar\/principal\/wp-json\/wp\/v2\/users\/1"}],"replies":[{"embeddable":true,"href":"https:\/\/www.hoymercedes.com.ar\/principal\/wp-json\/wp\/v2\/comments?post=62147"}],"version-history":[{"count":0,"href":"https:\/\/www.hoymercedes.com.ar\/principal\/wp-json\/wp\/v2\/posts\/62147\/revisions"}],"wp:featuredmedia":[{"embeddable":true,"href":"https:\/\/www.hoymercedes.com.ar\/principal\/wp-json\/wp\/v2\/media\/62148"}],"wp:attachment":[{"href":"https:\/\/www.hoymercedes.com.ar\/principal\/wp-json\/wp\/v2\/media?parent=62147"}],"wp:term":[{"taxonomy":"category","embeddable":true,"href":"https:\/\/www.hoymercedes.com.ar\/principal\/wp-json\/wp\/v2\/categories?post=62147"},{"taxonomy":"post_tag","embeddable":true,"href":"https:\/\/www.hoymercedes.com.ar\/principal\/wp-json\/wp\/v2\/tags?post=62147"}],"curies":[{"name":"wp","href":"https:\/\/api.w.org\/{rel}","templated":true}]}}