{"id":62176,"date":"2017-04-29T22:36:52","date_gmt":"2017-04-30T01:36:52","guid":{"rendered":"http:\/\/www.hoymercedes.com.ar\/principal\/?p=62176"},"modified":"2017-04-30T21:10:30","modified_gmt":"2017-05-01T00:10:30","slug":"interceptaron-y-actuaron-contra-cazadores-furtivos","status":"publish","type":"post","link":"https:\/\/www.hoymercedes.com.ar\/principal\/2017\/04\/29\/interceptaron-y-actuaron-contra-cazadores-furtivos\/","title":{"rendered":"Interceptaron y actuaron contra cazadores furtivos"},"content":{"rendered":"<p><img loading=\"lazy\" decoding=\"async\" data-attachment-id=\"62177\" data-permalink=\"https:\/\/www.hoymercedes.com.ar\/principal\/2017\/04\/29\/interceptaron-y-actuaron-contra-cazadores-furtivos\/cpr\/#main\" data-orig-file=\"https:\/\/www.hoymercedes.com.ar\/principal\/wp-content\/uploads\/2017\/04\/cpr.jpg\" data-orig-size=\"640,326\" data-comments-opened=\"0\" data-image-meta=\"{&quot;aperture&quot;:&quot;0&quot;,&quot;credit&quot;:&quot;&quot;,&quot;camera&quot;:&quot;&quot;,&quot;caption&quot;:&quot;&quot;,&quot;created_timestamp&quot;:&quot;0&quot;,&quot;copyright&quot;:&quot;&quot;,&quot;focal_length&quot;:&quot;0&quot;,&quot;iso&quot;:&quot;0&quot;,&quot;shutter_speed&quot;:&quot;0&quot;,&quot;title&quot;:&quot;&quot;,&quot;orientation&quot;:&quot;0&quot;}\" data-image-title=\"cpr\" data-image-description=\"\" data-image-caption=\"\" data-large-file=\"https:\/\/www.hoymercedes.com.ar\/principal\/wp-content\/uploads\/2017\/04\/cpr.jpg\" class=\"aligncenter size-medium wp-image-62177\" src=\"https:\/\/www.hoymercedes.com.ar\/principal\/wp-content\/uploads\/2017\/04\/cpr-630x321.jpg\" alt=\"\" width=\"630\" height=\"321\" srcset=\"https:\/\/www.hoymercedes.com.ar\/principal\/wp-content\/uploads\/2017\/04\/cpr-630x321.jpg 630w, https:\/\/www.hoymercedes.com.ar\/principal\/wp-content\/uploads\/2017\/04\/cpr-150x76.jpg 150w, https:\/\/www.hoymercedes.com.ar\/principal\/wp-content\/uploads\/2017\/04\/cpr-620x315.jpg 620w, https:\/\/www.hoymercedes.com.ar\/principal\/wp-content\/uploads\/2017\/04\/cpr.jpg 640w\" sizes=\"auto, (max-width: 630px) 100vw, 630px\" \/>Personal del Comando de Prevenci\u00f3n Rural en el marco de orden de servicio\u00a0 dispuesto por la Superioridad, procedi\u00f3 a interceptar y labrar las actuaciones correspondientes a tres cazadores furtivos oriundos de nuestra ciudad. Fueron encontrados cazando con el correspondiente permiso en la zona rural del Cuartel VII.<\/p>\n<p>Al momento de ser interceptados iban con seis perros galgos, y ten\u00edan en su poder una liebre tipo europea. No pose\u00edan el permiso de caza otorgado por el Ministerio de Agroindustria La Plata y se labr\u00f3 el acta correspondiente por infracci\u00f3n a la ley correspondiente. Los animales fueron entregados a sus propietarios posteriormente.<\/p>\n<p>&nbsp;<\/p>\n<p><strong>Animales sueltos<\/strong><\/p>\n<p>En tanto, tambi\u00e9n se inform\u00f3 que en circunstancia que se encontraba en recorrida de prevenci\u00f3n de delitos y faltas en general\u00a0 en zona rural, fue avisado por sistema 911 de la presencia de animales sueltos en la v\u00eda publica calle 43 y 24. De inmediato se desplaz\u00f3 un m\u00f3vil al lugar y encontraron dos equinos sueltos en la v\u00eda p\u00fablica. Se trataba de una yegua alaz\u00e1n y una picaza sin marcas ni se\u00f1ales las\u00a0 cuales superan el a\u00f1o de vida. Luego\u00a0 de averiguaciones practicadas se logra establecer los datos del propietario a quien se le labr\u00f3 el acta pertinente, se le entregaron los animales para su custodia.<\/p>\n<p>&nbsp;<\/p>\n","protected":false},"excerpt":{"rendered":"<p>Personal del Comando de Prevenci\u00f3n Rural en el marco de orden de servicio\u00a0 dispuesto por la Superioridad, procedi\u00f3 a interceptar &#8230; <a title=\"Interceptaron y actuaron contra cazadores furtivos\" class=\"read-more\" href=\"https:\/\/www.hoymercedes.com.ar\/principal\/2017\/04\/29\/interceptaron-y-actuaron-contra-cazadores-furtivos\/\" aria-label=\"Leer m\u00e1s sobre Interceptaron y actuaron contra cazadores furtivos\">Leer m\u00e1s<\/a><\/p>\n","protected":false},"author":1,"featured_media":62177,"comment_status":"closed","ping_status":"open","sticky":false,"template":"","format":"standard","meta":{"_monsterinsights_skip_tracking":false,"_monsterinsights_sitenote_active":false,"_monsterinsights_sitenote_note":"","_monsterinsights_sitenote_category":0,"jetpack_post_was_ever_published":false,"_jetpack_newsletter_access":"","_jetpack_dont_email_post_to_subs":true,"_jetpack_newsletter_tier_id":0,"_jetpack_memberships_contains_paywalled_content":false,"_jetpack_memberships_contains_paid_content":false,"footnotes":"","jetpack_publicize_message":"","jetpack_publicize_feature_enabled":true,"jetpack_social_post_already_shared":true,"jetpack_social_options":{"image_generator_settings":{"template":"highway","default_image_id":0,"font":"","enabled":false},"version":2},"_wpas_customize_per_network":false},"categories":[85],"tags":[10,11012,96],"class_list":["post-62176","post","type-post","status-publish","format-standard","has-post-thumbnail","hentry","category-policial","tag-mercedes","tag-policia-rural","tag-policial-2","generate-columns","tablet-grid-50","mobile-grid-100","grid-parent","grid-50"],"jetpack_publicize_connections":[],"jetpack_featured_media_url":"https:\/\/www.hoymercedes.com.ar\/principal\/wp-content\/uploads\/2017\/04\/cpr.jpg","wps_subtitle":"Desde el Comando de Prevenci\u00f3n Rural","jetpack_sharing_enabled":true,"_links":{"self":[{"href":"https:\/\/www.hoymercedes.com.ar\/principal\/wp-json\/wp\/v2\/posts\/62176","targetHints":{"allow":["GET"]}}],"collection":[{"href":"https:\/\/www.hoymercedes.com.ar\/principal\/wp-json\/wp\/v2\/posts"}],"about":[{"href":"https:\/\/www.hoymercedes.com.ar\/principal\/wp-json\/wp\/v2\/types\/post"}],"author":[{"embeddable":true,"href":"https:\/\/www.hoymercedes.com.ar\/principal\/wp-json\/wp\/v2\/users\/1"}],"replies":[{"embeddable":true,"href":"https:\/\/www.hoymercedes.com.ar\/principal\/wp-json\/wp\/v2\/comments?post=62176"}],"version-history":[{"count":0,"href":"https:\/\/www.hoymercedes.com.ar\/principal\/wp-json\/wp\/v2\/posts\/62176\/revisions"}],"wp:featuredmedia":[{"embeddable":true,"href":"https:\/\/www.hoymercedes.com.ar\/principal\/wp-json\/wp\/v2\/media\/62177"}],"wp:attachment":[{"href":"https:\/\/www.hoymercedes.com.ar\/principal\/wp-json\/wp\/v2\/media?parent=62176"}],"wp:term":[{"taxonomy":"category","embeddable":true,"href":"https:\/\/www.hoymercedes.com.ar\/principal\/wp-json\/wp\/v2\/categories?post=62176"},{"taxonomy":"post_tag","embeddable":true,"href":"https:\/\/www.hoymercedes.com.ar\/principal\/wp-json\/wp\/v2\/tags?post=62176"}],"curies":[{"name":"wp","href":"https:\/\/api.w.org\/{rel}","templated":true}]}}