{"id":62224,"date":"2017-05-02T07:10:25","date_gmt":"2017-05-02T10:10:25","guid":{"rendered":"http:\/\/www.hoymercedes.com.ar\/principal\/?p=62224"},"modified":"2017-05-02T12:05:51","modified_gmt":"2017-05-02T15:05:51","slug":"la-lazio-de-lucas-biglia-gano-el-clasico-ante-roma","status":"publish","type":"post","link":"https:\/\/www.hoymercedes.com.ar\/principal\/2017\/05\/02\/la-lazio-de-lucas-biglia-gano-el-clasico-ante-roma\/","title":{"rendered":"La Lazio de Lucas Biglia gan\u00f3 el cl\u00e1sico ante Roma"},"content":{"rendered":"<p><em><strong>Los de Simone Inzaghi ganaron 3 a 1 en el estadio Ol\u00edmpico. Hac\u00eda cinco a\u00f1os que no lograban ganar el cl\u00e1sico. El local qued\u00f3 pr\u00e1cticamente sin opciones de pelearle el t\u00edtulo a Juventus.<\/strong><\/em><\/p>\n<p><img loading=\"lazy\" decoding=\"async\" data-attachment-id=\"62227\" data-permalink=\"https:\/\/www.hoymercedes.com.ar\/principal\/2017\/05\/02\/la-lazio-de-lucas-biglia-gano-el-clasico-ante-roma\/lucas-biglia-2017\/#main\" data-orig-file=\"https:\/\/www.hoymercedes.com.ar\/principal\/wp-content\/uploads\/2017\/05\/lucas-biglia-2017-e1493758190507.jpg\" data-orig-size=\"630,394\" data-comments-opened=\"0\" data-image-meta=\"{&quot;aperture&quot;:&quot;0&quot;,&quot;credit&quot;:&quot;&quot;,&quot;camera&quot;:&quot;&quot;,&quot;caption&quot;:&quot;&quot;,&quot;created_timestamp&quot;:&quot;0&quot;,&quot;copyright&quot;:&quot;&quot;,&quot;focal_length&quot;:&quot;0&quot;,&quot;iso&quot;:&quot;0&quot;,&quot;shutter_speed&quot;:&quot;0&quot;,&quot;title&quot;:&quot;&quot;,&quot;orientation&quot;:&quot;0&quot;}\" data-image-title=\"lucas biglia 2017\" data-image-description=\"\" data-image-caption=\"\" data-large-file=\"https:\/\/www.hoymercedes.com.ar\/principal\/wp-content\/uploads\/2017\/05\/lucas-biglia-2017-1024x640.jpg\" class=\"aligncenter size-medium wp-image-62227\" src=\"https:\/\/www.hoymercedes.com.ar\/principal\/wp-content\/uploads\/2017\/05\/lucas-biglia-2017-630x394.jpg\" alt=\"\" width=\"630\" height=\"394\" \/><\/p>\n<div class=\"row\">\n<div class=\" col-md-offset-1 col-md-10 col-xs-12 col-print-12\">\n<p class=\"element element-paragraph\">La Roma de Luciano Spaletti\u00a0recibi\u00f3 un duro golpe en su casa, el Estadio Ol\u00edmpico, al caer 1-3 con\u00a0Lazio en el cl\u00e1sico de la ciudad.<\/p>\n<\/div>\n<\/div>\n<div class=\"row\">\n<div class=\" col-md-offset-1 col-md-10 col-xs-12 col-print-12\">\n<p class=\"element element-paragraph\">La visita se impuso con goles de Diao Keita (2) y Dusan Basta, mientras que Daniele De Rossi hab\u00eda empatado de penal de manera transitoria para <em>La Magicca, <\/em>que no pudo recortar los nueve puntos que lo separan de Juventus, el l\u00edder de la Serie A de Italia, a cuatro fechas del final del campeonato.<\/p>\n<div class=\"row\">\n<div class=\" col-md-offset-1 col-md-10 col-xs-12 col-print-12\">\n<p class=\"element element-paragraph\">La visita tuvo entre sus 11 de inicio al volante argentino Lucas Biglia y empieza a concretar el objetivo de sumar todo lo posible en las \u00faltimas fechas para intentar meterse en zona de clasificaci\u00f3n a la UEFA Champions League.<\/p>\n<\/div>\n<\/div>\n<div class=\"row\">\n<div class=\" col-md-offset-1 col-md-10 col-xs-12 col-print-12\">\n<p class=\"element element-paragraph\">Hoy\u00a0est\u00e1 en la cuarta posici\u00f3n de la tabla con 67 puntos, a cuatro\u00a0de Napoli (juega luego ante Inter), el que hasta el momento acceder\u00eda a un repechaje para ingresar al m\u00e1ximo torneo europeo de clubes.<\/p>\n<\/div>\n<\/div>\n<\/div>\n<\/div>\n","protected":false},"excerpt":{"rendered":"<p>Los de Simone Inzaghi ganaron 3 a 1 en el estadio Ol\u00edmpico. Hac\u00eda cinco a\u00f1os que no lograban ganar el &#8230; <a title=\"La Lazio de Lucas Biglia gan\u00f3 el cl\u00e1sico ante Roma\" class=\"read-more\" href=\"https:\/\/www.hoymercedes.com.ar\/principal\/2017\/05\/02\/la-lazio-de-lucas-biglia-gano-el-clasico-ante-roma\/\" aria-label=\"Leer m\u00e1s sobre La Lazio de Lucas Biglia gan\u00f3 el cl\u00e1sico ante Roma\">Leer m\u00e1s<\/a><\/p>\n","protected":false},"author":1,"featured_media":62227,"comment_status":"closed","ping_status":"open","sticky":false,"template":"","format":"standard","meta":{"_monsterinsights_skip_tracking":false,"_monsterinsights_sitenote_active":false,"_monsterinsights_sitenote_note":"","_monsterinsights_sitenote_category":0,"jetpack_post_was_ever_published":false,"_jetpack_newsletter_access":"","_jetpack_dont_email_post_to_subs":false,"_jetpack_newsletter_tier_id":0,"_jetpack_memberships_contains_paywalled_content":false,"_jetpack_memberships_contains_paid_content":false,"footnotes":"","jetpack_publicize_message":"","jetpack_publicize_feature_enabled":true,"jetpack_social_post_already_shared":false,"jetpack_social_options":{"image_generator_settings":{"template":"highway","default_image_id":0,"font":"","enabled":false},"version":2},"_wpas_customize_per_network":false},"categories":[21],"tags":[204,1003,7582,305],"class_list":["post-62224","post","type-post","status-publish","format-standard","has-post-thumbnail","hentry","category-deportes","tag-deportes-2","tag-futbol","tag-la-legion","tag-lucas-biglia","generate-columns","tablet-grid-50","mobile-grid-100","grid-parent","grid-50"],"jetpack_publicize_connections":[],"jetpack_featured_media_url":"https:\/\/www.hoymercedes.com.ar\/principal\/wp-content\/uploads\/2017\/05\/lucas-biglia-2017-e1493758190507.jpg","wps_subtitle":"La Legi\u00f3n","jetpack_sharing_enabled":true,"_links":{"self":[{"href":"https:\/\/www.hoymercedes.com.ar\/principal\/wp-json\/wp\/v2\/posts\/62224","targetHints":{"allow":["GET"]}}],"collection":[{"href":"https:\/\/www.hoymercedes.com.ar\/principal\/wp-json\/wp\/v2\/posts"}],"about":[{"href":"https:\/\/www.hoymercedes.com.ar\/principal\/wp-json\/wp\/v2\/types\/post"}],"author":[{"embeddable":true,"href":"https:\/\/www.hoymercedes.com.ar\/principal\/wp-json\/wp\/v2\/users\/1"}],"replies":[{"embeddable":true,"href":"https:\/\/www.hoymercedes.com.ar\/principal\/wp-json\/wp\/v2\/comments?post=62224"}],"version-history":[{"count":0,"href":"https:\/\/www.hoymercedes.com.ar\/principal\/wp-json\/wp\/v2\/posts\/62224\/revisions"}],"wp:featuredmedia":[{"embeddable":true,"href":"https:\/\/www.hoymercedes.com.ar\/principal\/wp-json\/wp\/v2\/media\/62227"}],"wp:attachment":[{"href":"https:\/\/www.hoymercedes.com.ar\/principal\/wp-json\/wp\/v2\/media?parent=62224"}],"wp:term":[{"taxonomy":"category","embeddable":true,"href":"https:\/\/www.hoymercedes.com.ar\/principal\/wp-json\/wp\/v2\/categories?post=62224"},{"taxonomy":"post_tag","embeddable":true,"href":"https:\/\/www.hoymercedes.com.ar\/principal\/wp-json\/wp\/v2\/tags?post=62224"}],"curies":[{"name":"wp","href":"https:\/\/api.w.org\/{rel}","templated":true}]}}