{"id":62237,"date":"2017-05-03T07:48:15","date_gmt":"2017-05-03T10:48:15","guid":{"rendered":"http:\/\/www.hoymercedes.com.ar\/principal\/?p=62237"},"modified":"2017-05-02T12:05:25","modified_gmt":"2017-05-02T15:05:25","slug":"quilmes-cayo-ante-colon-y-estudiantes-perdio-y-gano","status":"publish","type":"post","link":"https:\/\/www.hoymercedes.com.ar\/principal\/2017\/05\/03\/quilmes-cayo-ante-colon-y-estudiantes-perdio-y-gano\/","title":{"rendered":"Quilmes cay\u00f3 ante Col\u00f3n y Estudiantes perdi\u00f3 y gan\u00f3"},"content":{"rendered":"<p><em><strong>Quilmes fue derrotado en su visita a Col\u00f3n de Chivilcoy por la 4\u00ba fecha de la ABCh. Otra vez fue por un marcador ajustado de 87 \u2013 76 que refleja otro buen partido pero sin poder encontrar la victoria que marque un rumbo de \u00e9xitos y se pueda acomodar entre los aspirantes a la definici\u00f3n, mediante play \u2013 off, del campeonato.<\/strong> <\/em><\/p>\n<p><img loading=\"lazy\" decoding=\"async\" data-attachment-id=\"62238\" data-permalink=\"https:\/\/www.hoymercedes.com.ar\/principal\/2017\/05\/03\/quilmes-cayo-ante-colon-y-estudiantes-perdio-y-gano\/dscn9603\/#main\" data-orig-file=\"https:\/\/www.hoymercedes.com.ar\/principal\/wp-content\/uploads\/2017\/05\/DSCN9603.jpg\" data-orig-size=\"650,487\" data-comments-opened=\"0\" data-image-meta=\"{&quot;aperture&quot;:&quot;4.2&quot;,&quot;credit&quot;:&quot;&quot;,&quot;camera&quot;:&quot;COOLPIX L310&quot;,&quot;caption&quot;:&quot;&quot;,&quot;created_timestamp&quot;:&quot;1493501364&quot;,&quot;copyright&quot;:&quot;&quot;,&quot;focal_length&quot;:&quot;15.1&quot;,&quot;iso&quot;:&quot;800&quot;,&quot;shutter_speed&quot;:&quot;0.02&quot;,&quot;title&quot;:&quot;&quot;,&quot;orientation&quot;:&quot;1&quot;}\" data-image-title=\"DSCN9603\" data-image-description=\"\" data-image-caption=\"\" data-large-file=\"https:\/\/www.hoymercedes.com.ar\/principal\/wp-content\/uploads\/2017\/05\/DSCN9603.jpg\" class=\"aligncenter size-medium wp-image-62238\" src=\"https:\/\/www.hoymercedes.com.ar\/principal\/wp-content\/uploads\/2017\/05\/DSCN9603-630x472.jpg\" alt=\"\" width=\"630\" height=\"472\" srcset=\"https:\/\/www.hoymercedes.com.ar\/principal\/wp-content\/uploads\/2017\/05\/DSCN9603-630x472.jpg 630w, https:\/\/www.hoymercedes.com.ar\/principal\/wp-content\/uploads\/2017\/05\/DSCN9603-150x112.jpg 150w, https:\/\/www.hoymercedes.com.ar\/principal\/wp-content\/uploads\/2017\/05\/DSCN9603.jpg 650w\" sizes=\"auto, (max-width: 630px) 100vw, 630px\" \/><\/p>\n<p>Fue un partido parejo hasta el final\u00a0del tercer cuarto. Inclusive marchaba adelante Quilmes con un tanteador de 56\u00a0 &#8211; 54. \u00a0Pero, otra vez, las respuestas fueron desfavorables en los \u00faltimos 10 minutos y Col\u00f3n gan\u00f3 por 33 \u2013 20 el \u00faltimo cuarto, con lo que se lleg\u00f3 a la diferencia final de\u00a011 puntos en contra.<\/p>\n<p>Por su parte, Estudiantes el viernes jug\u00f3 el partido que ten\u00eda pendiente como visitante de Racing de Chivilcoy y tras un\u00a0 primer tiempo equilibrado y parejo (29-29), el equipo due\u00f1o de casa fue una aplanadora en el complemento, liderado por los juveniles Mat\u00edas Morera y Santiago Barrales, y finalmente se qued\u00f3 con la victoria por 81-55 para mantener el invicto.<\/p>\n<p>En la noche del s\u00e1bado, por la cuarta fecha recibi\u00f3 a Gimnasia y Esgrima de Chivilcoy en un encuentro que comenz\u00f3 40 minutos m\u00e1s tarde de lo previsto por la tard\u00eda llegada de los jueves D\u00b4Atri y Guzm\u00e1n y en un encuentro por dem\u00e1s de parejo, el Pincha consigui\u00f3 ganar por un ajustado 57 a 55 que lo deja en la mitad de la tabla y espectante de poder ingresar a play-off en un torneo que ser\u00e1 largo y al que le falta mucho por jugar.<\/p>\n<p>&nbsp;<\/p>\n<p>S\u00edntesis<\/p>\n<p>Col\u00f3n (CH) \u00a087: T. Mesplet 30, Calder\u00e1n (C) 17, Vero 13, Artola 8,\u00a0 B. Bonello 7, Padilla 6, Scarano 3, Cupayolo 3,\u00a0 Bichierai, Corujo, Torrecilla. DT: D. Barrales<\/p>\n<p>QUILMES (M) 76: Rojas 20, A. Vallejos 14, Mac Cormack 14, \u00a0Mustoni 13, Juarez 5, Bozzini 4, S. Cejas(C) 4, Perdomo 2, Maldonado, Bonafina, Salvo, R. Colicigno. DT: J. L. Giallorenzo<\/p>\n<p>&nbsp;<\/p>\n<p>Estudiantes 57: Crespo, Mandaglio, Pedeuboy, Parisso, Lara, Perazzo, G\u00f3mez, Siri, Piers, Crevani. DT: Horacio Midun<\/p>\n<p>Gimnasia CH 55: Arce, Borre, Far\u00edas, Scarano, Errante, De Los R\u00edos, Palomeque, Leys, Moreira, Mazzeo, Burgos. DT: Rodrigo Senra.<\/p>\n<p>&nbsp;<\/p>\n<p><img loading=\"lazy\" decoding=\"async\" data-attachment-id=\"62239\" data-permalink=\"https:\/\/www.hoymercedes.com.ar\/principal\/2017\/05\/03\/quilmes-cayo-ante-colon-y-estudiantes-perdio-y-gano\/basquet-chiv-primera-4\/#main\" data-orig-file=\"https:\/\/www.hoymercedes.com.ar\/principal\/wp-content\/uploads\/2017\/05\/BASQUET-CHIV-PRIMERA.png\" data-orig-size=\"490,301\" data-comments-opened=\"0\" data-image-meta=\"{&quot;aperture&quot;:&quot;0&quot;,&quot;credit&quot;:&quot;&quot;,&quot;camera&quot;:&quot;&quot;,&quot;caption&quot;:&quot;&quot;,&quot;created_timestamp&quot;:&quot;0&quot;,&quot;copyright&quot;:&quot;&quot;,&quot;focal_length&quot;:&quot;0&quot;,&quot;iso&quot;:&quot;0&quot;,&quot;shutter_speed&quot;:&quot;0&quot;,&quot;title&quot;:&quot;&quot;,&quot;orientation&quot;:&quot;0&quot;}\" data-image-title=\"BASQUET CHIV PRIMERA\" data-image-description=\"\" data-image-caption=\"\" data-large-file=\"https:\/\/www.hoymercedes.com.ar\/principal\/wp-content\/uploads\/2017\/05\/BASQUET-CHIV-PRIMERA.png\" class=\"aligncenter size-full wp-image-62239\" src=\"https:\/\/www.hoymercedes.com.ar\/principal\/wp-content\/uploads\/2017\/05\/BASQUET-CHIV-PRIMERA.png\" alt=\"\" width=\"490\" height=\"301\" srcset=\"https:\/\/www.hoymercedes.com.ar\/principal\/wp-content\/uploads\/2017\/05\/BASQUET-CHIV-PRIMERA.png 490w, https:\/\/www.hoymercedes.com.ar\/principal\/wp-content\/uploads\/2017\/05\/BASQUET-CHIV-PRIMERA-150x92.png 150w\" sizes=\"auto, (max-width: 490px) 100vw, 490px\" \/><\/p>\n<p>&nbsp;<\/p>\n","protected":false},"excerpt":{"rendered":"<p>Quilmes fue derrotado en su visita a Col\u00f3n de Chivilcoy por la 4\u00ba fecha de la ABCh. Otra vez fue &#8230; <a title=\"Quilmes cay\u00f3 ante Col\u00f3n y Estudiantes perdi\u00f3 y gan\u00f3\" class=\"read-more\" href=\"https:\/\/www.hoymercedes.com.ar\/principal\/2017\/05\/03\/quilmes-cayo-ante-colon-y-estudiantes-perdio-y-gano\/\" aria-label=\"Leer m\u00e1s sobre Quilmes cay\u00f3 ante Col\u00f3n y Estudiantes perdi\u00f3 y gan\u00f3\">Leer m\u00e1s<\/a><\/p>\n","protected":false},"author":1,"featured_media":62238,"comment_status":"closed","ping_status":"open","sticky":false,"template":"","format":"standard","meta":{"_monsterinsights_skip_tracking":false,"_monsterinsights_sitenote_active":false,"_monsterinsights_sitenote_note":"","_monsterinsights_sitenote_category":0,"jetpack_post_was_ever_published":false,"_jetpack_newsletter_access":"","_jetpack_dont_email_post_to_subs":false,"_jetpack_newsletter_tier_id":0,"_jetpack_memberships_contains_paywalled_content":false,"_jetpack_memberships_contains_paid_content":false,"footnotes":"","jetpack_publicize_message":"","jetpack_publicize_feature_enabled":true,"jetpack_social_post_already_shared":true,"jetpack_social_options":{"image_generator_settings":{"template":"highway","default_image_id":0,"font":"","enabled":false},"version":2},"_wpas_customize_per_network":false},"categories":[21],"tags":[1058,204,11017,10,8996,1413],"class_list":["post-62237","post","type-post","status-publish","format-standard","has-post-thumbnail","hentry","category-deportes","tag-basquet","tag-deportes-2","tag-estudantes","tag-mercedes","tag-primera-division","tag-quilmes","generate-columns","tablet-grid-50","mobile-grid-100","grid-parent","grid-50"],"jetpack_publicize_connections":[],"jetpack_featured_media_url":"https:\/\/www.hoymercedes.com.ar\/principal\/wp-content\/uploads\/2017\/05\/DSCN9603.jpg","wps_subtitle":"Basquet \u2013 Primera Divisi\u00f3n","jetpack_sharing_enabled":true,"_links":{"self":[{"href":"https:\/\/www.hoymercedes.com.ar\/principal\/wp-json\/wp\/v2\/posts\/62237","targetHints":{"allow":["GET"]}}],"collection":[{"href":"https:\/\/www.hoymercedes.com.ar\/principal\/wp-json\/wp\/v2\/posts"}],"about":[{"href":"https:\/\/www.hoymercedes.com.ar\/principal\/wp-json\/wp\/v2\/types\/post"}],"author":[{"embeddable":true,"href":"https:\/\/www.hoymercedes.com.ar\/principal\/wp-json\/wp\/v2\/users\/1"}],"replies":[{"embeddable":true,"href":"https:\/\/www.hoymercedes.com.ar\/principal\/wp-json\/wp\/v2\/comments?post=62237"}],"version-history":[{"count":0,"href":"https:\/\/www.hoymercedes.com.ar\/principal\/wp-json\/wp\/v2\/posts\/62237\/revisions"}],"wp:featuredmedia":[{"embeddable":true,"href":"https:\/\/www.hoymercedes.com.ar\/principal\/wp-json\/wp\/v2\/media\/62238"}],"wp:attachment":[{"href":"https:\/\/www.hoymercedes.com.ar\/principal\/wp-json\/wp\/v2\/media?parent=62237"}],"wp:term":[{"taxonomy":"category","embeddable":true,"href":"https:\/\/www.hoymercedes.com.ar\/principal\/wp-json\/wp\/v2\/categories?post=62237"},{"taxonomy":"post_tag","embeddable":true,"href":"https:\/\/www.hoymercedes.com.ar\/principal\/wp-json\/wp\/v2\/tags?post=62237"}],"curies":[{"name":"wp","href":"https:\/\/api.w.org\/{rel}","templated":true}]}}