{"id":62241,"date":"2017-05-03T17:11:33","date_gmt":"2017-05-03T20:11:33","guid":{"rendered":"http:\/\/www.hoymercedes.com.ar\/principal\/?p=62241"},"modified":"2017-05-02T11:45:33","modified_gmt":"2017-05-02T14:45:33","slug":"quilmes-se-quedo-con-el-tetra-en-25-de-mayo","status":"publish","type":"post","link":"https:\/\/www.hoymercedes.com.ar\/principal\/2017\/05\/03\/quilmes-se-quedo-con-el-tetra-en-25-de-mayo\/","title":{"rendered":"Quilmes se qued\u00f3 con el tetra en 25 de Mayo"},"content":{"rendered":"<p><em><strong>Quilmes disput\u00f3 la 4\u00ba fecha del campeonato de la Asociaci\u00f3n de Basquet de Chivilcoy en sus categor\u00edas formativas, visitando a Sportivo 25 de Mayo con victorias en todas las categor\u00edas para el club mercedino. La s\u00edntesis de los partidos fueron las siguientes:\u00a0\u00a0\u00a0\u00a0\u00a0\u00a0<\/strong><\/em><\/p>\n<p><img loading=\"lazy\" decoding=\"async\" data-attachment-id=\"62242\" data-permalink=\"https:\/\/www.hoymercedes.com.ar\/principal\/2017\/05\/03\/quilmes-se-quedo-con-el-tetra-en-25-de-mayo\/whatsapp-image-2017-04-29-at-19-40-28\/#main\" data-orig-file=\"https:\/\/www.hoymercedes.com.ar\/principal\/wp-content\/uploads\/2017\/05\/WhatsApp-Image-2017-04-29-at-19.40.28-e1493758134471.jpeg\" data-orig-size=\"631,473\" data-comments-opened=\"0\" data-image-meta=\"{&quot;aperture&quot;:&quot;0&quot;,&quot;credit&quot;:&quot;&quot;,&quot;camera&quot;:&quot;&quot;,&quot;caption&quot;:&quot;&quot;,&quot;created_timestamp&quot;:&quot;0&quot;,&quot;copyright&quot;:&quot;&quot;,&quot;focal_length&quot;:&quot;0&quot;,&quot;iso&quot;:&quot;0&quot;,&quot;shutter_speed&quot;:&quot;0&quot;,&quot;title&quot;:&quot;&quot;,&quot;orientation&quot;:&quot;0&quot;}\" data-image-title=\"WhatsApp Image 2017-04-29 at 19.40.28\" data-image-description=\"\" data-image-caption=\"\" data-large-file=\"https:\/\/www.hoymercedes.com.ar\/principal\/wp-content\/uploads\/2017\/05\/WhatsApp-Image-2017-04-29-at-19.40.28-1024x768.jpeg\" class=\"aligncenter size-medium wp-image-62242\" src=\"https:\/\/www.hoymercedes.com.ar\/principal\/wp-content\/uploads\/2017\/05\/WhatsApp-Image-2017-04-29-at-19.40.28-630x473.jpeg\" alt=\"\" width=\"630\" height=\"473\" \/><\/p>\n<p>FECHA 4 CANCHA DE\u00a0 SPORTIVO 25 DE MAYO (29\/04\/17)<\/p>\n<p>&nbsp;<\/p>\n<p><strong>MINI:<\/strong><\/p>\n<p>SPORTIVO 25 DE MAYO 27<\/p>\n<p>(Saborido 15, Pedevila 8, N. Linares 2, Daglio 2, Monteiro, Maseone, Mello, Acu\u00f1a, Mazza, Zapata, Alliatta) (DT: Malnatti)<\/p>\n<p>QUILMES (M) 81<\/p>\n<p>(Bourdieu 20, T. Bongiorno 12, Cend\u00e1n 12, Milesi 8, Ponce 8, Ayesa 7, Almir\u00f3n 6, J. Cabanas 6, Trevis\u00e1n 2, I. Alvarez, Gal\u00e1n, Acu\u00f1a) (DT: G. Retegui)<\/p>\n<p>&nbsp;<\/p>\n<p><strong>U13:<\/strong><\/p>\n<p>SPORTIVO 25 DE MAYO 49<\/p>\n<p>(Cossarelli 17, Spinelli 13, A. Linares 7, Pedevila 4, N. Linares 2, Abriola 2, Labolita 2, Saborido 2, Barrang\u00fa, Alay\u00f3n, Castilla, Olgu\u00edn) (DT: M. Galletti)<\/p>\n<p>QUILMES (M) 52<\/p>\n<p>(Bernardo 19, Belzunces 16, Bourdieu 7, Quinteros 6, T. Bongiorno 4, Fanuccchi, I. Alvarez, Fabro, J. Cabanas, Coronel, T. Boragno, J.F. Torres) (DT: G. Retegui)<\/p>\n<p>&nbsp;<\/p>\n<p><strong>U15:<\/strong><\/p>\n<p>SPORTIVO 25 MAYO 44<\/p>\n<p>(T. Coscarelli 17, Rodr\u00edguez 16, G. Coscarelli 6, Barrang\u00fa 3, A. Linares 1, Labolita 1, Castilla, Leiva, Zapata, Abriola, Maz\u00f3n, Spinelli) (DT: M. Galletti)<\/p>\n<p>&nbsp;<\/p>\n<p>QUILMES (M) 83<\/p>\n<p>(Aveiro 15, Cabana 11, Valdez 10, Beyer 9, Lencioni 9, Festugatto 8, Ram\u00edrez 7, Bellangher 6, Tassara 4, Graziadei 2, Bernardo 2, Belzunces) (DT: G. Retegui)<\/p>\n<p>&nbsp;<\/p>\n<p><strong>U17:<\/strong><\/p>\n<p>SPORTIVO 25 DE MAYO 25<\/p>\n<p>(Araoz 8, Almir\u00f3n 6, T. Coscarelli 5, Rodr\u00edguez 2, Abriola 2, Zapata 2, Leiva, Dug\u00e1n) (DT: M Galletti)<\/p>\n<p>&nbsp;<\/p>\n<p>QUILMES (M) 102<\/p>\n<p>(Cosentino 20, T. Vallejos 17, Zunino Sampablo 12, Taramasco 11, G. Alvarez 10, Sanchez 10, Bal 9, Festugatto 5, Lam\u00f3nica 4, Loch 2, Bellangher 2, A. Boragno)(DT: J. L.\u00a0 Giallorenzo)<\/p>\n<p>&nbsp;<\/p>\n<p>JUECES: Castroagud\u00edn \u2013 J.M. Tenaglia)<\/p>\n<p>&nbsp;<\/p>\n<p>PR\u00d3XIMA FECHA: 5\u00ba: Quilmes visita a\u00a0 Ciudad de Saladillo el d\u00eda S\u00e1bado 6 de Mayo<\/p>\n<p>&nbsp;<\/p>\n<p><strong>U 19<\/strong><\/p>\n<p>&nbsp;<\/p>\n<p>No hubo actividad en U19 dado que se suspendi\u00f3 nuevamente partido vs. Argentino (Ch), quedando para este Martes 2 de Mayo \u00a0de visitante.<\/p>\n","protected":false},"excerpt":{"rendered":"<p>Quilmes disput\u00f3 la 4\u00ba fecha del campeonato de la Asociaci\u00f3n de Basquet de Chivilcoy en sus categor\u00edas formativas, visitando a &#8230; <a title=\"Quilmes se qued\u00f3 con el tetra en 25 de Mayo\" class=\"read-more\" href=\"https:\/\/www.hoymercedes.com.ar\/principal\/2017\/05\/03\/quilmes-se-quedo-con-el-tetra-en-25-de-mayo\/\" aria-label=\"Leer m\u00e1s sobre Quilmes se qued\u00f3 con el tetra en 25 de Mayo\">Leer m\u00e1s<\/a><\/p>\n","protected":false},"author":1,"featured_media":62242,"comment_status":"closed","ping_status":"open","sticky":false,"template":"","format":"standard","meta":{"_monsterinsights_skip_tracking":false,"_monsterinsights_sitenote_active":false,"_monsterinsights_sitenote_note":"","_monsterinsights_sitenote_category":0,"jetpack_post_was_ever_published":false,"_jetpack_newsletter_access":"","_jetpack_dont_email_post_to_subs":false,"_jetpack_newsletter_tier_id":0,"_jetpack_memberships_contains_paywalled_content":false,"_jetpack_memberships_contains_paid_content":false,"footnotes":"","jetpack_publicize_message":"","jetpack_publicize_feature_enabled":true,"jetpack_social_post_already_shared":true,"jetpack_social_options":{"image_generator_settings":{"template":"highway","default_image_id":0,"font":"","enabled":false},"version":2},"_wpas_customize_per_network":false},"categories":[21],"tags":[1058,204,9259,1413],"class_list":["post-62241","post","type-post","status-publish","format-standard","has-post-thumbnail","hentry","category-deportes","tag-basquet","tag-deportes-2","tag-inferiores","tag-quilmes","generate-columns","tablet-grid-50","mobile-grid-100","grid-parent","grid-50"],"jetpack_publicize_connections":[],"jetpack_featured_media_url":"https:\/\/www.hoymercedes.com.ar\/principal\/wp-content\/uploads\/2017\/05\/WhatsApp-Image-2017-04-29-at-19.40.28-e1493758134471.jpeg","wps_subtitle":"Basquet \u2013 Inferiores","jetpack_sharing_enabled":true,"_links":{"self":[{"href":"https:\/\/www.hoymercedes.com.ar\/principal\/wp-json\/wp\/v2\/posts\/62241","targetHints":{"allow":["GET"]}}],"collection":[{"href":"https:\/\/www.hoymercedes.com.ar\/principal\/wp-json\/wp\/v2\/posts"}],"about":[{"href":"https:\/\/www.hoymercedes.com.ar\/principal\/wp-json\/wp\/v2\/types\/post"}],"author":[{"embeddable":true,"href":"https:\/\/www.hoymercedes.com.ar\/principal\/wp-json\/wp\/v2\/users\/1"}],"replies":[{"embeddable":true,"href":"https:\/\/www.hoymercedes.com.ar\/principal\/wp-json\/wp\/v2\/comments?post=62241"}],"version-history":[{"count":0,"href":"https:\/\/www.hoymercedes.com.ar\/principal\/wp-json\/wp\/v2\/posts\/62241\/revisions"}],"wp:featuredmedia":[{"embeddable":true,"href":"https:\/\/www.hoymercedes.com.ar\/principal\/wp-json\/wp\/v2\/media\/62242"}],"wp:attachment":[{"href":"https:\/\/www.hoymercedes.com.ar\/principal\/wp-json\/wp\/v2\/media?parent=62241"}],"wp:term":[{"taxonomy":"category","embeddable":true,"href":"https:\/\/www.hoymercedes.com.ar\/principal\/wp-json\/wp\/v2\/categories?post=62241"},{"taxonomy":"post_tag","embeddable":true,"href":"https:\/\/www.hoymercedes.com.ar\/principal\/wp-json\/wp\/v2\/tags?post=62241"}],"curies":[{"name":"wp","href":"https:\/\/api.w.org\/{rel}","templated":true}]}}