{"id":62315,"date":"2017-05-03T15:15:08","date_gmt":"2017-05-03T18:15:08","guid":{"rendered":"http:\/\/www.hoymercedes.com.ar\/principal\/?p=62315"},"modified":"2017-05-03T15:27:33","modified_gmt":"2017-05-03T18:27:33","slug":"frente-renovador-presentara-proyecto-bajemos-los-precios-en-mercedes","status":"publish","type":"post","link":"https:\/\/www.hoymercedes.com.ar\/principal\/2017\/05\/03\/frente-renovador-presentara-proyecto-bajemos-los-precios-en-mercedes\/","title":{"rendered":"Frente Renovador presentar\u00e1 proyecto \u00abBajemos los Precios\u00bb en Mercedes"},"content":{"rendered":"<p>Este jueves 4 de mayo, 11 horas, en el recinto del HCD se presentar\u00e1 el proyecto de ley \u00abBajemos los Precios\u00bb. Estar\u00e1n presentes\u00a0el Lic. Gustavo Marangoni del equipo econ\u00f3mico del Frente Renovador; el economista del GEN Alejandro Bonavita y el Diputado Nacional del Frente Renovador, Carlos Selva.<\/p>\n<p>El bloque de Concejales del Frente Renovador-Partido Justicialista que integran Carlos Milhomme, Sabrina Selva y Ricardo Bozzini organizan la presentaci\u00f3n del proyecto de ley \u00abBajemos los Precios\u00bb, el mismo que tiempo atr\u00e1s presentaron los <a href=\"https:\/\/www.hoymercedes.com.ar\/principal\/2017\/04\/29\/carlos-y-sabrina-selva-presentes-en-el-lanzamiento-del-plan-bajemos-los-precios\/\" target=\"_blank\" rel=\"noopener noreferrer\">Diputados Sergio Massa y Margarita Stolbizer\u00a0<\/a>.<\/p>\n<p>Para la presentaci\u00f3n del proyecto que har\u00e1n en Mercedes el d\u00eda 4 de mayo, a la hora 11, en el sal\u00f3n del Concejo Deliberante de Mercedes, contar\u00e1 con la presencia y explicaci\u00f3n del Lic. Gustavo Marangoni, el economista del GEN Alejandro Bonavita y el Diputado Nacional mercedino, Carlos Selva.<\/p>\n<p>El programa, tiene como objetivo fundamental, la eliminaci\u00f3n del impuesto al valor agregado (IVA) en once productos de la canasta b\u00e1sica alimentaria y un exhaustivo control en la cadena de comercializaci\u00f3n a trav\u00e9s de la Ley de G\u00f3ndolas.\u00a0La iniciativa, seg\u00fan sostienen desde el Frente Renovador y el GEN, permitir\u00e1 un ahorro de hasta $802 en una familia tipo, y casi 500 pesos a los jubilados.<\/p>\n<p>&nbsp;<\/p>\n<p>Fuente: Prensa Agrupaci\u00f3n 17 de Octubre<\/p>\n<p>&nbsp;<\/p>\n","protected":false},"excerpt":{"rendered":"<p>Este jueves 4 de mayo, 11 horas, en el recinto del HCD se presentar\u00e1 el proyecto de ley \u00abBajemos los &#8230; <a title=\"Frente Renovador presentar\u00e1 proyecto \u00abBajemos los Precios\u00bb en Mercedes\" class=\"read-more\" href=\"https:\/\/www.hoymercedes.com.ar\/principal\/2017\/05\/03\/frente-renovador-presentara-proyecto-bajemos-los-precios-en-mercedes\/\" aria-label=\"Leer m\u00e1s sobre Frente Renovador presentar\u00e1 proyecto \u00abBajemos los Precios\u00bb en Mercedes\">Leer m\u00e1s<\/a><\/p>\n","protected":false},"author":1,"featured_media":60695,"comment_status":"closed","ping_status":"open","sticky":false,"template":"","format":"standard","meta":{"_monsterinsights_skip_tracking":false,"_monsterinsights_sitenote_active":false,"_monsterinsights_sitenote_note":"","_monsterinsights_sitenote_category":0,"jetpack_post_was_ever_published":false,"_jetpack_newsletter_access":"","_jetpack_dont_email_post_to_subs":true,"_jetpack_newsletter_tier_id":0,"_jetpack_memberships_contains_paywalled_content":false,"_jetpack_memberships_contains_paid_content":false,"footnotes":"","jetpack_publicize_message":"","jetpack_publicize_feature_enabled":true,"jetpack_social_post_already_shared":true,"jetpack_social_options":{"image_generator_settings":{"template":"highway","default_image_id":0,"font":"","enabled":false},"version":2},"_wpas_customize_per_network":false},"categories":[5],"tags":[11025,3537,5319],"class_list":["post-62315","post","type-post","status-publish","format-standard","has-post-thumbnail","hentry","category-politica","tag-bajemos-los-precios","tag-frente-renovador","tag-politica-2","generate-columns","tablet-grid-50","mobile-grid-100","grid-parent","grid-50"],"jetpack_publicize_connections":[],"jetpack_featured_media_url":"https:\/\/www.hoymercedes.com.ar\/principal\/wp-content\/uploads\/2017\/03\/frente-renovador.jpg","wps_subtitle":"Organizado por el bloque de concejales","jetpack_sharing_enabled":true,"jetpack-related-posts":[{"id":62577,"url":"https:\/\/www.hoymercedes.com.ar\/principal\/2017\/05\/09\/comenzo-la-recoleccion-de-firmas-para-el-proyecto-bajemos-los-precios\/","url_meta":{"origin":62315,"position":0},"title":"Comenz\u00f3 la recolecci\u00f3n de firmas para el proyecto \u00abBajemos Los Precios\u00bb","author":"hoymercedes","date":"9 mayo, 2017","format":false,"excerpt":"\u00a0 El pasado fin de semana, comenz\u00f3 la campa\u00f1a para la recolecci\u00f3n de firmas que acompa\u00f1aran el \u201cPlan Bajemos los Precios\u201d, impulsado a nivel nacional por el Frente Renovador y el GEN. La iniciativa que fue anunciada oportunamente por Sergio Massa y Margarita Stolbizer y que luego se presentara en\u2026","rel":"","context":"En \u00abPol\u00edtica\u00bb","block_context":{"text":"Pol\u00edtica","link":"https:\/\/www.hoymercedes.com.ar\/principal\/category\/politica\/"},"img":{"alt_text":"","src":"https:\/\/i0.wp.com\/www.hoymercedes.com.ar\/principal\/wp-content\/uploads\/2017\/05\/09-firmas-FR.jpg?resize=350%2C200&ssl=1","width":350,"height":200,"srcset":"https:\/\/i0.wp.com\/www.hoymercedes.com.ar\/principal\/wp-content\/uploads\/2017\/05\/09-firmas-FR.jpg?resize=350%2C200&ssl=1 1x, https:\/\/i0.wp.com\/www.hoymercedes.com.ar\/principal\/wp-content\/uploads\/2017\/05\/09-firmas-FR.jpg?resize=525%2C300&ssl=1 1.5x"},"classes":[]},{"id":62168,"url":"https:\/\/www.hoymercedes.com.ar\/principal\/2017\/04\/29\/carlos-y-sabrina-selva-presentes-en-el-lanzamiento-del-plan-bajemos-los-precios\/","url_meta":{"origin":62315,"position":1},"title":"Carlos y Sabrina Selva presentes en el lanzamiento del \u00abPlan Bajemos los precios\u00bb","author":"hoymercedes","date":"29 abril, 2017","format":false,"excerpt":"El diputado nacional mercedino, Carlos Selva y la concejal local del Frente Renovador Sabrina Selva participaron esta viernes de la presentaci\u00f3n del proyecto\u00a0\u201cBajemos los precios\u201d. Propuesta que presentaron Sergio Massa del Frente Renovador y Margarita Stolbizer del GEN. Junto a sus equipos t\u00e9cnicos y ante la prensa nacional, los m\u00e1ximos\u2026","rel":"","context":"En \u00abPol\u00edtica\u00bb","block_context":{"text":"Pol\u00edtica","link":"https:\/\/www.hoymercedes.com.ar\/principal\/category\/politica\/"},"img":{"alt_text":"","src":"https:\/\/i0.wp.com\/www.hoymercedes.com.ar\/principal\/wp-content\/uploads\/2017\/04\/29-Frente-Renovadro-1.jpg?resize=350%2C200&ssl=1","width":350,"height":200,"srcset":"https:\/\/i0.wp.com\/www.hoymercedes.com.ar\/principal\/wp-content\/uploads\/2017\/04\/29-Frente-Renovadro-1.jpg?resize=350%2C200&ssl=1 1x, https:\/\/i0.wp.com\/www.hoymercedes.com.ar\/principal\/wp-content\/uploads\/2017\/04\/29-Frente-Renovadro-1.jpg?resize=525%2C300&ssl=1 1.5x"},"classes":[]},{"id":62885,"url":"https:\/\/www.hoymercedes.com.ar\/principal\/2017\/05\/18\/aumenta-el-respaldo-de-los-mercedinos-que-piden-bajemos-los-precios\/","url_meta":{"origin":62315,"position":2},"title":"Aumenta el respaldo de los mercedinos que piden \u00abbajemos los precios\u00bb","author":"hoymercedes","date":"18 mayo, 2017","format":false,"excerpt":"La recolecci\u00f3n de firmas que lleva adelante el Frente Renovador Mercedes para acompa\u00f1ar el proyecto \"Bajemos los Precios\" est\u00e1 recibiendo un gran acompa\u00f1amiento de los mercedinos. En los distintos puntos donde el espacio pol\u00edtico, que en la ciudad encabeza el Diputado Nacional Carlos Selva, se instalan, los vecinos firman las\u2026","rel":"","context":"En \u00abPol\u00edtica\u00bb","block_context":{"text":"Pol\u00edtica","link":"https:\/\/www.hoymercedes.com.ar\/principal\/category\/politica\/"},"img":{"alt_text":"","src":"https:\/\/i0.wp.com\/www.hoymercedes.com.ar\/principal\/wp-content\/uploads\/2017\/05\/18-bajemos-precios.jpg?resize=350%2C200&ssl=1","width":350,"height":200,"srcset":"https:\/\/i0.wp.com\/www.hoymercedes.com.ar\/principal\/wp-content\/uploads\/2017\/05\/18-bajemos-precios.jpg?resize=350%2C200&ssl=1 1x, https:\/\/i0.wp.com\/www.hoymercedes.com.ar\/principal\/wp-content\/uploads\/2017\/05\/18-bajemos-precios.jpg?resize=525%2C300&ssl=1 1.5x"},"classes":[]},{"id":62385,"url":"https:\/\/www.hoymercedes.com.ar\/principal\/2017\/05\/05\/el-frente-renovador-y-el-gen-presentaron-los-proyectos-para-bajar-los-precios\/","url_meta":{"origin":62315,"position":3},"title":"El Frente Renovador y el GEN presentaron los proyectos para \u201cbajar los precios\u201d","author":"hoymercedes","date":"5 mayo, 2017","format":false,"excerpt":"La presentaci\u00f3n del proyecto la hicieron Diputado Nacional Carlos Selva, el Lic. Gustavo Marangoni y el economista Alejandro Bonavita. Juntar\u00e1n firmas de adhesi\u00f3n al proyecto de ley.\u00a0 Tal como se anunci\u00f3 en una edici\u00f3n anterior, en la ma\u00f1ana de este jueves, el Frente Renovador de Mercedes present\u00f3 el proyecto de\u2026","rel":"","context":"En \u00abPol\u00edtica\u00bb","block_context":{"text":"Pol\u00edtica","link":"https:\/\/www.hoymercedes.com.ar\/principal\/category\/politica\/"},"img":{"alt_text":"","src":"https:\/\/i0.wp.com\/www.hoymercedes.com.ar\/principal\/wp-content\/uploads\/2017\/05\/05-Frente-Renovador-Precios.jpg?resize=350%2C200&ssl=1","width":350,"height":200,"srcset":"https:\/\/i0.wp.com\/www.hoymercedes.com.ar\/principal\/wp-content\/uploads\/2017\/05\/05-Frente-Renovador-Precios.jpg?resize=350%2C200&ssl=1 1x, https:\/\/i0.wp.com\/www.hoymercedes.com.ar\/principal\/wp-content\/uploads\/2017\/05\/05-Frente-Renovador-Precios.jpg?resize=525%2C300&ssl=1 1.5x"},"classes":[]},{"id":141081,"url":"https:\/\/www.hoymercedes.com.ar\/principal\/2021\/12\/06\/selva-fue-parte-del-encuentro-del-frente-renovador\/","url_meta":{"origin":62315,"position":4},"title":"Selva fue parte del encuentro del Frente Renovador","author":"hoymercedes","date":"6 diciembre, 2021","format":false,"excerpt":"El Frente Renovador que comanda\u00a0Sergio Massa\u00a0reuni\u00f3 a su mesa provincial de intendentes y diputados, y entre los convocados estuvo el mercedino\u00a0Carlos Selva. El \"c\u00f3nclave\" tuvo lugar este fin de semana. El l\u00edder del espacio, Sergio Massa, convoc\u00f3 a sus referentes bonaerenses con el objetivo de sentar posiciones para los pr\u00f3ximos\u2026","rel":"","context":"En \u00abPol\u00edtica\u00bb","block_context":{"text":"Pol\u00edtica","link":"https:\/\/www.hoymercedes.com.ar\/principal\/category\/politica\/"},"img":{"alt_text":"","src":"https:\/\/i0.wp.com\/www.hoymercedes.com.ar\/principal\/wp-content\/uploads\/2021\/12\/selva-en-FR.jpg?resize=350%2C200&ssl=1","width":350,"height":200,"srcset":"https:\/\/i0.wp.com\/www.hoymercedes.com.ar\/principal\/wp-content\/uploads\/2021\/12\/selva-en-FR.jpg?resize=350%2C200&ssl=1 1x, https:\/\/i0.wp.com\/www.hoymercedes.com.ar\/principal\/wp-content\/uploads\/2021\/12\/selva-en-FR.jpg?resize=525%2C300&ssl=1 1.5x, https:\/\/i0.wp.com\/www.hoymercedes.com.ar\/principal\/wp-content\/uploads\/2021\/12\/selva-en-FR.jpg?resize=700%2C400&ssl=1 2x"},"classes":[]},{"id":134871,"url":"https:\/\/www.hoymercedes.com.ar\/principal\/2021\/08\/07\/frente-renovador-presento-a-sus-candidatos-que-integran-la-lista-local-de-frente-de-todos\/","url_meta":{"origin":62315,"position":5},"title":"Frente Renovador present\u00f3 a sus candidatos que integran la lista local de Frente de Todos","author":"hoymercedes","date":"7 agosto, 2021","format":false,"excerpt":"Se trata de los docentes Ramiro Piccone, que est\u00e1 en cuarto t\u00e9rmino para ocupar una banca en el HCD, y de Ver\u00f3nica Durand, que est\u00e1 en segundo t\u00e9rmino en la lista de Consejeros Escolares. El dirigente de la Agrupaci\u00f3n \"17 de Octubre\", el Diputado Carlos Selva, estuvo acompa\u00f1ado de los\u2026","rel":"","context":"En \u00abPASO 2021\u00bb","block_context":{"text":"PASO 2021","link":"https:\/\/www.hoymercedes.com.ar\/principal\/category\/paso-2021\/"},"img":{"alt_text":"","src":"https:\/\/i0.wp.com\/www.hoymercedes.com.ar\/principal\/wp-content\/uploads\/2021\/08\/Selva-1.jpg?resize=350%2C200&ssl=1","width":350,"height":200,"srcset":"https:\/\/i0.wp.com\/www.hoymercedes.com.ar\/principal\/wp-content\/uploads\/2021\/08\/Selva-1.jpg?resize=350%2C200&ssl=1 1x, https:\/\/i0.wp.com\/www.hoymercedes.com.ar\/principal\/wp-content\/uploads\/2021\/08\/Selva-1.jpg?resize=525%2C300&ssl=1 1.5x, https:\/\/i0.wp.com\/www.hoymercedes.com.ar\/principal\/wp-content\/uploads\/2021\/08\/Selva-1.jpg?resize=700%2C400&ssl=1 2x"},"classes":[]}],"_links":{"self":[{"href":"https:\/\/www.hoymercedes.com.ar\/principal\/wp-json\/wp\/v2\/posts\/62315","targetHints":{"allow":["GET"]}}],"collection":[{"href":"https:\/\/www.hoymercedes.com.ar\/principal\/wp-json\/wp\/v2\/posts"}],"about":[{"href":"https:\/\/www.hoymercedes.com.ar\/principal\/wp-json\/wp\/v2\/types\/post"}],"author":[{"embeddable":true,"href":"https:\/\/www.hoymercedes.com.ar\/principal\/wp-json\/wp\/v2\/users\/1"}],"replies":[{"embeddable":true,"href":"https:\/\/www.hoymercedes.com.ar\/principal\/wp-json\/wp\/v2\/comments?post=62315"}],"version-history":[{"count":0,"href":"https:\/\/www.hoymercedes.com.ar\/principal\/wp-json\/wp\/v2\/posts\/62315\/revisions"}],"wp:featuredmedia":[{"embeddable":true,"href":"https:\/\/www.hoymercedes.com.ar\/principal\/wp-json\/wp\/v2\/media\/60695"}],"wp:attachment":[{"href":"https:\/\/www.hoymercedes.com.ar\/principal\/wp-json\/wp\/v2\/media?parent=62315"}],"wp:term":[{"taxonomy":"category","embeddable":true,"href":"https:\/\/www.hoymercedes.com.ar\/principal\/wp-json\/wp\/v2\/categories?post=62315"},{"taxonomy":"post_tag","embeddable":true,"href":"https:\/\/www.hoymercedes.com.ar\/principal\/wp-json\/wp\/v2\/tags?post=62315"}],"curies":[{"name":"wp","href":"https:\/\/api.w.org\/{rel}","templated":true}]}}