{"id":62343,"date":"2017-05-04T09:41:09","date_gmt":"2017-05-04T12:41:09","guid":{"rendered":"http:\/\/www.hoymercedes.com.ar\/principal\/?p=62343"},"modified":"2017-05-03T18:56:50","modified_gmt":"2017-05-03T21:56:50","slug":"ultimando-detalles-para-la-pre-fiesta-del-salame-quintero","status":"publish","type":"post","link":"https:\/\/www.hoymercedes.com.ar\/principal\/2017\/05\/04\/ultimando-detalles-para-la-pre-fiesta-del-salame-quintero\/","title":{"rendered":"Ultimando detalles para la Pre Fiesta del Salame Quintero"},"content":{"rendered":"<p>El pr\u00f3ximo domingo 14 de mayo la Municipalidad de Mercedes en conjunto con los productores de salame y chacinados de Mercedes llevar\u00e1n a cabo un encuentro gastron\u00f3mico y cultural en lo que han denominado la \u201c<a href=\"https:\/\/www.hoymercedes.com.ar\/principal\/2017\/03\/30\/anticipan-una-pre-fiesta-del-salame-quintero\/\" target=\"_blank\" rel=\"noopener noreferrer\">pre fiesta del Salame Quintero<\/a>\u201d con el objetivo de abrir una vez m\u00e1s la ciudad al turismo, a la exposici\u00f3n de nuestros artistas y artesanos, la gastronom\u00eda t\u00edpica vern\u00e1cula.<\/p>\n<p>Con una entrada general de $50 buscar\u00e1 que se acerquen a nuestra ciudad turistas de toda la regi\u00f3n y tambi\u00e9n de la Capital Federal.\u00a0\u201cSer\u00e1 un s\u00f3lo d\u00eda, el domingo 14, con entrada muy accesible, como se puede ver y menores de 12 a\u00f1os gratis. La idea es crear un contexto propicio para que ellos puedan exponer y comercializar sus productos, generando tambi\u00e9n la promoci\u00f3n fuerte en otras localidades para poder promocionar mucho el turismo\u201d, afirm\u00f3 el intendente Juan Ignacio Ustarroz junto a productores locales.<\/p>\n<p>Esta Pre Fiesta ser\u00e1, tambi\u00e9n,\u00a0 para sumar e incentivar lo que ser\u00e1 un nuevo encuentro con la gran propuesta del segundo fin de semana de septiembre en la 43 edici\u00f3n de la Fiesta Nacional del Salame Quintero.<\/p>\n<p>En el predio del ex Mart\u00edn Rodr\u00edguez con una apertura que ser\u00e1 a las 9 de la ma\u00f1ana. Tendr\u00e1 una jornada completa con espect\u00e1culos en vivo, pe\u00f1a folcl\u00f3rica, cantina, artesanos, patio de comidas, entretenimientos para los m\u00e1s chicos, carpa de exposici\u00f3n y un espacio al aire libre para toda la familia. En avenida 2 y 7 es la convocatoria que ya despierta el inter\u00e9s general donde nuevamente las picadas con salame y galleta de campo, tan t\u00edpico de los mercedinos, estar\u00e1 en el centro de la escena.<\/p>\n<p>En los \u00faltimos d\u00edas tambi\u00e9n se ha visto una fuerte campa\u00f1a de promoci\u00f3n. El propio Ustarroz empez\u00f3\u00a0 salir en medios nacionales narrando la propuesta y dando detalles de c\u00f3mo llegar a Mercedes, cuando, los atractivos y por supuesto destacando que \u201ctenemos el mejor salame. No es industrial, se elabora uno a uno con la mejor calidad en todo el proceso y por eso el resultado final es inigualable. Es en las propias quintas con una tradici\u00f3n familiar que arrastra generaciones\u201d sosten\u00eda el viernes en una AM de Capital Federal. Las redes sociales tambi\u00e9n ya dan cuenta de videos, gr\u00e1ficas y mensajes de aliento en un producto que, sin duda, es un estandarte de Mercedes.<\/p>\n<p>&nbsp;<\/p>\n<p>Fuente: Prensa Municipal<\/p>\n","protected":false},"excerpt":{"rendered":"<p>El pr\u00f3ximo domingo 14 de mayo la Municipalidad de Mercedes en conjunto con los productores de salame y chacinados de &#8230; <a title=\"Ultimando detalles para la Pre Fiesta del Salame Quintero\" class=\"read-more\" href=\"https:\/\/www.hoymercedes.com.ar\/principal\/2017\/05\/04\/ultimando-detalles-para-la-pre-fiesta-del-salame-quintero\/\" aria-label=\"Leer m\u00e1s sobre Ultimando detalles para la Pre Fiesta del Salame Quintero\">Leer m\u00e1s<\/a><\/p>\n","protected":false},"author":1,"featured_media":62344,"comment_status":"closed","ping_status":"open","sticky":false,"template":"","format":"standard","meta":{"_monsterinsights_skip_tracking":false,"_monsterinsights_sitenote_active":false,"_monsterinsights_sitenote_note":"","_monsterinsights_sitenote_category":0,"jetpack_post_was_ever_published":false,"_jetpack_newsletter_access":"","_jetpack_dont_email_post_to_subs":false,"_jetpack_newsletter_tier_id":0,"_jetpack_memberships_contains_paywalled_content":false,"_jetpack_memberships_contains_paid_content":false,"footnotes":"","jetpack_publicize_message":"","jetpack_publicize_feature_enabled":true,"jetpack_social_post_already_shared":true,"jetpack_social_options":{"image_generator_settings":{"template":"highway","default_image_id":0,"font":"","enabled":false},"version":2},"_wpas_customize_per_network":false},"categories":[30],"tags":[10,771,244,10835,997,1169],"class_list":["post-62343","post","type-post","status-publish","format-standard","has-post-thumbnail","hentry","category-municipio","tag-mercedes","tag-municipalidad","tag-municipio-2","tag-pre-fiesta-del-salame-quintero","tag-productores","tag-salame-quintero","generate-columns","tablet-grid-50","mobile-grid-100","grid-parent","grid-50"],"jetpack_publicize_connections":[],"jetpack_featured_media_url":"https:\/\/www.hoymercedes.com.ar\/principal\/wp-content\/uploads\/2017\/05\/04-muni-salame.jpg","wps_subtitle":"Prevista para el 14 de mayo","jetpack_sharing_enabled":true,"_links":{"self":[{"href":"https:\/\/www.hoymercedes.com.ar\/principal\/wp-json\/wp\/v2\/posts\/62343","targetHints":{"allow":["GET"]}}],"collection":[{"href":"https:\/\/www.hoymercedes.com.ar\/principal\/wp-json\/wp\/v2\/posts"}],"about":[{"href":"https:\/\/www.hoymercedes.com.ar\/principal\/wp-json\/wp\/v2\/types\/post"}],"author":[{"embeddable":true,"href":"https:\/\/www.hoymercedes.com.ar\/principal\/wp-json\/wp\/v2\/users\/1"}],"replies":[{"embeddable":true,"href":"https:\/\/www.hoymercedes.com.ar\/principal\/wp-json\/wp\/v2\/comments?post=62343"}],"version-history":[{"count":0,"href":"https:\/\/www.hoymercedes.com.ar\/principal\/wp-json\/wp\/v2\/posts\/62343\/revisions"}],"wp:featuredmedia":[{"embeddable":true,"href":"https:\/\/www.hoymercedes.com.ar\/principal\/wp-json\/wp\/v2\/media\/62344"}],"wp:attachment":[{"href":"https:\/\/www.hoymercedes.com.ar\/principal\/wp-json\/wp\/v2\/media?parent=62343"}],"wp:term":[{"taxonomy":"category","embeddable":true,"href":"https:\/\/www.hoymercedes.com.ar\/principal\/wp-json\/wp\/v2\/categories?post=62343"},{"taxonomy":"post_tag","embeddable":true,"href":"https:\/\/www.hoymercedes.com.ar\/principal\/wp-json\/wp\/v2\/tags?post=62343"}],"curies":[{"name":"wp","href":"https:\/\/api.w.org\/{rel}","templated":true}]}}