{"id":62348,"date":"2017-05-04T11:13:44","date_gmt":"2017-05-04T14:13:44","guid":{"rendered":"http:\/\/www.hoymercedes.com.ar\/principal\/?p=62348"},"modified":"2017-05-04T09:34:07","modified_gmt":"2017-05-04T12:34:07","slug":"escuela-normal-festeja-sus-130-anos","status":"publish","type":"post","link":"https:\/\/www.hoymercedes.com.ar\/principal\/2017\/05\/04\/escuela-normal-festeja-sus-130-anos\/","title":{"rendered":"Escuela Normal festeja sus 130 a\u00f1os"},"content":{"rendered":"<p>La comunidad educativa de la Escuela Normal Superior \u00abCapit\u00e1n Justo Jos\u00e9 de Urquiza\u00bb hace extensiva la invitaci\u00f3n a los festejos por sus 130 a\u00f1os desde su creaci\u00f3n. Los mismos ser\u00e1n el mismo d\u00eda que se recuerda su fundaci\u00f3n en 1887. El venidero 16 de mayo, a partir de la hora 10, el festejo protocolar ser\u00e1 sobre la avenida 29, entre 36 y 38.<\/p>\n<p><img loading=\"lazy\" decoding=\"async\" data-attachment-id=\"62352\" data-permalink=\"https:\/\/www.hoymercedes.com.ar\/principal\/2017\/05\/04\/escuela-normal-festeja-sus-130-anos\/04-escuela-normal-1\/#main\" data-orig-file=\"https:\/\/www.hoymercedes.com.ar\/principal\/wp-content\/uploads\/2017\/05\/04-Escuela-Normal-1.jpg\" data-orig-size=\"447,630\" data-comments-opened=\"0\" data-image-meta=\"{&quot;aperture&quot;:&quot;0&quot;,&quot;credit&quot;:&quot;&quot;,&quot;camera&quot;:&quot;&quot;,&quot;caption&quot;:&quot;&quot;,&quot;created_timestamp&quot;:&quot;0&quot;,&quot;copyright&quot;:&quot;&quot;,&quot;focal_length&quot;:&quot;0&quot;,&quot;iso&quot;:&quot;0&quot;,&quot;shutter_speed&quot;:&quot;0&quot;,&quot;title&quot;:&quot;&quot;,&quot;orientation&quot;:&quot;1&quot;}\" data-image-title=\"04 Escuela Normal 1\" data-image-description=\"\" data-image-caption=\"\" data-large-file=\"https:\/\/www.hoymercedes.com.ar\/principal\/wp-content\/uploads\/2017\/05\/04-Escuela-Normal-1.jpg\" class=\"aligncenter size-medium wp-image-62352\" src=\"https:\/\/www.hoymercedes.com.ar\/principal\/wp-content\/uploads\/2017\/05\/04-Escuela-Normal-1-440x620.jpg\" alt=\"\" width=\"440\" height=\"620\" srcset=\"https:\/\/www.hoymercedes.com.ar\/principal\/wp-content\/uploads\/2017\/05\/04-Escuela-Normal-1-440x620.jpg 440w, https:\/\/www.hoymercedes.com.ar\/principal\/wp-content\/uploads\/2017\/05\/04-Escuela-Normal-1-106x150.jpg 106w, https:\/\/www.hoymercedes.com.ar\/principal\/wp-content\/uploads\/2017\/05\/04-Escuela-Normal-1.jpg 447w\" sizes=\"auto, (max-width: 440px) 100vw, 440px\" \/><\/p>\n","protected":false},"excerpt":{"rendered":"<p>La comunidad educativa de la Escuela Normal Superior \u00abCapit\u00e1n Justo Jos\u00e9 de Urquiza\u00bb hace extensiva la invitaci\u00f3n a los festejos &#8230; <a title=\"Escuela Normal festeja sus 130 a\u00f1os\" class=\"read-more\" href=\"https:\/\/www.hoymercedes.com.ar\/principal\/2017\/05\/04\/escuela-normal-festeja-sus-130-anos\/\" aria-label=\"Leer m\u00e1s sobre Escuela Normal festeja sus 130 a\u00f1os\">Leer m\u00e1s<\/a><\/p>\n","protected":false},"author":1,"featured_media":62353,"comment_status":"closed","ping_status":"open","sticky":false,"template":"","format":"standard","meta":{"_monsterinsights_skip_tracking":false,"_monsterinsights_sitenote_active":false,"_monsterinsights_sitenote_note":"","_monsterinsights_sitenote_category":0,"jetpack_post_was_ever_published":false,"_jetpack_newsletter_access":"","_jetpack_dont_email_post_to_subs":false,"_jetpack_newsletter_tier_id":0,"_jetpack_memberships_contains_paywalled_content":false,"_jetpack_memberships_contains_paid_content":false,"footnotes":"","jetpack_publicize_message":"","jetpack_publicize_feature_enabled":true,"jetpack_social_post_already_shared":true,"jetpack_social_options":{"image_generator_settings":{"template":"highway","default_image_id":0,"font":"","enabled":false},"version":2},"_wpas_customize_per_network":false},"categories":[11],"tags":[10727,8833,1734,47,2266,9437],"class_list":["post-62348","post","type-post","status-publish","format-standard","has-post-thumbnail","hentry","category-ciudad","tag-130-anos","tag-acto-protocolar","tag-ciudad-2","tag-educacion-2","tag-escuela-normal","tag-festejos","generate-columns","tablet-grid-50","mobile-grid-100","grid-parent","grid-50"],"jetpack_publicize_connections":[],"jetpack_featured_media_url":"https:\/\/www.hoymercedes.com.ar\/principal\/wp-content\/uploads\/2017\/05\/04-Escuela-Normal-2.jpg","wps_subtitle":"","jetpack_sharing_enabled":true,"_links":{"self":[{"href":"https:\/\/www.hoymercedes.com.ar\/principal\/wp-json\/wp\/v2\/posts\/62348","targetHints":{"allow":["GET"]}}],"collection":[{"href":"https:\/\/www.hoymercedes.com.ar\/principal\/wp-json\/wp\/v2\/posts"}],"about":[{"href":"https:\/\/www.hoymercedes.com.ar\/principal\/wp-json\/wp\/v2\/types\/post"}],"author":[{"embeddable":true,"href":"https:\/\/www.hoymercedes.com.ar\/principal\/wp-json\/wp\/v2\/users\/1"}],"replies":[{"embeddable":true,"href":"https:\/\/www.hoymercedes.com.ar\/principal\/wp-json\/wp\/v2\/comments?post=62348"}],"version-history":[{"count":0,"href":"https:\/\/www.hoymercedes.com.ar\/principal\/wp-json\/wp\/v2\/posts\/62348\/revisions"}],"wp:featuredmedia":[{"embeddable":true,"href":"https:\/\/www.hoymercedes.com.ar\/principal\/wp-json\/wp\/v2\/media\/62353"}],"wp:attachment":[{"href":"https:\/\/www.hoymercedes.com.ar\/principal\/wp-json\/wp\/v2\/media?parent=62348"}],"wp:term":[{"taxonomy":"category","embeddable":true,"href":"https:\/\/www.hoymercedes.com.ar\/principal\/wp-json\/wp\/v2\/categories?post=62348"},{"taxonomy":"post_tag","embeddable":true,"href":"https:\/\/www.hoymercedes.com.ar\/principal\/wp-json\/wp\/v2\/tags?post=62348"}],"curies":[{"name":"wp","href":"https:\/\/api.w.org\/{rel}","templated":true}]}}