{"id":6235,"date":"2011-08-11T21:24:22","date_gmt":"2011-08-11T21:24:22","guid":{"rendered":"http:\/\/www.hoymercedes.com.ar\/principal\/?p=6235"},"modified":"2011-08-11T21:24:22","modified_gmt":"2011-08-11T21:24:22","slug":"jornada-de-entrenamiento-de-fiscales-de-udeso","status":"publish","type":"post","link":"https:\/\/www.hoymercedes.com.ar\/principal\/2011\/08\/11\/jornada-de-entrenamiento-de-fiscales-de-udeso\/","title":{"rendered":"Jornada de entrenamiento de fiscales de UDESO"},"content":{"rendered":"<p><a href=\"https:\/\/www.hoymercedes.com.ar\/principal\/wp-content\/uploads\/2011\/08\/panchitas-udeso.jpg\"><img loading=\"lazy\" decoding=\"async\" data-attachment-id=\"6237\" data-permalink=\"https:\/\/www.hoymercedes.com.ar\/principal\/2011\/08\/11\/jornada-de-entrenamiento-de-fiscales-de-udeso\/panchitas-udeso\/#main\" data-orig-file=\"https:\/\/www.hoymercedes.com.ar\/principal\/wp-content\/uploads\/2011\/08\/panchitas-udeso.jpg\" data-orig-size=\"600,450\" data-comments-opened=\"1\" data-image-meta=\"{&quot;aperture&quot;:&quot;3.1&quot;,&quot;credit&quot;:&quot;&quot;,&quot;camera&quot;:&quot;FinePix S2950&quot;,&quot;caption&quot;:&quot;&quot;,&quot;created_timestamp&quot;:&quot;1313001096&quot;,&quot;copyright&quot;:&quot;&quot;,&quot;focal_length&quot;:&quot;5&quot;,&quot;iso&quot;:&quot;200&quot;,&quot;shutter_speed&quot;:&quot;0.022222222222222&quot;,&quot;title&quot;:&quot;&quot;}\" data-image-title=\"panchitas-udeso\" data-image-description=\"\" data-image-caption=\"\" data-large-file=\"https:\/\/www.hoymercedes.com.ar\/principal\/wp-content\/uploads\/2011\/08\/panchitas-udeso.jpg\" class=\"aligncenter size-full wp-image-6237\" title=\"panchitas-udeso\" src=\"https:\/\/www.hoymercedes.com.ar\/principal\/wp-content\/uploads\/2011\/08\/panchitas-udeso.jpg\" alt=\"\" width=\"600\" height=\"450\" \/><\/a><\/p>\n<p>Dirigentes y militantes de UDESO emprendieron las \u00faltimos d\u00edas de la campa\u00f1a con capacitaci\u00f3n de fiscales, mesas de informes en la calle y reparto masivo de boletas.<\/p>\n<p>Con mucho optimismo, dirigentes y militantes de UDESO emprendieron las \u00faltimos d\u00edas de la campa\u00f1a previa a las primarias con entrenamiento y capacitaci\u00f3n de fiscales, mesas de informes en la calle y reparto masivo de boletas.<\/p>\n<p>El mi\u00e9rcoles 10 tuvo lugar una jornada de entrenamiento de nuevos fiscales, a cargo del candidato a concejal en segundo t\u00e9rmino Javier Torres, con una masiva concurrencia en el comit\u00e9 radical de avenida 29. Un grupo de alrededor de 40 personas, nuevos fiscales sin experiencia, fueron capacitados en todos los aspectos que deben conocer para supervisar el correcto funcionamiento de las mesas de votaci\u00f3n.<\/p>\n<p>\u201cNo tenemos dificultades para reclutar fiscales, como les sucede a otras fuerzas\u201d, afirm\u00f3 orgullo Javier Torres. \u201cIncluso vienen vecinos espont\u00e1neamente a ofrecerse\u201d. Tal fue el caso de Lucila B\u00e1ez, que se present\u00f3 durante la jornada para afiliarse al centenario partido, conocer personalmente al candidato a intendente Juan Manuel Torres y ofrecer sus servicios para fiscalizar una mesa.<\/p>\n<p>Lucila, ama de casa y estudiante, dijo que \u201chac\u00eda 10 a\u00f1os que sent\u00eda este llamado\u201d, pero esta vez tom\u00f3 la determinaci\u00f3n, y dijo sentirse emocionada de \u201cvivir la elecci\u00f3n desde adentro\u201d el pr\u00f3ximo domingo.<\/p>\n<p><a href=\"https:\/\/www.hoymercedes.com.ar\/principal\/wp-content\/uploads\/2011\/08\/capacitacion_fiscales-udeso.jpg\"><img loading=\"lazy\" decoding=\"async\" data-attachment-id=\"6238\" data-permalink=\"https:\/\/www.hoymercedes.com.ar\/principal\/2011\/08\/11\/jornada-de-entrenamiento-de-fiscales-de-udeso\/capacitacion_fiscales-udeso\/#main\" data-orig-file=\"https:\/\/www.hoymercedes.com.ar\/principal\/wp-content\/uploads\/2011\/08\/capacitacion_fiscales-udeso.jpg\" data-orig-size=\"600,450\" data-comments-opened=\"1\" data-image-meta=\"{&quot;aperture&quot;:&quot;3.1&quot;,&quot;credit&quot;:&quot;&quot;,&quot;camera&quot;:&quot;FinePix S2950&quot;,&quot;caption&quot;:&quot;&quot;,&quot;created_timestamp&quot;:&quot;1313000880&quot;,&quot;copyright&quot;:&quot;&quot;,&quot;focal_length&quot;:&quot;5&quot;,&quot;iso&quot;:&quot;200&quot;,&quot;shutter_speed&quot;:&quot;0.022222222222222&quot;,&quot;title&quot;:&quot;&quot;}\" data-image-title=\"capacitacion_fiscales-udeso\" data-image-description=\"\" data-image-caption=\"\" data-large-file=\"https:\/\/www.hoymercedes.com.ar\/principal\/wp-content\/uploads\/2011\/08\/capacitacion_fiscales-udeso.jpg\" class=\"aligncenter size-full wp-image-6238\" title=\"capacitacion_fiscales-udeso\" src=\"https:\/\/www.hoymercedes.com.ar\/principal\/wp-content\/uploads\/2011\/08\/capacitacion_fiscales-udeso.jpg\" alt=\"\" width=\"600\" height=\"450\" srcset=\"https:\/\/www.hoymercedes.com.ar\/principal\/wp-content\/uploads\/2011\/08\/capacitacion_fiscales-udeso.jpg 600w, https:\/\/www.hoymercedes.com.ar\/principal\/wp-content\/uploads\/2011\/08\/capacitacion_fiscales-udeso-300x225.jpg 300w\" sizes=\"auto, (max-width: 600px) 100vw, 600px\" \/><\/a><\/p>\n<p>UDESO lleva como candidatos a concejales a Karina Laregina, Javier Torres y Fabi\u00e1n Posada en los primeros lugares. Torres es el candidato a intendente, Francisco de Narv\u00e1ez se postula para gobernador y Ricardo Alfons\u00edn para presidente.<\/p>\n<p>&nbsp;<\/p>\n","protected":false},"excerpt":{"rendered":"<p>Dirigentes y militantes de UDESO emprendieron las \u00faltimos d\u00edas de la campa\u00f1a con capacitaci\u00f3n de fiscales, mesas de informes en &#8230; <a title=\"Jornada de entrenamiento de fiscales de UDESO\" class=\"read-more\" href=\"https:\/\/www.hoymercedes.com.ar\/principal\/2011\/08\/11\/jornada-de-entrenamiento-de-fiscales-de-udeso\/\" aria-label=\"Leer m\u00e1s sobre Jornada de entrenamiento de fiscales de UDESO\">Leer m\u00e1s<\/a><\/p>\n","protected":false},"author":1,"featured_media":0,"comment_status":"open","ping_status":"open","sticky":false,"template":"","format":"standard","meta":{"_monsterinsights_skip_tracking":false,"_monsterinsights_sitenote_active":false,"_monsterinsights_sitenote_note":"","_monsterinsights_sitenote_category":0,"jetpack_post_was_ever_published":false,"_jetpack_newsletter_access":"","_jetpack_dont_email_post_to_subs":false,"_jetpack_newsletter_tier_id":0,"_jetpack_memberships_contains_paywalled_content":false,"_jetpack_memberships_contains_paid_content":false,"footnotes":"","jetpack_publicize_message":"","jetpack_publicize_feature_enabled":true,"jetpack_social_post_already_shared":false,"jetpack_social_options":{"image_generator_settings":{"template":"highway","default_image_id":0,"font":"","enabled":false},"version":2},"_wpas_customize_per_network":false},"categories":[5],"tags":[1136,392,1108],"class_list":["post-6235","post","type-post","status-publish","format-standard","hentry","category-politica","tag-las-panchitas","tag-pancho-torres","tag-udeso-mercedes","generate-columns","tablet-grid-50","mobile-grid-100","grid-parent","grid-50"],"jetpack_publicize_connections":[],"jetpack_featured_media_url":"","wps_subtitle":"","jetpack_sharing_enabled":true,"_links":{"self":[{"href":"https:\/\/www.hoymercedes.com.ar\/principal\/wp-json\/wp\/v2\/posts\/6235","targetHints":{"allow":["GET"]}}],"collection":[{"href":"https:\/\/www.hoymercedes.com.ar\/principal\/wp-json\/wp\/v2\/posts"}],"about":[{"href":"https:\/\/www.hoymercedes.com.ar\/principal\/wp-json\/wp\/v2\/types\/post"}],"author":[{"embeddable":true,"href":"https:\/\/www.hoymercedes.com.ar\/principal\/wp-json\/wp\/v2\/users\/1"}],"replies":[{"embeddable":true,"href":"https:\/\/www.hoymercedes.com.ar\/principal\/wp-json\/wp\/v2\/comments?post=6235"}],"version-history":[{"count":0,"href":"https:\/\/www.hoymercedes.com.ar\/principal\/wp-json\/wp\/v2\/posts\/6235\/revisions"}],"wp:attachment":[{"href":"https:\/\/www.hoymercedes.com.ar\/principal\/wp-json\/wp\/v2\/media?parent=6235"}],"wp:term":[{"taxonomy":"category","embeddable":true,"href":"https:\/\/www.hoymercedes.com.ar\/principal\/wp-json\/wp\/v2\/categories?post=6235"},{"taxonomy":"post_tag","embeddable":true,"href":"https:\/\/www.hoymercedes.com.ar\/principal\/wp-json\/wp\/v2\/tags?post=6235"}],"curies":[{"name":"wp","href":"https:\/\/api.w.org\/{rel}","templated":true}]}}