{"id":62436,"date":"2017-05-06T19:27:00","date_gmt":"2017-05-06T22:27:00","guid":{"rendered":"http:\/\/www.hoymercedes.com.ar\/principal\/?p=62436"},"modified":"2017-05-06T19:27:00","modified_gmt":"2017-05-06T22:27:00","slug":"concejales-mercedinos-participaron-de-capacitacion-legislativa-en-exposuipacha","status":"publish","type":"post","link":"https:\/\/www.hoymercedes.com.ar\/principal\/2017\/05\/06\/concejales-mercedinos-participaron-de-capacitacion-legislativa-en-exposuipacha\/","title":{"rendered":"Concejales mercedinos participaron de capacitaci\u00f3n legislativa en ExpoSuipacha"},"content":{"rendered":"<p id=\"yui_3_16_0_ym19_1_1494109050991_2762\">En el marco de la exposici\u00f3n rural de la vecina localidad de Suipacha se llev\u00f3 adelante una Jornada de Capacitaci\u00f3n Legislativa, brindada por el Observatorio Legislativo del Senado de la provincia de Buenos Aires.<\/p>\n<p>De esta capacitaci\u00f3n participaron los concejales mercedinos Oscar Albini, Juan Carlos Badano, Edgard Killmeate, A\u00edda \u00abPety\u00bb Laporta, Juan Navarro y Alejandra Repetto.<\/p>\n<p><img loading=\"lazy\" decoding=\"async\" data-attachment-id=\"62437\" data-permalink=\"https:\/\/www.hoymercedes.com.ar\/principal\/2017\/05\/06\/concejales-mercedinos-participaron-de-capacitacion-legislativa-en-exposuipacha\/06-cambiemos-suipacha\/#main\" data-orig-file=\"https:\/\/www.hoymercedes.com.ar\/principal\/wp-content\/uploads\/2017\/05\/06-cambiemos-Suipacha.jpg\" data-orig-size=\"630,420\" data-comments-opened=\"0\" data-image-meta=\"{&quot;aperture&quot;:&quot;0&quot;,&quot;credit&quot;:&quot;&quot;,&quot;camera&quot;:&quot;&quot;,&quot;caption&quot;:&quot;&quot;,&quot;created_timestamp&quot;:&quot;0&quot;,&quot;copyright&quot;:&quot;&quot;,&quot;focal_length&quot;:&quot;0&quot;,&quot;iso&quot;:&quot;0&quot;,&quot;shutter_speed&quot;:&quot;0&quot;,&quot;title&quot;:&quot;&quot;,&quot;orientation&quot;:&quot;0&quot;}\" data-image-title=\"06 cambiemos Suipacha\" data-image-description=\"\" data-image-caption=\"\" data-large-file=\"https:\/\/www.hoymercedes.com.ar\/principal\/wp-content\/uploads\/2017\/05\/06-cambiemos-Suipacha.jpg\" class=\"aligncenter size-medium wp-image-62437\" src=\"https:\/\/www.hoymercedes.com.ar\/principal\/wp-content\/uploads\/2017\/05\/06-cambiemos-Suipacha-630x420.jpg\" alt=\"\" width=\"630\" height=\"420\" srcset=\"https:\/\/www.hoymercedes.com.ar\/principal\/wp-content\/uploads\/2017\/05\/06-cambiemos-Suipacha.jpg 630w, https:\/\/www.hoymercedes.com.ar\/principal\/wp-content\/uploads\/2017\/05\/06-cambiemos-Suipacha-150x100.jpg 150w, https:\/\/www.hoymercedes.com.ar\/principal\/wp-content\/uploads\/2017\/05\/06-cambiemos-Suipacha-300x200.jpg 300w\" sizes=\"auto, (max-width: 630px) 100vw, 630px\" \/><\/p>\n<p>El acto de apertura\u00a0realizado en las primeras horas de la\u00a0ma\u00f1ana, estuvo a cargo del Intendente Municipal de Suipacha, Alejandro Federico y del Secretario Legislativo del Senado, Mariano Mugnolo.<\/p>\n<p id=\"yui_3_16_0_ym19_1_1494109050991_2770\">En dicha capacitaci\u00f3n se abordaron temas relacionados a T\u00e9cnica Legislativa; Herramientas para Dise\u00f1o y Planificaci\u00f3n de Pol\u00edticas P\u00fablicas; Digesto Jur\u00eddico\u00a0Municipal y Acceso a la Informaci\u00f3n P\u00fablica.<\/p>\n<p id=\"yui_3_16_0_ym19_1_1494109050991_2768\">\n<p>&nbsp;<\/p>\n<p>Fuente: Prensa bloque Frente Cambiemos<\/p>\n","protected":false},"excerpt":{"rendered":"<p>En el marco de la exposici\u00f3n rural de la vecina localidad de Suipacha se llev\u00f3 adelante una Jornada de Capacitaci\u00f3n &#8230; <a title=\"Concejales mercedinos participaron de capacitaci\u00f3n legislativa en ExpoSuipacha\" class=\"read-more\" href=\"https:\/\/www.hoymercedes.com.ar\/principal\/2017\/05\/06\/concejales-mercedinos-participaron-de-capacitacion-legislativa-en-exposuipacha\/\" aria-label=\"Leer m\u00e1s sobre Concejales mercedinos participaron de capacitaci\u00f3n legislativa en ExpoSuipacha\">Leer m\u00e1s<\/a><\/p>\n","protected":false},"author":1,"featured_media":62437,"comment_status":"closed","ping_status":"open","sticky":false,"template":"","format":"standard","meta":{"_monsterinsights_skip_tracking":false,"_monsterinsights_sitenote_active":false,"_monsterinsights_sitenote_note":"","_monsterinsights_sitenote_category":0,"jetpack_post_was_ever_published":false,"_jetpack_newsletter_access":"","_jetpack_dont_email_post_to_subs":false,"_jetpack_newsletter_tier_id":0,"_jetpack_memberships_contains_paywalled_content":false,"_jetpack_memberships_contains_paid_content":false,"footnotes":"","jetpack_publicize_message":"","jetpack_publicize_feature_enabled":true,"jetpack_social_post_already_shared":true,"jetpack_social_options":{"image_generator_settings":{"template":"highway","default_image_id":0,"font":"","enabled":false},"version":2},"_wpas_customize_per_network":false},"categories":[5],"tags":[8656,8993,1354,11034,7492,15,5319,559],"class_list":["post-62436","post","type-post","status-publish","format-standard","has-post-thumbnail","hentry","category-politica","tag-capacitacion","tag-concejales","tag-exposicion-rural","tag-exposuipacha","tag-frente-cambiemos","tag-hcd","tag-politica-2","tag-suipacha","generate-columns","tablet-grid-50","mobile-grid-100","grid-parent","grid-50"],"jetpack_publicize_connections":[],"jetpack_featured_media_url":"https:\/\/www.hoymercedes.com.ar\/principal\/wp-content\/uploads\/2017\/05\/06-cambiemos-Suipacha.jpg","wps_subtitle":"En la ma\u00f1ana del s\u00e1bado","jetpack_sharing_enabled":true,"jetpack-related-posts":[{"id":120350,"url":"https:\/\/www.hoymercedes.com.ar\/principal\/2020\/11\/18\/mercedinos-presente-en-capacitacion-virtual-de-korfball\/","url_meta":{"origin":62436,"position":0},"title":"Mercedinos presente en capacitaci\u00f3n virtual de Korfball","author":"hoymercedes","date":"18 noviembre, 2020","format":false,"excerpt":"Se realiz\u00f3 la capacitaci\u00f3n virtual de korfball en Mercedes, donde m\u00e1s de 60 alumnos y profesores del Instituto Superior Ciudad de Mercedes, junto al referente local Damian Altieri e invitados del Instituto Mignone de Lujan estuvieron cerca de 2 horas con el conversatorio virtual gratuito, descubriendo el korfball, un deporte\u2026","rel":"","context":"En \u00abDeportes\u00bb","block_context":{"text":"Deportes","link":"https:\/\/www.hoymercedes.com.ar\/principal\/category\/deportes\/"},"img":{"alt_text":"","src":"https:\/\/i0.wp.com\/www.hoymercedes.com.ar\/principal\/wp-content\/uploads\/2020\/11\/Korfball.jpg?resize=350%2C200&ssl=1","width":350,"height":200,"srcset":"https:\/\/i0.wp.com\/www.hoymercedes.com.ar\/principal\/wp-content\/uploads\/2020\/11\/Korfball.jpg?resize=350%2C200&ssl=1 1x, https:\/\/i0.wp.com\/www.hoymercedes.com.ar\/principal\/wp-content\/uploads\/2020\/11\/Korfball.jpg?resize=525%2C300&ssl=1 1.5x, https:\/\/i0.wp.com\/www.hoymercedes.com.ar\/principal\/wp-content\/uploads\/2020\/11\/Korfball.jpg?resize=700%2C400&ssl=1 2x"},"classes":[]},{"id":127823,"url":"https:\/\/www.hoymercedes.com.ar\/principal\/2021\/04\/09\/capacitacion-a-concejales-en-la-ley-micaela\/","url_meta":{"origin":62436,"position":1},"title":"Capacitaci\u00f3n a Concejales en la Ley Micaela","author":"hoymercedes","date":"9 abril, 2021","format":false,"excerpt":"La Direcci\u00f3n de Pol\u00edticas de G\u00e9neros y Diversidad municipal comenz\u00f3 la capacitaci\u00f3n en g\u00e9nero y violencia, enmarcada dentro de la ley Micaela, a los ediles del Honorable Concejo Deliberante de nuestra ciudad. Esta formaci\u00f3n es obligatoria para todas las personas que trabajan en la funci\u00f3n p\u00fablica.\u00a0\u00a0\u00a0\u00a0 La concejala Andrea Bozzini,\u2026","rel":"","context":"En \u00abMunicipio\u00bb","block_context":{"text":"Municipio","link":"https:\/\/www.hoymercedes.com.ar\/principal\/category\/municipio\/"},"img":{"alt_text":"","src":"https:\/\/i0.wp.com\/www.hoymercedes.com.ar\/principal\/wp-content\/uploads\/2021\/04\/09-concejales-ley-micaela.jpeg?resize=350%2C200&ssl=1","width":350,"height":200,"srcset":"https:\/\/i0.wp.com\/www.hoymercedes.com.ar\/principal\/wp-content\/uploads\/2021\/04\/09-concejales-ley-micaela.jpeg?resize=350%2C200&ssl=1 1x, https:\/\/i0.wp.com\/www.hoymercedes.com.ar\/principal\/wp-content\/uploads\/2021\/04\/09-concejales-ley-micaela.jpeg?resize=525%2C300&ssl=1 1.5x, https:\/\/i0.wp.com\/www.hoymercedes.com.ar\/principal\/wp-content\/uploads\/2021\/04\/09-concejales-ley-micaela.jpeg?resize=700%2C400&ssl=1 2x"},"classes":[]},{"id":191115,"url":"https:\/\/www.hoymercedes.com.ar\/principal\/2026\/01\/22\/en-suipacha-la-oposicion-critico-al-intendente-por-no-presentarse-a-una-interpelacion\/","url_meta":{"origin":62436,"position":2},"title":"En Suipacha, la oposici\u00f3n critic\u00f3 al intendente por no presentarse a una interpelaci\u00f3n","author":"hoymercedes","date":"22 enero, 2026","format":false,"excerpt":"En medio de un clima de creciente tensi\u00f3n pol\u00edtica en Suipacha, el bloque Juntos Somos Potencia lanz\u00f3 duras cr\u00edticas al intendente Juan Luis Mancini despu\u00e9s de que \u00e9ste no se hiciera presente en una sesi\u00f3n del Concejo Deliberante en la que deb\u00eda ser interpelado por la situaci\u00f3n del Hospital Municipal\u2026","rel":"","context":"En \u00abPol\u00edtica\u00bb","block_context":{"text":"Pol\u00edtica","link":"https:\/\/www.hoymercedes.com.ar\/principal\/category\/politica\/"},"img":{"alt_text":"Juan Lu\u00eds Mancini, intendente de Suipacha","src":"https:\/\/i0.wp.com\/www.hoymercedes.com.ar\/principal\/wp-content\/uploads\/2024\/05\/JuanLuisMancini.jpeg?resize=350%2C200&ssl=1","width":350,"height":200,"srcset":"https:\/\/i0.wp.com\/www.hoymercedes.com.ar\/principal\/wp-content\/uploads\/2024\/05\/JuanLuisMancini.jpeg?resize=350%2C200&ssl=1 1x, https:\/\/i0.wp.com\/www.hoymercedes.com.ar\/principal\/wp-content\/uploads\/2024\/05\/JuanLuisMancini.jpeg?resize=525%2C300&ssl=1 1.5x, https:\/\/i0.wp.com\/www.hoymercedes.com.ar\/principal\/wp-content\/uploads\/2024\/05\/JuanLuisMancini.jpeg?resize=700%2C400&ssl=1 2x"},"classes":[]},{"id":154265,"url":"https:\/\/www.hoymercedes.com.ar\/principal\/2022\/10\/18\/suipacha-partido-justicialista-consolida-la-unidad-de-cara-al-2023\/","url_meta":{"origin":62436,"position":3},"title":"Suipacha: Partido Justicialista consolida la unidad de cara al 2023","author":"hoymercedes","date":"18 octubre, 2022","format":false,"excerpt":"Este lunes el PJ de Suipacha se reuni\u00f3 en su sede partidaria para recordar el hist\u00f3rico 17 de octubre, pero adem\u00e1s sirvi\u00f3 para reafirmar la unidad y encolumnar al peronismo local detr\u00e1s de la candidatura del concejal Juan Luis Mancini para el 2023. La reuni\u00f3n en la sede del partido\u2026","rel":"","context":"En \u00abRegi\u00f3n\u00bb","block_context":{"text":"Regi\u00f3n","link":"https:\/\/www.hoymercedes.com.ar\/principal\/category\/region\/"},"img":{"alt_text":"","src":"https:\/\/i0.wp.com\/www.hoymercedes.com.ar\/principal\/wp-content\/uploads\/2022\/10\/PartidoJusticialista-Suipacha.jpeg?resize=350%2C200&ssl=1","width":350,"height":200,"srcset":"https:\/\/i0.wp.com\/www.hoymercedes.com.ar\/principal\/wp-content\/uploads\/2022\/10\/PartidoJusticialista-Suipacha.jpeg?resize=350%2C200&ssl=1 1x, https:\/\/i0.wp.com\/www.hoymercedes.com.ar\/principal\/wp-content\/uploads\/2022\/10\/PartidoJusticialista-Suipacha.jpeg?resize=525%2C300&ssl=1 1.5x, https:\/\/i0.wp.com\/www.hoymercedes.com.ar\/principal\/wp-content\/uploads\/2022\/10\/PartidoJusticialista-Suipacha.jpeg?resize=700%2C400&ssl=1 2x, https:\/\/i0.wp.com\/www.hoymercedes.com.ar\/principal\/wp-content\/uploads\/2022\/10\/PartidoJusticialista-Suipacha.jpeg?resize=1050%2C600&ssl=1 3x, https:\/\/i0.wp.com\/www.hoymercedes.com.ar\/principal\/wp-content\/uploads\/2022\/10\/PartidoJusticialista-Suipacha.jpeg?resize=1400%2C800&ssl=1 4x"},"classes":[]},{"id":49441,"url":"https:\/\/www.hoymercedes.com.ar\/principal\/2016\/05\/03\/exposuipacha-disertara-el-economista-juan-carlos-de-pablo\/","url_meta":{"origin":62436,"position":4},"title":"ExpoSuipacha: Disertar\u00e1 el economista Juan Carlos de Pablo","author":"hoymercedes","date":"3 mayo, 2016","format":false,"excerpt":"\u00a0 Entre el 4 y el 8 de mayo se llevar\u00e1 adelante la Expo Suipacha en la localidad vecina. En dicho marco, este viernes 6, 19:30 horas, estar\u00e1\u00a0brindando una charla abierta el economista Juan Carlos de Pablo. El prestigioso profesional se referir\u00e1 al panorama pol\u00edtico y econ\u00f3mico actual del pa\u00eds,\u2026","rel":"","context":"En \u00abRegi\u00f3n\u00bb","block_context":{"text":"Regi\u00f3n","link":"https:\/\/www.hoymercedes.com.ar\/principal\/category\/region\/"},"img":{"alt_text":"","src":"https:\/\/i0.wp.com\/www.hoymercedes.com.ar\/principal\/wp-content\/uploads\/2016\/05\/03-Lic.-Juan-Carlo-De-Pablo.jpg?resize=350%2C200&ssl=1","width":350,"height":200},"classes":[]},{"id":183456,"url":"https:\/\/www.hoymercedes.com.ar\/principal\/2025\/03\/21\/suipacha-el-pro-con-criticas-al-gobierno-nacional-destaca-el-exito-del-programa-precios-comunidad\/","url_meta":{"origin":62436,"position":5},"title":"Suipacha: el PRO, con cr\u00edticas al gobierno nacional, destaca el \u00e9xito del programa Precios Comunidad","author":"hoymercedes","date":"21 marzo, 2025","format":false,"excerpt":"El bloque de concejales de la oposici\u00f3n present\u00f3 un proyecto en el Concejo Deliberante con el fin de fortalecer el programa Precios Comunidad, que la actual gesti\u00f3n de Juan Luis Mancini puso en marcha en 2024.Los concejales del PRO presentaron un proyecto en el Concejo, donde formulan fuertes cr\u00edticas a\u2026","rel":"","context":"En \u00abRegi\u00f3n\u00bb","block_context":{"text":"Regi\u00f3n","link":"https:\/\/www.hoymercedes.com.ar\/principal\/category\/region\/"},"img":{"alt_text":"Suipacha: el PRO, con cr\u00edticas al gobierno nacional, destaca el \u00e9xito del programa Precios Comunidad","src":"https:\/\/i0.wp.com\/www.hoymercedes.com.ar\/principal\/wp-content\/uploads\/2025\/03\/Mancini-Precios.jpg?resize=350%2C200&ssl=1","width":350,"height":200,"srcset":"https:\/\/i0.wp.com\/www.hoymercedes.com.ar\/principal\/wp-content\/uploads\/2025\/03\/Mancini-Precios.jpg?resize=350%2C200&ssl=1 1x, https:\/\/i0.wp.com\/www.hoymercedes.com.ar\/principal\/wp-content\/uploads\/2025\/03\/Mancini-Precios.jpg?resize=525%2C300&ssl=1 1.5x, https:\/\/i0.wp.com\/www.hoymercedes.com.ar\/principal\/wp-content\/uploads\/2025\/03\/Mancini-Precios.jpg?resize=700%2C400&ssl=1 2x, https:\/\/i0.wp.com\/www.hoymercedes.com.ar\/principal\/wp-content\/uploads\/2025\/03\/Mancini-Precios.jpg?resize=1050%2C600&ssl=1 3x"},"classes":[]}],"_links":{"self":[{"href":"https:\/\/www.hoymercedes.com.ar\/principal\/wp-json\/wp\/v2\/posts\/62436","targetHints":{"allow":["GET"]}}],"collection":[{"href":"https:\/\/www.hoymercedes.com.ar\/principal\/wp-json\/wp\/v2\/posts"}],"about":[{"href":"https:\/\/www.hoymercedes.com.ar\/principal\/wp-json\/wp\/v2\/types\/post"}],"author":[{"embeddable":true,"href":"https:\/\/www.hoymercedes.com.ar\/principal\/wp-json\/wp\/v2\/users\/1"}],"replies":[{"embeddable":true,"href":"https:\/\/www.hoymercedes.com.ar\/principal\/wp-json\/wp\/v2\/comments?post=62436"}],"version-history":[{"count":0,"href":"https:\/\/www.hoymercedes.com.ar\/principal\/wp-json\/wp\/v2\/posts\/62436\/revisions"}],"wp:featuredmedia":[{"embeddable":true,"href":"https:\/\/www.hoymercedes.com.ar\/principal\/wp-json\/wp\/v2\/media\/62437"}],"wp:attachment":[{"href":"https:\/\/www.hoymercedes.com.ar\/principal\/wp-json\/wp\/v2\/media?parent=62436"}],"wp:term":[{"taxonomy":"category","embeddable":true,"href":"https:\/\/www.hoymercedes.com.ar\/principal\/wp-json\/wp\/v2\/categories?post=62436"},{"taxonomy":"post_tag","embeddable":true,"href":"https:\/\/www.hoymercedes.com.ar\/principal\/wp-json\/wp\/v2\/tags?post=62436"}],"curies":[{"name":"wp","href":"https:\/\/api.w.org\/{rel}","templated":true}]}}