{"id":62449,"date":"2017-05-07T13:46:36","date_gmt":"2017-05-07T16:46:36","guid":{"rendered":"http:\/\/www.hoymercedes.com.ar\/principal\/?p=62449"},"modified":"2017-05-07T14:21:25","modified_gmt":"2017-05-07T17:21:25","slug":"sentido-homenaje-del-frente-mercedino-a-eva-peron-en-aniversario-de-su-natalicio","status":"publish","type":"post","link":"https:\/\/www.hoymercedes.com.ar\/principal\/2017\/05\/07\/sentido-homenaje-del-frente-mercedino-a-eva-peron-en-aniversario-de-su-natalicio\/","title":{"rendered":"Sentido homenaje del Frente Mercedino a Eva Per\u00f3n en aniversario de su natalicio"},"content":{"rendered":"<p>En calle 30 y 23, frente al busto que la recuerda, se llev\u00f3 a cabo un \u00a0encuentro y sentido homenaje a Eva Duarte de Per\u00f3n en un el 98\u00b0 aniversario de su natalicio. La colocaci\u00f3n de ofrenda floral por parte del Frente Mercedino estuvo encabezada por Juan Ustarroz, Eduardo de Pedro, Juan Pablo L\u00f3pez y concejales de dicha fuerza.<\/p>\n<figure id=\"attachment_62450\" aria-describedby=\"caption-attachment-62450\" style=\"width: 620px\" class=\"wp-caption aligncenter\"><img loading=\"lazy\" decoding=\"async\" data-attachment-id=\"62450\" data-permalink=\"https:\/\/www.hoymercedes.com.ar\/principal\/2017\/05\/07\/sentido-homenaje-del-frente-mercedino-a-eva-peron-en-aniversario-de-su-natalicio\/acto-eva-2-1\/#main\" data-orig-file=\"https:\/\/www.hoymercedes.com.ar\/principal\/wp-content\/uploads\/2017\/05\/Acto-Eva-2-1.jpeg\" data-orig-size=\"630,473\" data-comments-opened=\"0\" data-image-meta=\"{&quot;aperture&quot;:&quot;0&quot;,&quot;credit&quot;:&quot;&quot;,&quot;camera&quot;:&quot;&quot;,&quot;caption&quot;:&quot;&quot;,&quot;created_timestamp&quot;:&quot;0&quot;,&quot;copyright&quot;:&quot;&quot;,&quot;focal_length&quot;:&quot;0&quot;,&quot;iso&quot;:&quot;0&quot;,&quot;shutter_speed&quot;:&quot;0&quot;,&quot;title&quot;:&quot;&quot;,&quot;orientation&quot;:&quot;0&quot;}\" data-image-title=\"Acto-Eva-2 (1)\" data-image-description=\"\" data-image-caption=\"&lt;p&gt;Ustarroz, acto Eva Per\u00f3n&lt;\/p&gt;\n\" data-large-file=\"https:\/\/www.hoymercedes.com.ar\/principal\/wp-content\/uploads\/2017\/05\/Acto-Eva-2-1.jpeg\" class=\"size-medium wp-image-62450\" src=\"https:\/\/www.hoymercedes.com.ar\/principal\/wp-content\/uploads\/2017\/05\/Acto-Eva-2-1-630x473.jpeg\" alt=\"\" width=\"630\" height=\"473\" srcset=\"https:\/\/www.hoymercedes.com.ar\/principal\/wp-content\/uploads\/2017\/05\/Acto-Eva-2-1.jpeg 630w, https:\/\/www.hoymercedes.com.ar\/principal\/wp-content\/uploads\/2017\/05\/Acto-Eva-2-1-150x113.jpeg 150w\" sizes=\"auto, (max-width: 630px) 100vw, 630px\" \/><figcaption id=\"caption-attachment-62450\" class=\"wp-caption-text\">Ustarroz, acto Eva Per\u00f3n<\/figcaption><\/figure>\n<p>Juan Ustarroz fue quien tom\u00f3 la palabra destacando la importancia de la figura de Eva Per\u00f3n quien marc\u00f3 el destino de nuestra Naci\u00f3n, sembrando un terrero que sigue dando sus frutos de solidaridad, respeto a la vida y amor al pr\u00f3jimo, ense\u00f1ando que la lucha es clave para poder conquistar y sostener derechos y bienestar social.<\/p>\n<p>Hubo colocaci\u00f3n de ofrenda floral de parte del bloque de concejales compuesto por Celeste Burone, Patricia Prenitune, Mat\u00e1is Dematei, C\u00e9sar Salazar, Santiago Altube, Mariana Sanmart\u00edn y Carlos Garro.<\/p>\n<figure id=\"attachment_62451\" aria-describedby=\"caption-attachment-62451\" style=\"width: 620px\" class=\"wp-caption aligncenter\"><img loading=\"lazy\" decoding=\"async\" data-attachment-id=\"62451\" data-permalink=\"https:\/\/www.hoymercedes.com.ar\/principal\/2017\/05\/07\/sentido-homenaje-del-frente-mercedino-a-eva-peron-en-aniversario-de-su-natalicio\/acto-eva-2-2\/#main\" data-orig-file=\"https:\/\/www.hoymercedes.com.ar\/principal\/wp-content\/uploads\/2017\/05\/Acto-Eva-2-2.jpeg\" data-orig-size=\"630,473\" data-comments-opened=\"0\" data-image-meta=\"{&quot;aperture&quot;:&quot;0&quot;,&quot;credit&quot;:&quot;&quot;,&quot;camera&quot;:&quot;&quot;,&quot;caption&quot;:&quot;&quot;,&quot;created_timestamp&quot;:&quot;0&quot;,&quot;copyright&quot;:&quot;&quot;,&quot;focal_length&quot;:&quot;0&quot;,&quot;iso&quot;:&quot;0&quot;,&quot;shutter_speed&quot;:&quot;0&quot;,&quot;title&quot;:&quot;&quot;,&quot;orientation&quot;:&quot;0&quot;}\" data-image-title=\"Acto-Eva-2 (2)\" data-image-description=\"\" data-image-caption=\"&lt;p&gt;Ofrenda floral&lt;\/p&gt;\n\" data-large-file=\"https:\/\/www.hoymercedes.com.ar\/principal\/wp-content\/uploads\/2017\/05\/Acto-Eva-2-2.jpeg\" class=\"size-medium wp-image-62451\" src=\"https:\/\/www.hoymercedes.com.ar\/principal\/wp-content\/uploads\/2017\/05\/Acto-Eva-2-2-630x473.jpeg\" alt=\"\" width=\"630\" height=\"473\" srcset=\"https:\/\/www.hoymercedes.com.ar\/principal\/wp-content\/uploads\/2017\/05\/Acto-Eva-2-2.jpeg 630w, https:\/\/www.hoymercedes.com.ar\/principal\/wp-content\/uploads\/2017\/05\/Acto-Eva-2-2-150x113.jpeg 150w\" sizes=\"auto, (max-width: 630px) 100vw, 630px\" \/><figcaption id=\"caption-attachment-62451\" class=\"wp-caption-text\">Ofrenda floral<\/figcaption><\/figure>\n<p>Ustarroz destac\u00f3 la lucha como elemento motorizador para la defensa de los derechos de la poblaci\u00f3n, los derechos humanos y la necesidad de continuar tomando el ejemplo de Eva en estos d\u00edas tan complicados para todos en el pa\u00eds, donde muchos derechos han padecido profundos retrocesos.<\/p>\n<p>Eva Per\u00f3n cumplir\u00eda un d\u00eda como hoy 98 a\u00f1os y sigue siendo una figura central en nuestra historia como pa\u00eds.<\/p>\n<p><img loading=\"lazy\" decoding=\"async\" data-attachment-id=\"62452\" data-permalink=\"https:\/\/www.hoymercedes.com.ar\/principal\/2017\/05\/07\/sentido-homenaje-del-frente-mercedino-a-eva-peron-en-aniversario-de-su-natalicio\/acto-eva\/#main\" data-orig-file=\"https:\/\/www.hoymercedes.com.ar\/principal\/wp-content\/uploads\/2017\/05\/Acto-Eva.jpg\" data-orig-size=\"630,474\" data-comments-opened=\"0\" data-image-meta=\"{&quot;aperture&quot;:&quot;0&quot;,&quot;credit&quot;:&quot;&quot;,&quot;camera&quot;:&quot;&quot;,&quot;caption&quot;:&quot;&quot;,&quot;created_timestamp&quot;:&quot;0&quot;,&quot;copyright&quot;:&quot;&quot;,&quot;focal_length&quot;:&quot;0&quot;,&quot;iso&quot;:&quot;0&quot;,&quot;shutter_speed&quot;:&quot;0&quot;,&quot;title&quot;:&quot;&quot;,&quot;orientation&quot;:&quot;0&quot;}\" data-image-title=\"Acto-Eva\" data-image-description=\"\" data-image-caption=\"\" data-large-file=\"https:\/\/www.hoymercedes.com.ar\/principal\/wp-content\/uploads\/2017\/05\/Acto-Eva.jpg\" class=\"aligncenter size-medium wp-image-62452\" src=\"https:\/\/www.hoymercedes.com.ar\/principal\/wp-content\/uploads\/2017\/05\/Acto-Eva-630x474.jpg\" alt=\"\" width=\"630\" height=\"474\" srcset=\"https:\/\/www.hoymercedes.com.ar\/principal\/wp-content\/uploads\/2017\/05\/Acto-Eva.jpg 630w, https:\/\/www.hoymercedes.com.ar\/principal\/wp-content\/uploads\/2017\/05\/Acto-Eva-150x113.jpg 150w\" sizes=\"auto, (max-width: 630px) 100vw, 630px\" \/><\/p>\n<p>&nbsp;<\/p>\n<p>Fuente: Prensa FMPV<\/p>\n","protected":false},"excerpt":{"rendered":"<p>En calle 30 y 23, frente al busto que la recuerda, se llev\u00f3 a cabo un \u00a0encuentro y sentido homenaje &#8230; <a title=\"Sentido homenaje del Frente Mercedino a Eva Per\u00f3n en aniversario de su natalicio\" class=\"read-more\" href=\"https:\/\/www.hoymercedes.com.ar\/principal\/2017\/05\/07\/sentido-homenaje-del-frente-mercedino-a-eva-peron-en-aniversario-de-su-natalicio\/\" aria-label=\"Leer m\u00e1s sobre Sentido homenaje del Frente Mercedino a Eva Per\u00f3n en aniversario de su natalicio\">Leer m\u00e1s<\/a><\/p>\n","protected":false},"author":1,"featured_media":62450,"comment_status":"closed","ping_status":"open","sticky":false,"template":"","format":"standard","meta":{"_monsterinsights_skip_tracking":false,"_monsterinsights_sitenote_active":false,"_monsterinsights_sitenote_note":"","_monsterinsights_sitenote_category":0,"jetpack_post_was_ever_published":false,"_jetpack_newsletter_access":"","_jetpack_dont_email_post_to_subs":true,"_jetpack_newsletter_tier_id":0,"_jetpack_memberships_contains_paywalled_content":false,"_jetpack_memberships_contains_paid_content":false,"footnotes":"","jetpack_publicize_message":"","jetpack_publicize_feature_enabled":true,"jetpack_social_post_already_shared":true,"jetpack_social_options":{"image_generator_settings":{"template":"highway","default_image_id":0,"font":"","enabled":false},"version":2},"_wpas_customize_per_network":false},"categories":[5],"tags":[11054,11053],"class_list":["post-62449","post","type-post","status-publish","format-standard","has-post-thumbnail","hentry","category-politica","tag-evita-cumple-anos","tag-natalicio-eva-peron","generate-columns","tablet-grid-50","mobile-grid-100","grid-parent","grid-50"],"jetpack_publicize_connections":[],"jetpack_featured_media_url":"https:\/\/www.hoymercedes.com.ar\/principal\/wp-content\/uploads\/2017\/05\/Acto-Eva-2-1.jpeg","wps_subtitle":"98 aniversario","jetpack_sharing_enabled":true,"jetpack-related-posts":[{"id":41491,"url":"https:\/\/www.hoymercedes.com.ar\/principal\/2015\/05\/07\/sentido-homenaje-a-eva-peron-en-un-nuevo-aniversario-de-su-natalicio\/","url_meta":{"origin":62449,"position":0},"title":"Sentido homenaje a Eva Per\u00f3n en un nuevo aniversario de su natalicio","author":"hoymercedes","date":"7 mayo, 2015","format":false,"excerpt":"Durante la tarde de \u00e9ste jueves se llev\u00f3 a cabo un acto conmemorativo ante un nuevo aniversario del natalicio de Eva Duarte de Per\u00f3n, abanderada del espacio peronista en t\u00e9rminos de luchas sociales y mundialmente reconocida por su sensibilidad y acci\u00f3n concreta en beneficio de los m\u00e1s necesitados.\u00a0 Desde el\u2026","rel":"","context":"En \u00abPol\u00edtica\u00bb","block_context":{"text":"Pol\u00edtica","link":"https:\/\/www.hoymercedes.com.ar\/principal\/category\/politica\/"},"img":{"alt_text":"","src":"https:\/\/i0.wp.com\/www.hoymercedes.com.ar\/principal\/wp-content\/uploads\/2015\/05\/selva-actoeva-07.05.2015-1.jpg?resize=350%2C200&ssl=1","width":350,"height":200,"srcset":"https:\/\/i0.wp.com\/www.hoymercedes.com.ar\/principal\/wp-content\/uploads\/2015\/05\/selva-actoeva-07.05.2015-1.jpg?resize=350%2C200&ssl=1 1x, https:\/\/i0.wp.com\/www.hoymercedes.com.ar\/principal\/wp-content\/uploads\/2015\/05\/selva-actoeva-07.05.2015-1.jpg?resize=525%2C300&ssl=1 1.5x"},"classes":[]},{"id":114168,"url":"https:\/\/www.hoymercedes.com.ar\/principal\/2020\/07\/26\/partido-peronista-recuerda-a-eva-peron\/","url_meta":{"origin":62449,"position":1},"title":"Partido Peronista recuerda a Eva Per\u00f3n","author":"hoymercedes","date":"26 julio, 2020","format":false,"excerpt":"Evita Eterna, fue la consigna utilizada este domingo 26 de julio ante el 68 aniversario del paso al a inmortalidad de Evita. El Partido Justicialista de Mercedes, como en todo el pa\u00eds, habitualmente realizaban actos y encuentros, pero esta ocasi\u00f3n qued\u00f3 el recuerdo sin reuniones dado el marco de crisis\u2026","rel":"","context":"En \u00abPolicial\u00bb","block_context":{"text":"Policial","link":"https:\/\/www.hoymercedes.com.ar\/principal\/category\/policial\/"},"img":{"alt_text":"","src":"https:\/\/i0.wp.com\/www.hoymercedes.com.ar\/principal\/wp-content\/uploads\/2020\/07\/HomenajeEvaPeron-2020.jpeg?resize=350%2C200&ssl=1","width":350,"height":200,"srcset":"https:\/\/i0.wp.com\/www.hoymercedes.com.ar\/principal\/wp-content\/uploads\/2020\/07\/HomenajeEvaPeron-2020.jpeg?resize=350%2C200&ssl=1 1x, https:\/\/i0.wp.com\/www.hoymercedes.com.ar\/principal\/wp-content\/uploads\/2020\/07\/HomenajeEvaPeron-2020.jpeg?resize=525%2C300&ssl=1 1.5x, https:\/\/i0.wp.com\/www.hoymercedes.com.ar\/principal\/wp-content\/uploads\/2020\/07\/HomenajeEvaPeron-2020.jpeg?resize=700%2C400&ssl=1 2x, https:\/\/i0.wp.com\/www.hoymercedes.com.ar\/principal\/wp-content\/uploads\/2020\/07\/HomenajeEvaPeron-2020.jpeg?resize=1050%2C600&ssl=1 3x"},"classes":[]},{"id":186515,"url":"https:\/\/www.hoymercedes.com.ar\/principal\/2025\/07\/27\/homenaje-a-eva-peron-unidad-y-memoria-en-un-nuevo-aniversario-de-su-fallecimiento\/","url_meta":{"origin":62449,"position":2},"title":"Homenaje a Eva Per\u00f3n: Unidad y memoria en un nuevo aniversario de su fallecimiento","author":"hoymercedes","date":"27 julio, 2025","format":false,"excerpt":"Con motivo de un nuevo aniversario del fallecimiento de Eva Duarte de Per\u00f3n, se realiz\u00f3 un emotivo acto conmemorativo frente al monumento que la recuerda, ubicado en calle 30 y 23. La ceremonia cont\u00f3 con la presencia del senador Eduardo \u201cWado\u201d de Pedro, el intendente Juan Ustarroz, el diputado Carlos\u2026","rel":"","context":"En \u00abPol\u00edtica\u00bb","block_context":{"text":"Pol\u00edtica","link":"https:\/\/www.hoymercedes.com.ar\/principal\/category\/politica\/"},"img":{"alt_text":"Acto por Eva Per\u00f3n","src":"https:\/\/i0.wp.com\/www.hoymercedes.com.ar\/principal\/wp-content\/uploads\/2025\/07\/photo_2025-07-26_18-33-04.jpg?resize=350%2C200&ssl=1","width":350,"height":200,"srcset":"https:\/\/i0.wp.com\/www.hoymercedes.com.ar\/principal\/wp-content\/uploads\/2025\/07\/photo_2025-07-26_18-33-04.jpg?resize=350%2C200&ssl=1 1x, https:\/\/i0.wp.com\/www.hoymercedes.com.ar\/principal\/wp-content\/uploads\/2025\/07\/photo_2025-07-26_18-33-04.jpg?resize=525%2C300&ssl=1 1.5x, https:\/\/i0.wp.com\/www.hoymercedes.com.ar\/principal\/wp-content\/uploads\/2025\/07\/photo_2025-07-26_18-33-04.jpg?resize=700%2C400&ssl=1 2x, https:\/\/i0.wp.com\/www.hoymercedes.com.ar\/principal\/wp-content\/uploads\/2025\/07\/photo_2025-07-26_18-33-04.jpg?resize=1050%2C600&ssl=1 3x"},"classes":[]},{"id":151048,"url":"https:\/\/www.hoymercedes.com.ar\/principal\/2022\/07\/22\/el-pj-mercedino-comienza-con-los-homenajes-a-eva-a-70-anos-de-su-partida\/","url_meta":{"origin":62449,"position":3},"title":"El PJ mercedino comienza con los homenajes a Eva, a 70 a\u00f1os de su partida","author":"hoymercedes","date":"22 julio, 2022","format":false,"excerpt":"Este viernes, con una exposici\u00f3n art\u00edstica en el Museo del Arte, comienza la conmemoraci\u00f3n de una fecha trascendente para el peronismo como es el 70 aniversario del paso a la inmortalidad de Eva Per\u00f3n. La fecha del fallecimiento de la abandera de los humildes es el 26 de julio, pero\u2026","rel":"","context":"En \u00abPol\u00edtica\u00bb","block_context":{"text":"Pol\u00edtica","link":"https:\/\/www.hoymercedes.com.ar\/principal\/category\/politica\/"},"img":{"alt_text":"","src":"https:\/\/i0.wp.com\/www.hoymercedes.com.ar\/principal\/wp-content\/uploads\/2022\/07\/Activiades-EvaPeron.jpeg?resize=350%2C200&ssl=1","width":350,"height":200,"srcset":"https:\/\/i0.wp.com\/www.hoymercedes.com.ar\/principal\/wp-content\/uploads\/2022\/07\/Activiades-EvaPeron.jpeg?resize=350%2C200&ssl=1 1x, https:\/\/i0.wp.com\/www.hoymercedes.com.ar\/principal\/wp-content\/uploads\/2022\/07\/Activiades-EvaPeron.jpeg?resize=525%2C300&ssl=1 1.5x, https:\/\/i0.wp.com\/www.hoymercedes.com.ar\/principal\/wp-content\/uploads\/2022\/07\/Activiades-EvaPeron.jpeg?resize=700%2C400&ssl=1 2x, https:\/\/i0.wp.com\/www.hoymercedes.com.ar\/principal\/wp-content\/uploads\/2022\/07\/Activiades-EvaPeron.jpeg?resize=1050%2C600&ssl=1 3x"},"classes":[]},{"id":97255,"url":"https:\/\/www.hoymercedes.com.ar\/principal\/2019\/07\/28\/el-pj-mercedes-homenajeo-a-eva-peron-2\/","url_meta":{"origin":62449,"position":4},"title":"El PJ Mercedes homenaje\u00f3 a Eva Per\u00f3n","author":"hoymercedes","date":"28 julio, 2019","format":false,"excerpt":"Ante m\u00e1s de un centenar de militantes, el peronismo mercedino record\u00f3 a Eva Per\u00f3n al cumplirse un nuevo aniversario de su fallecimiento. En ese sentido, distintas agrupaciones Justicialistas se congregaron el pasado viernes, al pi\u00e9 del busto emplazado en la intersecci\u00f3n de las calles 30 y 23, para conmemorar el\u2026","rel":"","context":"En \u00abPol\u00edtica\u00bb","block_context":{"text":"Pol\u00edtica","link":"https:\/\/www.hoymercedes.com.ar\/principal\/category\/politica\/"},"img":{"alt_text":"","src":"https:\/\/i0.wp.com\/www.hoymercedes.com.ar\/principal\/wp-content\/uploads\/2019\/07\/28-pj-evita.jpg?resize=350%2C200&ssl=1","width":350,"height":200,"srcset":"https:\/\/i0.wp.com\/www.hoymercedes.com.ar\/principal\/wp-content\/uploads\/2019\/07\/28-pj-evita.jpg?resize=350%2C200&ssl=1 1x, https:\/\/i0.wp.com\/www.hoymercedes.com.ar\/principal\/wp-content\/uploads\/2019\/07\/28-pj-evita.jpg?resize=525%2C300&ssl=1 1.5x, https:\/\/i0.wp.com\/www.hoymercedes.com.ar\/principal\/wp-content\/uploads\/2019\/07\/28-pj-evita.jpg?resize=700%2C400&ssl=1 2x"},"classes":[]},{"id":188911,"url":"https:\/\/www.hoymercedes.com.ar\/principal\/2025\/10\/20\/el-pj-mercedino-tuvo-su-acto-central-por-el-17-de-octubre\/","url_meta":{"origin":62449,"position":5},"title":"El PJ mercedino tuvo su acto central por el 17 de octubre","author":"hoymercedes","date":"20 octubre, 2025","format":false,"excerpt":"Este viernes al mediod\u00eda el peronismo unido de Mercedes conmemor\u00f3 el 80 aniversario del 17 de octubre con un acto central en la tradicional esquina de 23 y 30, junto a los bustos de Eva y Juan Domingo Per\u00f3n.La militancia del Partido Justicialista de Mercedes realiz\u00f3 varias actividades en la\u2026","rel":"","context":"En \u00abPol\u00edtica\u00bb","block_context":{"text":"Pol\u00edtica","link":"https:\/\/www.hoymercedes.com.ar\/principal\/category\/politica\/"},"img":{"alt_text":"El PJ mercedino tuvo su acto central por el 17 de octubre","src":"https:\/\/i0.wp.com\/www.hoymercedes.com.ar\/principal\/wp-content\/uploads\/2025\/10\/PJ-Acto.jpg?resize=350%2C200&ssl=1","width":350,"height":200,"srcset":"https:\/\/i0.wp.com\/www.hoymercedes.com.ar\/principal\/wp-content\/uploads\/2025\/10\/PJ-Acto.jpg?resize=350%2C200&ssl=1 1x, https:\/\/i0.wp.com\/www.hoymercedes.com.ar\/principal\/wp-content\/uploads\/2025\/10\/PJ-Acto.jpg?resize=525%2C300&ssl=1 1.5x, https:\/\/i0.wp.com\/www.hoymercedes.com.ar\/principal\/wp-content\/uploads\/2025\/10\/PJ-Acto.jpg?resize=700%2C400&ssl=1 2x, https:\/\/i0.wp.com\/www.hoymercedes.com.ar\/principal\/wp-content\/uploads\/2025\/10\/PJ-Acto.jpg?resize=1050%2C600&ssl=1 3x"},"classes":[]}],"_links":{"self":[{"href":"https:\/\/www.hoymercedes.com.ar\/principal\/wp-json\/wp\/v2\/posts\/62449","targetHints":{"allow":["GET"]}}],"collection":[{"href":"https:\/\/www.hoymercedes.com.ar\/principal\/wp-json\/wp\/v2\/posts"}],"about":[{"href":"https:\/\/www.hoymercedes.com.ar\/principal\/wp-json\/wp\/v2\/types\/post"}],"author":[{"embeddable":true,"href":"https:\/\/www.hoymercedes.com.ar\/principal\/wp-json\/wp\/v2\/users\/1"}],"replies":[{"embeddable":true,"href":"https:\/\/www.hoymercedes.com.ar\/principal\/wp-json\/wp\/v2\/comments?post=62449"}],"version-history":[{"count":0,"href":"https:\/\/www.hoymercedes.com.ar\/principal\/wp-json\/wp\/v2\/posts\/62449\/revisions"}],"wp:featuredmedia":[{"embeddable":true,"href":"https:\/\/www.hoymercedes.com.ar\/principal\/wp-json\/wp\/v2\/media\/62450"}],"wp:attachment":[{"href":"https:\/\/www.hoymercedes.com.ar\/principal\/wp-json\/wp\/v2\/media?parent=62449"}],"wp:term":[{"taxonomy":"category","embeddable":true,"href":"https:\/\/www.hoymercedes.com.ar\/principal\/wp-json\/wp\/v2\/categories?post=62449"},{"taxonomy":"post_tag","embeddable":true,"href":"https:\/\/www.hoymercedes.com.ar\/principal\/wp-json\/wp\/v2\/tags?post=62449"}],"curies":[{"name":"wp","href":"https:\/\/api.w.org\/{rel}","templated":true}]}}