{"id":62478,"date":"2017-05-08T17:33:46","date_gmt":"2017-05-08T20:33:46","guid":{"rendered":"http:\/\/www.hoymercedes.com.ar\/principal\/?p=62478"},"modified":"2017-05-08T09:56:21","modified_gmt":"2017-05-08T12:56:21","slug":"con-juan-culio-mallorca-gana-y-da-pelea-por-no-descender","status":"publish","type":"post","link":"https:\/\/www.hoymercedes.com.ar\/principal\/2017\/05\/08\/con-juan-culio-mallorca-gana-y-da-pelea-por-no-descender\/","title":{"rendered":"Con Juan Culio, Mallorca gana y da pelea por no descender"},"content":{"rendered":"<p><strong>Diario AS de Espa\u00f1a. <em>El pulso del Real Mallorca da se\u00f1ales de vida en la pelea por la permanencia en Segunda Divisi\u00f3n. El gol de Lago Junior, en el \u00faltimo segundo del partido, da una bola m\u00e1s a los baleares en la pelea por mantener la categor\u00eda. <\/em><\/strong><\/p>\n<p>Cuando el duelo directo ante el Elche se ve\u00eda abocado al empate, la \u00faltima acci\u00f3n del encuentro record\u00f3 que Vicente Parras solo lleva una semana al frente del banquillo ilicitano y que el mal end\u00e9mico de su equipo, los errores defensivos, ser\u00e1 dif\u00edcil cambiarlo a falta de mes y medio para que termine la Liga. A ello se une el problema f\u00edsico que evidencia su plantilla. El Iberostar Estadi celebr\u00f3 el triunfo como si de aquellas tardes en Primera, en la Copa o en Europa se tratara. Sin embargo, a\u00fan no ha ganado nada y para salir del pozo tendr\u00e1 que seguir remando.<\/p>\n<p><img loading=\"lazy\" decoding=\"async\" data-attachment-id=\"62479\" data-permalink=\"https:\/\/www.hoymercedes.com.ar\/principal\/2017\/05\/08\/con-juan-culio-mallorca-gana-y-da-pelea-por-no-descender\/captura-de-pantalla-2017-05-08-00-31-19\/#main\" data-orig-file=\"https:\/\/www.hoymercedes.com.ar\/principal\/wp-content\/uploads\/2017\/05\/Captura-de-pantalla-2017-05-08-00.31.19.png\" data-orig-size=\"865,516\" data-comments-opened=\"0\" data-image-meta=\"{&quot;aperture&quot;:&quot;0&quot;,&quot;credit&quot;:&quot;&quot;,&quot;camera&quot;:&quot;&quot;,&quot;caption&quot;:&quot;&quot;,&quot;created_timestamp&quot;:&quot;0&quot;,&quot;copyright&quot;:&quot;&quot;,&quot;focal_length&quot;:&quot;0&quot;,&quot;iso&quot;:&quot;0&quot;,&quot;shutter_speed&quot;:&quot;0&quot;,&quot;title&quot;:&quot;&quot;,&quot;orientation&quot;:&quot;0&quot;}\" data-image-title=\"Captura de pantalla 2017-05-08 00.31.19\" data-image-description=\"\" data-image-caption=\"\" data-large-file=\"https:\/\/www.hoymercedes.com.ar\/principal\/wp-content\/uploads\/2017\/05\/Captura-de-pantalla-2017-05-08-00.31.19.png\" class=\"aligncenter size-medium wp-image-62479\" src=\"https:\/\/www.hoymercedes.com.ar\/principal\/wp-content\/uploads\/2017\/05\/Captura-de-pantalla-2017-05-08-00.31.19-630x376.png\" alt=\"\" width=\"630\" height=\"376\" srcset=\"https:\/\/www.hoymercedes.com.ar\/principal\/wp-content\/uploads\/2017\/05\/Captura-de-pantalla-2017-05-08-00.31.19-630x376.png 630w, https:\/\/www.hoymercedes.com.ar\/principal\/wp-content\/uploads\/2017\/05\/Captura-de-pantalla-2017-05-08-00.31.19-150x89.png 150w, https:\/\/www.hoymercedes.com.ar\/principal\/wp-content\/uploads\/2017\/05\/Captura-de-pantalla-2017-05-08-00.31.19.png 865w\" sizes=\"auto, (max-width: 630px) 100vw, 630px\" \/><\/p>\n","protected":false},"excerpt":{"rendered":"<p>Diario AS de Espa\u00f1a. El pulso del Real Mallorca da se\u00f1ales de vida en la pelea por la permanencia en &#8230; <a title=\"Con Juan Culio, Mallorca gana y da pelea por no descender\" class=\"read-more\" href=\"https:\/\/www.hoymercedes.com.ar\/principal\/2017\/05\/08\/con-juan-culio-mallorca-gana-y-da-pelea-por-no-descender\/\" aria-label=\"Leer m\u00e1s sobre Con Juan Culio, Mallorca gana y da pelea por no descender\">Leer m\u00e1s<\/a><\/p>\n","protected":false},"author":1,"featured_media":62479,"comment_status":"closed","ping_status":"open","sticky":false,"template":"","format":"standard","meta":{"_monsterinsights_skip_tracking":false,"_monsterinsights_sitenote_active":false,"_monsterinsights_sitenote_note":"","_monsterinsights_sitenote_category":0,"jetpack_post_was_ever_published":false,"_jetpack_newsletter_access":"","_jetpack_dont_email_post_to_subs":false,"_jetpack_newsletter_tier_id":0,"_jetpack_memberships_contains_paywalled_content":false,"_jetpack_memberships_contains_paid_content":false,"footnotes":"","jetpack_publicize_message":"","jetpack_publicize_feature_enabled":true,"jetpack_social_post_already_shared":true,"jetpack_social_options":{"image_generator_settings":{"template":"highway","default_image_id":0,"font":"","enabled":false},"version":2},"_wpas_customize_per_network":false},"categories":[21],"tags":[204,1003,9656,7582,9657],"class_list":["post-62478","post","type-post","status-publish","format-standard","has-post-thumbnail","hentry","category-deportes","tag-deportes-2","tag-futbol","tag-juan-culio","tag-la-legion","tag-mallorca","generate-columns","tablet-grid-50","mobile-grid-100","grid-parent","grid-50"],"jetpack_publicize_connections":[],"jetpack_featured_media_url":"https:\/\/www.hoymercedes.com.ar\/principal\/wp-content\/uploads\/2017\/05\/Captura-de-pantalla-2017-05-08-00.31.19.png","wps_subtitle":"La Legion","jetpack_sharing_enabled":true,"_links":{"self":[{"href":"https:\/\/www.hoymercedes.com.ar\/principal\/wp-json\/wp\/v2\/posts\/62478","targetHints":{"allow":["GET"]}}],"collection":[{"href":"https:\/\/www.hoymercedes.com.ar\/principal\/wp-json\/wp\/v2\/posts"}],"about":[{"href":"https:\/\/www.hoymercedes.com.ar\/principal\/wp-json\/wp\/v2\/types\/post"}],"author":[{"embeddable":true,"href":"https:\/\/www.hoymercedes.com.ar\/principal\/wp-json\/wp\/v2\/users\/1"}],"replies":[{"embeddable":true,"href":"https:\/\/www.hoymercedes.com.ar\/principal\/wp-json\/wp\/v2\/comments?post=62478"}],"version-history":[{"count":0,"href":"https:\/\/www.hoymercedes.com.ar\/principal\/wp-json\/wp\/v2\/posts\/62478\/revisions"}],"wp:featuredmedia":[{"embeddable":true,"href":"https:\/\/www.hoymercedes.com.ar\/principal\/wp-json\/wp\/v2\/media\/62479"}],"wp:attachment":[{"href":"https:\/\/www.hoymercedes.com.ar\/principal\/wp-json\/wp\/v2\/media?parent=62478"}],"wp:term":[{"taxonomy":"category","embeddable":true,"href":"https:\/\/www.hoymercedes.com.ar\/principal\/wp-json\/wp\/v2\/categories?post=62478"},{"taxonomy":"post_tag","embeddable":true,"href":"https:\/\/www.hoymercedes.com.ar\/principal\/wp-json\/wp\/v2\/tags?post=62478"}],"curies":[{"name":"wp","href":"https:\/\/api.w.org\/{rel}","templated":true}]}}