{"id":62481,"date":"2017-05-09T07:39:29","date_gmt":"2017-05-09T10:39:29","guid":{"rendered":"http:\/\/www.hoymercedes.com.ar\/principal\/?p=62481"},"modified":"2017-05-08T09:51:34","modified_gmt":"2017-05-08T12:51:34","slug":"se-completo-la-primera-fecha-de-livomer","status":"publish","type":"post","link":"https:\/\/www.hoymercedes.com.ar\/principal\/2017\/05\/09\/se-completo-la-primera-fecha-de-livomer\/","title":{"rendered":"Se complet\u00f3 la primera fecha de LiVoMer"},"content":{"rendered":"<p>&nbsp;<\/p>\n<p><em><strong>Entre esta semana que pas\u00f3 y la anterior se complet\u00f3 la primera fecha de la novel Liga de Voley Mercedina con los enfrentamientos entre el Club Quilmes, que fue local ante el Colegio Misericordia, y el Centro de Educaci\u00f3n F\u00edsica N\u00b0 40 ante el Colegio San Patricio, enfrentamiento este que cont\u00f3 con partidos tanto en la rama femenina como en la masculina. De esta manera quedo atr\u00e1s la primera jornada de encuentros.<\/strong><\/em><\/p>\n<p><img loading=\"lazy\" decoding=\"async\" data-attachment-id=\"62482\" data-permalink=\"https:\/\/www.hoymercedes.com.ar\/principal\/2017\/05\/09\/se-completo-la-primera-fecha-de-livomer\/img-20170505-wa0001\/#main\" data-orig-file=\"https:\/\/www.hoymercedes.com.ar\/principal\/wp-content\/uploads\/2017\/05\/IMG-20170505-WA0001.jpg\" data-orig-size=\"605,720\" data-comments-opened=\"0\" data-image-meta=\"{&quot;aperture&quot;:&quot;0&quot;,&quot;credit&quot;:&quot;&quot;,&quot;camera&quot;:&quot;&quot;,&quot;caption&quot;:&quot;&quot;,&quot;created_timestamp&quot;:&quot;0&quot;,&quot;copyright&quot;:&quot;&quot;,&quot;focal_length&quot;:&quot;0&quot;,&quot;iso&quot;:&quot;0&quot;,&quot;shutter_speed&quot;:&quot;0&quot;,&quot;title&quot;:&quot;&quot;,&quot;orientation&quot;:&quot;0&quot;}\" data-image-title=\"IMG-20170505-WA0001\" data-image-description=\"\" data-image-caption=\"\" data-large-file=\"https:\/\/www.hoymercedes.com.ar\/principal\/wp-content\/uploads\/2017\/05\/IMG-20170505-WA0001.jpg\" class=\"aligncenter size-medium wp-image-62482\" src=\"https:\/\/www.hoymercedes.com.ar\/principal\/wp-content\/uploads\/2017\/05\/IMG-20170505-WA0001-521x620.jpg\" alt=\"\" width=\"521\" height=\"620\" srcset=\"https:\/\/www.hoymercedes.com.ar\/principal\/wp-content\/uploads\/2017\/05\/IMG-20170505-WA0001-521x620.jpg 521w, https:\/\/www.hoymercedes.com.ar\/principal\/wp-content\/uploads\/2017\/05\/IMG-20170505-WA0001-126x150.jpg 126w, https:\/\/www.hoymercedes.com.ar\/principal\/wp-content\/uploads\/2017\/05\/IMG-20170505-WA0001.jpg 605w\" sizes=\"auto, (max-width: 521px) 100vw, 521px\" \/><\/p>\n<p><strong>Quilmes vs Misericordia<\/strong><\/p>\n<p>En el gimnasio Rolo Cardinal de calle 12 y 15, los partidos entre estas dos instituciones comenzaron con la categor\u00eda Sub 18 que jug\u00f3 el d\u00eda lunes 24 de abril y ah\u00ed luego de m\u00e1s de una hora de juego la victoria qued\u00f3 en manos del conjunto cervecero.<\/p>\n<p>El martes pasado se completaron las otras categor\u00edas, que fueron las Sub 14 y la Sub 16 que tambi\u00e9n finalizaron con el triunfo de las chicas de Quilmes.<\/p>\n<p>&nbsp;<\/p>\n<p><strong>CEF 40 vs San Patricio<\/strong><\/p>\n<p>Con dos encuentros de varones y tres de mujeres la jornada entre los equipos del \u201cPoli\u201d y de los palotinos comenz\u00f3 el jueves 27 de abril en el gimnasio de la calle 30. En la categor\u00eda m\u00e1s chica, es decir, la Sub 14 el triunfo correspondi\u00f3 a San Patricio, victoria esta que se repiti\u00f3 en la categor\u00eda Sub 16. Sin embargo, el CEF pudo romper la mala racha y en la categor\u00eda Sub 18 logr\u00f3 alzarse con el triunfo.<\/p>\n<p>En lo que respecta a los varones, se jugaron dos categor\u00edas, la Sub 14 y la Sub 18, en donde en ambas resultaron victoriosos los chicos del Colegio San Patricio.<\/p>\n<p>&nbsp;<\/p>\n<p><strong>Pr\u00f3xima fecha<\/strong><\/p>\n<p>La segunda fecha de la Li. Vo. Mer. se empezar\u00e1 a jugar a partir del s\u00e1bado 13 de mayo, en donde los enfrentamientos ser\u00e1n: Club Quilmes vs Club Estudiantes; Colegio Misericordia vs CEF 40 y San Patricio vs San Benito.<\/p>\n","protected":false},"excerpt":{"rendered":"<p>&nbsp; Entre esta semana que pas\u00f3 y la anterior se complet\u00f3 la primera fecha de la novel Liga de Voley &#8230; <a title=\"Se complet\u00f3 la primera fecha de LiVoMer\" class=\"read-more\" href=\"https:\/\/www.hoymercedes.com.ar\/principal\/2017\/05\/09\/se-completo-la-primera-fecha-de-livomer\/\" aria-label=\"Leer m\u00e1s sobre Se complet\u00f3 la primera fecha de LiVoMer\">Leer m\u00e1s<\/a><\/p>\n","protected":false},"author":1,"featured_media":62482,"comment_status":"closed","ping_status":"open","sticky":false,"template":"","format":"standard","meta":{"_monsterinsights_skip_tracking":false,"_monsterinsights_sitenote_active":false,"_monsterinsights_sitenote_note":"","_monsterinsights_sitenote_category":0,"jetpack_post_was_ever_published":false,"_jetpack_newsletter_access":"","_jetpack_dont_email_post_to_subs":false,"_jetpack_newsletter_tier_id":0,"_jetpack_memberships_contains_paywalled_content":false,"_jetpack_memberships_contains_paid_content":false,"footnotes":"","jetpack_publicize_message":"","jetpack_publicize_feature_enabled":true,"jetpack_social_post_already_shared":true,"jetpack_social_options":{"image_generator_settings":{"template":"highway","default_image_id":0,"font":"","enabled":false},"version":2},"_wpas_customize_per_network":false},"categories":[21],"tags":[204,11061,11060,10,8686],"class_list":["post-62481","post","type-post","status-publish","format-standard","has-post-thumbnail","hentry","category-deportes","tag-deportes-2","tag-liga-de-voley","tag-livomer","tag-mercedes","tag-voley","generate-columns","tablet-grid-50","mobile-grid-100","grid-parent","grid-50"],"jetpack_publicize_connections":[],"jetpack_featured_media_url":"https:\/\/www.hoymercedes.com.ar\/principal\/wp-content\/uploads\/2017\/05\/IMG-20170505-WA0001.jpg","wps_subtitle":"Voley","jetpack_sharing_enabled":true,"_links":{"self":[{"href":"https:\/\/www.hoymercedes.com.ar\/principal\/wp-json\/wp\/v2\/posts\/62481","targetHints":{"allow":["GET"]}}],"collection":[{"href":"https:\/\/www.hoymercedes.com.ar\/principal\/wp-json\/wp\/v2\/posts"}],"about":[{"href":"https:\/\/www.hoymercedes.com.ar\/principal\/wp-json\/wp\/v2\/types\/post"}],"author":[{"embeddable":true,"href":"https:\/\/www.hoymercedes.com.ar\/principal\/wp-json\/wp\/v2\/users\/1"}],"replies":[{"embeddable":true,"href":"https:\/\/www.hoymercedes.com.ar\/principal\/wp-json\/wp\/v2\/comments?post=62481"}],"version-history":[{"count":0,"href":"https:\/\/www.hoymercedes.com.ar\/principal\/wp-json\/wp\/v2\/posts\/62481\/revisions"}],"wp:featuredmedia":[{"embeddable":true,"href":"https:\/\/www.hoymercedes.com.ar\/principal\/wp-json\/wp\/v2\/media\/62482"}],"wp:attachment":[{"href":"https:\/\/www.hoymercedes.com.ar\/principal\/wp-json\/wp\/v2\/media?parent=62481"}],"wp:term":[{"taxonomy":"category","embeddable":true,"href":"https:\/\/www.hoymercedes.com.ar\/principal\/wp-json\/wp\/v2\/categories?post=62481"},{"taxonomy":"post_tag","embeddable":true,"href":"https:\/\/www.hoymercedes.com.ar\/principal\/wp-json\/wp\/v2\/tags?post=62481"}],"curies":[{"name":"wp","href":"https:\/\/api.w.org\/{rel}","templated":true}]}}