{"id":62494,"date":"2017-05-10T12:11:35","date_gmt":"2017-05-10T15:11:35","guid":{"rendered":"http:\/\/www.hoymercedes.com.ar\/principal\/?p=62494"},"modified":"2017-05-08T09:45:29","modified_gmt":"2017-05-08T12:45:29","slug":"tras-una-decada-quilmes-volvio-a-ganar-en-saladillo","status":"publish","type":"post","link":"https:\/\/www.hoymercedes.com.ar\/principal\/2017\/05\/10\/tras-una-decada-quilmes-volvio-a-ganar-en-saladillo\/","title":{"rendered":"Tras una d\u00e9cada, Quilmes volvi\u00f3 a ganar en Saladillo"},"content":{"rendered":"<p><em><strong>Quilmes logr\u00f3 una resonante victoria en la categor\u00eda U13 en Saladillo. En un partido que lo tuvo 11 puntos por debajo del local, empat\u00f3 el partido en 41 puntos y luego lo gan\u00f3 en tiempo suplementario por 46 a 45.\u00a0 Los memoriosos del club cuentan que hac\u00eda aproximadamente 10 a\u00f1os que una categor\u00eda formativa de Quilmes no ganaba de visitante ante el siempre dif\u00edcil Ciudad de Saladillo. Fue en el marco de la 5\u00ba fecha del campeonato de la ABCH. El resto de las categor\u00edas no tuvieron \u00e9xito, con derrotas en Mini, U 15 y U17.<\/strong><\/em><\/p>\n<p><img loading=\"lazy\" decoding=\"async\" data-attachment-id=\"62495\" data-permalink=\"https:\/\/www.hoymercedes.com.ar\/principal\/2017\/05\/10\/tras-una-decada-quilmes-volvio-a-ganar-en-saladillo\/whatsapp-image-2017-05-06-at-23-00-22\/#main\" data-orig-file=\"https:\/\/www.hoymercedes.com.ar\/principal\/wp-content\/uploads\/2017\/05\/WhatsApp-Image-2017-05-06-at-23.00.22.jpeg\" data-orig-size=\"1040,780\" data-comments-opened=\"0\" data-image-meta=\"{&quot;aperture&quot;:&quot;0&quot;,&quot;credit&quot;:&quot;&quot;,&quot;camera&quot;:&quot;&quot;,&quot;caption&quot;:&quot;&quot;,&quot;created_timestamp&quot;:&quot;0&quot;,&quot;copyright&quot;:&quot;&quot;,&quot;focal_length&quot;:&quot;0&quot;,&quot;iso&quot;:&quot;0&quot;,&quot;shutter_speed&quot;:&quot;0&quot;,&quot;title&quot;:&quot;&quot;,&quot;orientation&quot;:&quot;0&quot;}\" data-image-title=\"WhatsApp Image 2017-05-06 at 23.00.22\" data-image-description=\"\" data-image-caption=\"\" data-large-file=\"https:\/\/www.hoymercedes.com.ar\/principal\/wp-content\/uploads\/2017\/05\/WhatsApp-Image-2017-05-06-at-23.00.22-1024x768.jpeg\" class=\"aligncenter size-medium wp-image-62495\" src=\"https:\/\/www.hoymercedes.com.ar\/principal\/wp-content\/uploads\/2017\/05\/WhatsApp-Image-2017-05-06-at-23.00.22-630x473.jpeg\" alt=\"\" width=\"630\" height=\"473\" srcset=\"https:\/\/www.hoymercedes.com.ar\/principal\/wp-content\/uploads\/2017\/05\/WhatsApp-Image-2017-05-06-at-23.00.22-630x473.jpeg 630w, https:\/\/www.hoymercedes.com.ar\/principal\/wp-content\/uploads\/2017\/05\/WhatsApp-Image-2017-05-06-at-23.00.22-150x113.jpeg 150w, https:\/\/www.hoymercedes.com.ar\/principal\/wp-content\/uploads\/2017\/05\/WhatsApp-Image-2017-05-06-at-23.00.22-1024x768.jpeg 1024w, https:\/\/www.hoymercedes.com.ar\/principal\/wp-content\/uploads\/2017\/05\/WhatsApp-Image-2017-05-06-at-23.00.22.jpeg 1040w\" sizes=\"auto, (max-width: 630px) 100vw, 630px\" \/><\/p>\n<p>La s\u00edntesis de los partidos fueron las siguientes:<\/p>\n<p>Quilmes logr\u00f3 una resonante victoria en la categor\u00eda U 13 en Saladillo. En un partido que lo tuvo 11 puntos por debajo del local, empat\u00f3 el partido en 41 puntos y luego lo gan\u00f3 en tiempo suplementario por 46 a 45.\u00a0 Los memoriosos del club cuentan que hac\u00eda aproximadamente 10 a\u00f1os que una categor\u00eda formativa de Quilmes no ganaba de visitante ante el siempre dif\u00edcil Ciudad de Saladillo. Fue en el marco de la 5\u00ba fecha del campeonato de la ABCH. El resto de las categor\u00edas no tuvieron \u00e9xito, con derrotas en Mini, U 15 y U17.<\/p>\n<p>La s\u00edntesis de los partidos fueron las siguientes:<\/p>\n<p>&nbsp;<\/p>\n<p>&nbsp;<\/p>\n<p><strong>MINI:<\/strong><\/p>\n<p>CIUDAD DE SALADILLO 43:\u00a0Wallace 12, Mussi Manzor 8, Valverde 8, \u00a0T. D Elia 5, Filgueira 2, Vega 2, Garc\u00eda Gadda 2, Mosquera 2, M. Segura 2, England, Silvero, Leonardi. DT: G. Molina<\/p>\n<p>QUILMES (M) 31:\u00a0Bourdieu 8, J. Cabanas 7,\u00a0 T. Bongiorno 5, M. Brilado 3, Acu\u00f1a 2, Almir\u00f3n 2, Ayesa 2, Cend\u00e1n 2,\u00a0 Trevis\u00e1n, Milesi, Arce, J. P. Fern\u00e1ndez, Silva. DT: G. Retegui<\/p>\n<p>&nbsp;<\/p>\n<p><strong>U13:<\/strong><\/p>\n<p>CIUDAD DE SALADILLO (41) 45:\u00a0Garraham 12, Silvero 10, V. Contreras 7, M. Arlego 6,\u00a0 M. Segura 4, Rial 2, T. D Elia 2, V. Medrano 2, Pucciarelli, Samperio, Mussi Manzor,\u00a0 Quiroga. DT: G. Molina<\/p>\n<p>QUILMES (M) (41) 46:\u00a0Belzunces 21, Bourdieu 9, T. Boragno 4, Bernardo 4, T. Bongiorno 2, Fanucchi 2, Quinteros 2, J. Cabanas 2, Cend\u00e1n, Wimber, Fabro. DT: G. Retegui<\/p>\n<p>&nbsp;<\/p>\n<p><strong>U15:<\/strong><\/p>\n<p>CIUDAD DE SALADILLO 73:\u00a0Gabrieloni 12, B. Idoeta 12, Fuillerat 12, I. Segura 10, Alba 7, Grassi 6, Mengoni 4, Samperio 4, Lucentini 2, Dolcce 2, \u00a0V. Contreras 2, Hansen. DT: O. De Biase<\/p>\n<p>QUILMES (M) 38:\u00a0Tassara 10, Cabana 6, Carcagno 6, F. Contardi 4, Aveiro 3, Graziadei 2, Valdez 2, B. Brilado 2, Beyer 2, Festugatto 1, Lencioni, Bellangher. DT: G. Retegui<\/p>\n<p>&nbsp;<\/p>\n<p><strong>U17:<\/strong><\/p>\n<p>CIUDAD DE SALADILLO 64:\u00a0F. Idoeta 14, Fosco 11, \u00a0M. Arlego 9, Labiunda 8, Savone 6, F. Medrano 5, S. Mazza 5, Gabrieloni 4, \u00a0F. Segura 2, Larregina, I. Segura. DT: O. De Biase<\/p>\n<p>QUILMES (M) 31:\u00a0T. Vallejos 15, Zunino Sampablo 7, Cosentino 4, Sanchez 3, G. Alvarez 2, Taramasco, Bal, Lam\u00f3nica, Loch, \u00a0A. Boragno, Carcagno, B. Brilado. DT: J. L.\u00a0 Giallorenzo<\/p>\n<p>&nbsp;<\/p>\n<p>JUECES: Lequerica \u00a0\u2013 \u00a0J.M. Tenaglia<\/p>\n<p>&nbsp;<\/p>\n<p>PR\u00d3XIMA FECHA: 6\u00ba: Quilmes libre.<\/p>\n<p>&nbsp;<\/p>\n<p><strong>U 19<\/strong><\/p>\n<p>Se disput\u00f3 la 4\u00ba Fecha del campeonato de U 19 de la ABCH. Se jug\u00f3 el Martes pasado en cancha de Argentino (Ch) con gran victoria de Quilmes, acomod\u00e1ndose en el tercer puesto\u00a0 en las posiciones y con gran esperanza de ganarle a Racing (Ch) el pr\u00f3ximo Martes de local para escalar posiciones y prepararse para el paly \u2013 off.<\/p>\n<p>&nbsp;<\/p>\n<p>Argentino (Ch) \u00a066 \u00a0&#8211; Quilmes (M) 74<\/p>\n<p>Moner, A. Vallejos, G. Alvarez , Perdomo , T. Vallejos, Cosentino , Lam\u00f3nica ,\u00a0 Mustoni , N. Gonz\u00e1lez, Zunino Sampablo, G. Sanchez, Bal. DT: J. L.\u00a0 Giallorenzo<\/p>\n<p>&nbsp;<\/p>\n<p>PROXIMA FECHA: \u00a05\u00ba:\u00a0\u00a0 El Martes 9 de Mayo Quilmes recibe a Racing (CH)<\/p>\n<p>&nbsp;<\/p>\n<p><strong>U 15 : SELECCI\u00d3N<\/strong><\/p>\n<p>&nbsp;<\/p>\n<p>Contin\u00faa la preparaci\u00f3n de la selecci\u00f3n U 15 de la ABCH que va a disputar la eliminatoria a partir del 14 de Mayo ante el siempre dif\u00edcil Jun\u00edn, rumbo al campeonato provincial de la categor\u00eda.<\/p>\n<p>En la misma ha quedado entre los 12 jugadores definitivos el jugador quilme\u00f1o Bautista Brilado. El domingo, el mismo particip\u00f3 de uno de los \u00faltimos entrenamientos en el Club Racing (Ch) con vistas a dicho compromiso.<\/p>\n<p>&nbsp;<\/p>\n","protected":false},"excerpt":{"rendered":"<p>Quilmes logr\u00f3 una resonante victoria en la categor\u00eda U13 en Saladillo. En un partido que lo tuvo 11 puntos por &#8230; <a title=\"Tras una d\u00e9cada, Quilmes volvi\u00f3 a ganar en Saladillo\" class=\"read-more\" href=\"https:\/\/www.hoymercedes.com.ar\/principal\/2017\/05\/10\/tras-una-decada-quilmes-volvio-a-ganar-en-saladillo\/\" aria-label=\"Leer m\u00e1s sobre Tras una d\u00e9cada, Quilmes volvi\u00f3 a ganar en Saladillo\">Leer m\u00e1s<\/a><\/p>\n","protected":false},"author":1,"featured_media":62495,"comment_status":"closed","ping_status":"open","sticky":false,"template":"","format":"standard","meta":{"_monsterinsights_skip_tracking":false,"_monsterinsights_sitenote_active":false,"_monsterinsights_sitenote_note":"","_monsterinsights_sitenote_category":0,"jetpack_post_was_ever_published":false,"_jetpack_newsletter_access":"","_jetpack_dont_email_post_to_subs":false,"_jetpack_newsletter_tier_id":0,"_jetpack_memberships_contains_paywalled_content":false,"_jetpack_memberships_contains_paid_content":false,"footnotes":"","jetpack_publicize_message":"","jetpack_publicize_feature_enabled":true,"jetpack_social_post_already_shared":true,"jetpack_social_options":{"image_generator_settings":{"template":"highway","default_image_id":0,"font":"","enabled":false},"version":2},"_wpas_customize_per_network":false},"categories":[21],"tags":[1058,204,10,1413,11057],"class_list":["post-62494","post","type-post","status-publish","format-standard","has-post-thumbnail","hentry","category-deportes","tag-basquet","tag-deportes-2","tag-mercedes","tag-quilmes","tag-saladillo","generate-columns","tablet-grid-50","mobile-grid-100","grid-parent","grid-50"],"jetpack_publicize_connections":[],"jetpack_featured_media_url":"https:\/\/www.hoymercedes.com.ar\/principal\/wp-content\/uploads\/2017\/05\/WhatsApp-Image-2017-05-06-at-23.00.22.jpeg","wps_subtitle":"Basquet","jetpack_sharing_enabled":true,"_links":{"self":[{"href":"https:\/\/www.hoymercedes.com.ar\/principal\/wp-json\/wp\/v2\/posts\/62494","targetHints":{"allow":["GET"]}}],"collection":[{"href":"https:\/\/www.hoymercedes.com.ar\/principal\/wp-json\/wp\/v2\/posts"}],"about":[{"href":"https:\/\/www.hoymercedes.com.ar\/principal\/wp-json\/wp\/v2\/types\/post"}],"author":[{"embeddable":true,"href":"https:\/\/www.hoymercedes.com.ar\/principal\/wp-json\/wp\/v2\/users\/1"}],"replies":[{"embeddable":true,"href":"https:\/\/www.hoymercedes.com.ar\/principal\/wp-json\/wp\/v2\/comments?post=62494"}],"version-history":[{"count":0,"href":"https:\/\/www.hoymercedes.com.ar\/principal\/wp-json\/wp\/v2\/posts\/62494\/revisions"}],"wp:featuredmedia":[{"embeddable":true,"href":"https:\/\/www.hoymercedes.com.ar\/principal\/wp-json\/wp\/v2\/media\/62495"}],"wp:attachment":[{"href":"https:\/\/www.hoymercedes.com.ar\/principal\/wp-json\/wp\/v2\/media?parent=62494"}],"wp:term":[{"taxonomy":"category","embeddable":true,"href":"https:\/\/www.hoymercedes.com.ar\/principal\/wp-json\/wp\/v2\/categories?post=62494"},{"taxonomy":"post_tag","embeddable":true,"href":"https:\/\/www.hoymercedes.com.ar\/principal\/wp-json\/wp\/v2\/tags?post=62494"}],"curies":[{"name":"wp","href":"https:\/\/api.w.org\/{rel}","templated":true}]}}