{"id":62517,"date":"2017-05-08T15:33:12","date_gmt":"2017-05-08T18:33:12","guid":{"rendered":"http:\/\/www.hoymercedes.com.ar\/principal\/?p=62517"},"modified":"2017-05-08T14:42:31","modified_gmt":"2017-05-08T17:42:31","slug":"renuevan-canos-de-agua-potable-en-el-tres-avenidas","status":"publish","type":"post","link":"https:\/\/www.hoymercedes.com.ar\/principal\/2017\/05\/08\/renuevan-canos-de-agua-potable-en-el-tres-avenidas\/","title":{"rendered":"Renuevan ca\u00f1os de agua potable en el Tres Avenidas"},"content":{"rendered":"<p><em><strong>La Municipalidad de Mercedes inici\u00f3 una nueva obra de renovaci\u00f3n de la red de agua potable en nuestra ciudad. Lo est\u00e1 haciendo en una \u201czona cr\u00edtica\u201d tal como coment\u00f3 el intendente Juan Ustarroz. Se trata de la calle 6, de 29 a 17 ,y tiene como objetivo subsanar p\u00e9rdidas, problemas de presi\u00f3n y dar la correspondiente salubridad en la prestaci\u00f3n del servicio.<\/strong><\/em><\/p>\n<p><img loading=\"lazy\" decoding=\"async\" data-attachment-id=\"62518\" data-permalink=\"https:\/\/www.hoymercedes.com.ar\/principal\/2017\/05\/08\/renuevan-canos-de-agua-potable-en-el-tres-avenidas\/08-obra3avenidas-2\/#main\" data-orig-file=\"https:\/\/www.hoymercedes.com.ar\/principal\/wp-content\/uploads\/2017\/05\/08-Obra3avenidas-2.jpg\" data-orig-size=\"630,420\" data-comments-opened=\"0\" data-image-meta=\"{&quot;aperture&quot;:&quot;4&quot;,&quot;credit&quot;:&quot;??????????????????&quot;,&quot;camera&quot;:&quot;&quot;,&quot;caption&quot;:&quot;&quot;,&quot;created_timestamp&quot;:&quot;0&quot;,&quot;copyright&quot;:&quot;SebastianAmbrossio&quot;,&quot;focal_length&quot;:&quot;62&quot;,&quot;iso&quot;:&quot;0&quot;,&quot;shutter_speed&quot;:&quot;0.002&quot;,&quot;title&quot;:&quot;&quot;,&quot;orientation&quot;:&quot;1&quot;}\" data-image-title=\"08 Obra3avenidas (2)\" data-image-description=\"\" data-image-caption=\"\" data-large-file=\"https:\/\/www.hoymercedes.com.ar\/principal\/wp-content\/uploads\/2017\/05\/08-Obra3avenidas-2.jpg\" class=\"aligncenter size-medium wp-image-62518\" src=\"https:\/\/www.hoymercedes.com.ar\/principal\/wp-content\/uploads\/2017\/05\/08-Obra3avenidas-2-630x420.jpg\" alt=\"\" width=\"630\" height=\"420\" srcset=\"https:\/\/www.hoymercedes.com.ar\/principal\/wp-content\/uploads\/2017\/05\/08-Obra3avenidas-2.jpg 630w, https:\/\/www.hoymercedes.com.ar\/principal\/wp-content\/uploads\/2017\/05\/08-Obra3avenidas-2-150x100.jpg 150w, https:\/\/www.hoymercedes.com.ar\/principal\/wp-content\/uploads\/2017\/05\/08-Obra3avenidas-2-300x200.jpg 300w\" sizes=\"auto, (max-width: 630px) 100vw, 630px\" \/><\/p>\n<p>Durante el mediod\u00eda del viernes el intendente municipal, Juan Ignacio Ustarroz, recorri\u00f3 la nueva y valiosa obra. Dialog\u00f3 con los vecinos junto al diputado nacional Eduardo de Pedro, el diputado provincial Santiago R\u00e9vora y el Secretario de Gobierno, Juan Pablo L\u00f3pez Baggio.<\/p>\n<p>\u201cEs una obra que necesitaban todos los vecinos. Que nos la reclamaban y entend\u00edamos deb\u00edamos realizar. Es un cambio importante de ca\u00f1os para la red de agua potable, para dar mayor presi\u00f3n, calidad y distribuci\u00f3n\u201d coment\u00f3 Juan Ignacio Ustarroz.<\/p>\n<p>\u201cEs una obra de recambio de unos dos mil metros en el barrio 3 avenidas\u201d coment\u00f3 el intendente. \u201cHab\u00edamos observado con los t\u00e9cnicos de la Secretar\u00eda de Obras, junto al licenciado Navarrete y los responsables de aguas sanitarias que requer\u00eda un recambio total\u201d, destac\u00f3 Ustarroz<\/p>\n<p>La modificaci\u00f3n estructural de la red se realiza v\u00eda gesti\u00f3n de Obras P\u00fablicas por medio de la DIPAC donde desde hace mucho tiempo se viene trabajando y analizando toda nuestra red, algo que tambi\u00e9n se supo hace un par de meses cuando se anunci\u00f3 el estudio en profundidad de toda nuestra red para poder seguir trabajando en la planificaci\u00f3n de la ciudad, su crecimiento, su zonificaci\u00f3n y futuro.<\/p>\n<p><img loading=\"lazy\" decoding=\"async\" data-attachment-id=\"62519\" data-permalink=\"https:\/\/www.hoymercedes.com.ar\/principal\/2017\/05\/08\/renuevan-canos-de-agua-potable-en-el-tres-avenidas\/08-obra3avenidas-3\/#main\" data-orig-file=\"https:\/\/www.hoymercedes.com.ar\/principal\/wp-content\/uploads\/2017\/05\/08-Obra3avenidas-3.jpg\" data-orig-size=\"630,420\" data-comments-opened=\"0\" data-image-meta=\"{&quot;aperture&quot;:&quot;4&quot;,&quot;credit&quot;:&quot;??????????????????&quot;,&quot;camera&quot;:&quot;&quot;,&quot;caption&quot;:&quot;&quot;,&quot;created_timestamp&quot;:&quot;0&quot;,&quot;copyright&quot;:&quot;SebastianAmbrossio&quot;,&quot;focal_length&quot;:&quot;38&quot;,&quot;iso&quot;:&quot;0&quot;,&quot;shutter_speed&quot;:&quot;0.001&quot;,&quot;title&quot;:&quot;&quot;,&quot;orientation&quot;:&quot;1&quot;}\" data-image-title=\"08 Obra3avenidas (3)\" data-image-description=\"\" data-image-caption=\"\" data-large-file=\"https:\/\/www.hoymercedes.com.ar\/principal\/wp-content\/uploads\/2017\/05\/08-Obra3avenidas-3.jpg\" class=\"aligncenter size-medium wp-image-62519\" src=\"https:\/\/www.hoymercedes.com.ar\/principal\/wp-content\/uploads\/2017\/05\/08-Obra3avenidas-3-630x420.jpg\" alt=\"\" width=\"630\" height=\"420\" srcset=\"https:\/\/www.hoymercedes.com.ar\/principal\/wp-content\/uploads\/2017\/05\/08-Obra3avenidas-3.jpg 630w, https:\/\/www.hoymercedes.com.ar\/principal\/wp-content\/uploads\/2017\/05\/08-Obra3avenidas-3-150x100.jpg 150w, https:\/\/www.hoymercedes.com.ar\/principal\/wp-content\/uploads\/2017\/05\/08-Obra3avenidas-3-300x200.jpg 300w\" sizes=\"auto, (max-width: 630px) 100vw, 630px\" \/><\/p>\n<p>Alberto Navarrete coment\u00f3 que se trata de un cambio de \u201cca\u00f1er\u00eda vieja, obsoleta, por nueva, con nuevas tecnolog\u00edas en su calidad y que afectar\u00e1 positivamente a todo el barrio 3 avenidas de 6 a avenida 2 y de avenida 29 a 17 siendo muchas las familias que tendr\u00e1n pronto mejores condiciones en el servicio\u201d<\/p>\n<p>De esta manera, la Municipalidad de Mercedes, contin\u00faa aportando al beneficio de los mercedinos con obras concretas, como la que se inici\u00f3 la semana pasada en la avenida 47 y 26 que dar\u00e1 una nueva realidad en la distribuci\u00f3n, calidad y presi\u00f3n de agua para todo Unidad y Progreso y Marchetti donde tambi\u00e9n se concreta una renovaci\u00f3n de ca\u00f1os.<\/p>\n<p>Uno de los grandes problemas de Mercedes es que la ca\u00f1er\u00eda es casi centenaria y que requiere este tipo e intervenciones a fondo y ahora se est\u00e1n efectuando, sostuvieron desde la Comuna.<\/p>\n<p>&nbsp;<\/p>\n<p>Fuente: Prensa Municipal<\/p>\n","protected":false},"excerpt":{"rendered":"<p>La Municipalidad de Mercedes inici\u00f3 una nueva obra de renovaci\u00f3n de la red de agua potable en nuestra ciudad. Lo &#8230; <a title=\"Renuevan ca\u00f1os de agua potable en el Tres Avenidas\" class=\"read-more\" href=\"https:\/\/www.hoymercedes.com.ar\/principal\/2017\/05\/08\/renuevan-canos-de-agua-potable-en-el-tres-avenidas\/\" aria-label=\"Leer m\u00e1s sobre Renuevan ca\u00f1os de agua potable en el Tres Avenidas\">Leer m\u00e1s<\/a><\/p>\n","protected":false},"author":1,"featured_media":62518,"comment_status":"closed","ping_status":"open","sticky":false,"template":"","format":"standard","meta":{"_monsterinsights_skip_tracking":false,"_monsterinsights_sitenote_active":false,"_monsterinsights_sitenote_note":"","_monsterinsights_sitenote_category":0,"jetpack_post_was_ever_published":false,"_jetpack_newsletter_access":"","_jetpack_dont_email_post_to_subs":false,"_jetpack_newsletter_tier_id":0,"_jetpack_memberships_contains_paywalled_content":false,"_jetpack_memberships_contains_paid_content":false,"footnotes":"","jetpack_publicize_message":"","jetpack_publicize_feature_enabled":true,"jetpack_social_post_already_shared":true,"jetpack_social_options":{"image_generator_settings":{"template":"highway","default_image_id":0,"font":"","enabled":false},"version":2},"_wpas_customize_per_network":false},"categories":[30],"tags":[11067,8599,244,5947,11068,8628],"class_list":["post-62517","post","type-post","status-publish","format-standard","has-post-thumbnail","hentry","category-municipio","tag-barrio-tres-avenidas","tag-juan-ignacio-ustarroz","tag-municipio-2","tag-obras-publicas","tag-red-de-agua-potable","tag-servicios-publicos","generate-columns","tablet-grid-50","mobile-grid-100","grid-parent","grid-50"],"jetpack_publicize_connections":[],"jetpack_featured_media_url":"https:\/\/www.hoymercedes.com.ar\/principal\/wp-content\/uploads\/2017\/05\/08-Obra3avenidas-2.jpg","wps_subtitle":"Servicios P\u00fablicos","jetpack_sharing_enabled":true,"_links":{"self":[{"href":"https:\/\/www.hoymercedes.com.ar\/principal\/wp-json\/wp\/v2\/posts\/62517","targetHints":{"allow":["GET"]}}],"collection":[{"href":"https:\/\/www.hoymercedes.com.ar\/principal\/wp-json\/wp\/v2\/posts"}],"about":[{"href":"https:\/\/www.hoymercedes.com.ar\/principal\/wp-json\/wp\/v2\/types\/post"}],"author":[{"embeddable":true,"href":"https:\/\/www.hoymercedes.com.ar\/principal\/wp-json\/wp\/v2\/users\/1"}],"replies":[{"embeddable":true,"href":"https:\/\/www.hoymercedes.com.ar\/principal\/wp-json\/wp\/v2\/comments?post=62517"}],"version-history":[{"count":0,"href":"https:\/\/www.hoymercedes.com.ar\/principal\/wp-json\/wp\/v2\/posts\/62517\/revisions"}],"wp:featuredmedia":[{"embeddable":true,"href":"https:\/\/www.hoymercedes.com.ar\/principal\/wp-json\/wp\/v2\/media\/62518"}],"wp:attachment":[{"href":"https:\/\/www.hoymercedes.com.ar\/principal\/wp-json\/wp\/v2\/media?parent=62517"}],"wp:term":[{"taxonomy":"category","embeddable":true,"href":"https:\/\/www.hoymercedes.com.ar\/principal\/wp-json\/wp\/v2\/categories?post=62517"},{"taxonomy":"post_tag","embeddable":true,"href":"https:\/\/www.hoymercedes.com.ar\/principal\/wp-json\/wp\/v2\/tags?post=62517"}],"curies":[{"name":"wp","href":"https:\/\/api.w.org\/{rel}","templated":true}]}}